{"id":58060,"date":"2024-05-29T09:17:33","date_gmt":"2024-05-29T07:17:33","guid":{"rendered":"https:\/\/www.studiogatto.es\/technologie-et-design-au-salon-du-meuble-de-milan-2024\/"},"modified":"2024-05-29T09:17:34","modified_gmt":"2024-05-29T07:17:34","slug":"technologie-et-design-au-salon-du-meuble-de-milan-2024","status":"publish","type":"post","link":"https:\/\/www.studiogatto.es\/fr\/technologie-et-design-au-salon-du-meuble-de-milan-2024\/","title":{"rendered":"Technologie et design au salon du meuble de Milan 2024"},"content":{"rendered":"<p>[et_pb_section fb_built=\u00a0\u00bb1&Prime; _builder_version=\u00a0\u00bb4.23.1&Prime; _module_preset=\u00a0\u00bbdefault\u00a0\u00bb custom_margin=\u00a0\u00bb0px||0px||false|false\u00a0\u00bb custom_padding=\u00a0\u00bb0px||||false|false\u00a0\u00bb da_disable_devices=\u00a0\u00bboff|off|off\u00a0\u00bb global_colors_info=\u00a0\u00bb{}\u00a0\u00bb da_is_popup=\u00a0\u00bboff\u00a0\u00bb da_exit_intent=\u00a0\u00bboff\u00a0\u00bb da_has_close=\u00a0\u00bbon\u00a0\u00bb da_alt_close=\u00a0\u00bboff\u00a0\u00bb da_dark_close=\u00a0\u00bboff\u00a0\u00bb da_not_modal=\u00a0\u00bbon\u00a0\u00bb da_is_singular=\u00a0\u00bboff\u00a0\u00bb da_with_loader=\u00a0\u00bboff\u00a0\u00bb da_has_shadow=\u00a0\u00bbon\u00a0\u00bb][et_pb_row _builder_version=\u00a0\u00bb4.21.0&Prime; _module_preset=\u00a0\u00bbdefault\u00a0\u00bb custom_padding=\u00a0\u00bb|4px||||\u00a0\u00bb global_colors_info=\u00a0\u00bb{}\u00a0\u00bb][et_pb_column type=\u00a0\u00bb4_4&Prime; _builder_version=\u00a0\u00bb4.21.0&Prime; _module_preset=\u00a0\u00bbdefault\u00a0\u00bb global_colors_info=\u00a0\u00bb{}\u00a0\u00bb][et_pb_image src=\u00a0\u00bbhttps:\/\/www.studiogatto.es\/wp-content\/uploads\/cover_Elica_Ph.DR-salonemilano_0.jpg.webp\u00a0\u00bb title_text=\u00a0\u00bbcouverture_Elica_Ph.DR-salonemilano_0.jpg\u00a0\u00bb _builder_version=\u00a0\u00bb4.25.1&Prime; _module_preset=\u00a0\u00bbdefault\u00a0\u00bb global_colors_info=\u00a0\u00bb{}\u00a0\u00bb][\/et_pb_image][et_pb_text _builder_version=\u00a0\u00bb4.25.1&Prime; _module_preset=\u00a0\u00bbdefault\u00a0\u00bb global_colors_info=\u00a0\u00bb{}\u00a0\u00bb]<strong>Lorsqu&rsquo;il rencontre la technologie, le design cr\u00e9e des syst\u00e8mes et des produits uniques capables d&rsquo;am\u00e9liorer et de simplifier la vie quotidienne. La 62e \u00e9dition du <a href=\"https:\/\/www.salonemilano.it\/it\" target=\"_blank\" rel=\"noopener\">Salone del Mobile.Milano<\/a>, comme une photographie, pr\u00e9sente une synth\u00e8se de l&rsquo;\u00e9tat de l&rsquo;art de la collaboration entre la technologie et le design qui comprend des objets intelligents, l&rsquo;intelligence artificielle et des syst\u00e8mes innovants.  <\/strong><\/p>\n<p><strong><\/strong><\/p>\n<p><iframe loading=\"lazy\" width=\"560\" height=\"315\" src=\"https:\/\/www.youtube.com\/embed\/l2bT8HRU3EQ?si=yIukscP0Czq8k97d\" title=\"Lecteur vid\u00e9o YouTube\" frameborder=\"0\" allow=\"accelerometer; autoplay; clipboard-write; encrypted-media; gyroscope; picture-in-picture; web-share\" referrerpolicy=\"strict-origin-when-cross-origin\" allowfullscreen=\"\"><\/iframe><br \/>\nIl connecte, simplifie, collecte et \u00e9change des donn\u00e9es, et les g\u00e8re pour nous et avec nous. C&rsquo;est cette technologie qui sera pr\u00e9sent\u00e9e cette ann\u00e9e au Salone del Mobile.Milano 2024 \u00e0 EuroCucina \/ FTK, Technology For the Kitchen. Dans la cuisine, la technologie rencontre le design pour cr\u00e9er une innovation pure capable de simplifier, d&rsquo;am\u00e9liorer et d&rsquo;innover non seulement la pr\u00e9paration des aliments, mais aussi la pi\u00e8ce elle-m\u00eame, qui peut \u00eatre v\u00e9cue comme un lieu de plaisir plut\u00f4t que comme un espace de service. L&rsquo;int\u00e9gration de la technologie marque un tournant et le design joue un r\u00f4le de m\u00e9diateur. Car, apr\u00e8s tout, c&rsquo;est ce que font les designers depuis pr\u00e8s de 200 ans, depuis la premi\u00e8re r\u00e9volution industrielle. Ils cherchent et cherchent \u00e0 comprendre la technologie, \u00e0 l&rsquo;apprivoiser et \u00e0 la transformer en innovation, \u00e0 la restituer au monde sous des formes pratiques et passionnantes. Dans la cuisine et, surtout, dans les appareils m\u00e9nagers, le design tire le meilleur de lui-m\u00eame en concevant la technologie. Il le fait en ajoutant des fonctionnalit\u00e9s l\u00e0 o\u00f9 il n&rsquo;y en avait pas.<\/p>\n<p>Les innovations pr\u00e9sent\u00e9es lors de cette 62e \u00e9dition du Salone del Mobile.Milano suivent deux directions principales. Le th\u00e8me de l&rsquo;IA est au c\u0153ur des produits et des stands de l&rsquo;\u00e9v\u00e9nement, associ\u00e9 aux connexions de plus en plus intelligentes entre les appareils, ainsi qu&rsquo;au th\u00e8me de la technologie utilis\u00e9e pour simplifier et am\u00e9liorer le travail et nos vies.<\/p>\n<h2>Intelligence artificielle et objets intelligents<\/h2>\n<p>Dans un pass\u00e9 r\u00e9cent, les objets \u00e9taient seulement connect\u00e9s ; aujourd&rsquo;hui, ils deviennent \u00e9galement plus intelligents. Nous ne sommes qu&rsquo;au d\u00e9but de ce que nous pourrons d\u00e9couvrir dans les ann\u00e9es \u00e0 venir, lorsque le d\u00e9veloppement de l&rsquo;intelligence artificielle atteindra des sommets tels qu&rsquo;il modifiera substantiellement nos habitudes. Aujourd&rsquo;hui, nous sommes dans une phase d&rsquo;apprentissage ; les entreprises utilisent des algorithmes d&rsquo;apprentissage automatique pour collecter des donn\u00e9es sur les habitudes des personnes qui utilisent des syst\u00e8mes dans lesquels l&rsquo;intelligence artificielle est pr\u00e9sente.<\/p>\n<p>Sur son grand stand <a href=\"https:\/\/www.salonemilano.it\/en\/exhibitions\/salone-internazionale-del-mobile\">EuroCucina \/ FTK<\/a>, Technology For the Kitchen, Samsung pr\u00e9sente tout un \u00e9cosyst\u00e8me d&rsquo;appareils intelligents et connect\u00e9s d&rsquo;aujourd&rsquo;hui gr\u00e2ce \u00e0 sa plateforme s\u00e9curis\u00e9e Knox. Sur cette base, elle a cr\u00e9\u00e9 le syst\u00e8me Bespoke AI, une s\u00e9rie d&rsquo;appareils \u00e9lectrom\u00e9nagers (fours, lave-linge, r\u00e9frig\u00e9rateurs et lave-vaisselle) capables de comprendre nos habitudes et de nous aider dans la cuisine et autour de la maison. Cette s\u00e9rie comprend le nouveau Bespoke Dual Cook steam series 7, un four \u00e9quip\u00e9 d&rsquo;une cam\u00e9ra et d&rsquo;un algorithme d&rsquo;intelligence artificielle capable de reconna\u00eetre les plats saisis et de recommander des temps et des m\u00e9thodes de cuisson. En outre, le four est \u00e9quip\u00e9 de capteurs internes connect\u00e9s \u00e0 Internet. Il peut envoyer des notifications \u00e0 l&rsquo;utilisateur en cas de probl\u00e8mes ou de changements dans la pr\u00e9paration des plats. Le r\u00e9frig\u00e9rateur Family Hub Plus est tout aussi intelligent, capable de comprendre les habitudes d&rsquo;ouverture et de fermeture de ses utilisateurs et de mettre en place des programmes d&rsquo;\u00e9conomie d&rsquo;\u00e9nergie. \u00c9quip\u00e9 d&rsquo;une cam\u00e9ra, il enregistre les aliments entrants et sortants, signale les dates de p\u00e9remption et les recettes pour la consommation des aliments. Le plan de travail Anyplace AI appartient \u00e0 la m\u00eame gamme, avec une surface sans joint qui peut continuer \u00e0 cuire des plats quel que soit l&rsquo;endroit o\u00f9 l&rsquo;on pose une casserole. Il est \u00e9galement \u00e9quip\u00e9 d&rsquo;une tablette \u00e9cran, ce qui vous permet de contr\u00f4ler la cuisson du four, de regarder une s\u00e9rie t\u00e9l\u00e9vis\u00e9e, de lire des recettes et d&rsquo;\u00e9couter de la musique gr\u00e2ce \u00e0 ses haut-parleurs.<\/p>\n<p>Tubes Radiatori parle \u00e9galement par l&rsquo;interm\u00e9diaire de l&rsquo;IA. Sur son stand, con\u00e7u par le studio Palomba-Serafini, elle a install\u00e9 une \u0153uvre vid\u00e9o cr\u00e9\u00e9e par Alessandro Gomiero, qui a utilis\u00e9 des algorithmes d&rsquo;IA pour la cr\u00e9er. L&rsquo;\u0153uvre fusionne la technologie et le design de l&rsquo;univers des radiateurs Tubes, en jouant avec les formes et la cr\u00e9ativit\u00e9.<\/p>\n<h2>Une technologie qui simplifie<\/h2>\n<p>Le d\u00e9veloppement technologique est l\u00e0 pour une raison, clairement pour simplifier notre travail et nos vies. Voici comment les entreprises et les concepteurs l&rsquo;exploitent \u00e0 cette fin.<\/p>\n<p>Pour l&rsquo;EuroCucina\/FTK de cette ann\u00e9e, Miele pr\u00e9sente le meilleur de sa gamme dans un espace de 900 m2 et pr\u00e9sente un certain nombre de nouveaux produits. L&rsquo;un d&rsquo;entre eux est Laundry Aerium, un dressing innovant qui assainit et \u00e9limine les odeurs des v\u00eatements.<\/p>\n<p>Whirlpool utilise des capteurs et ins\u00e8re la Food Sensing Probe dans son nouveau four WCollection. Il s&rsquo;agit d&rsquo;une sonde capable de contr\u00f4ler la cuisson des aliments, des m\u00e9langes et des bases liquides comme les g\u00e2teaux ou les lasagnes, et des aliments solides comme la viande, le poisson et bien d&rsquo;autres choses encore.<\/p>\n<p>LG Electronics tire parti de la personnalisation par le biais de la technologie et pr\u00e9sente cette ann\u00e9e LG InstaView avec MoodUP, un r\u00e9frig\u00e9rateur qui peut changer de couleur. La porte du r\u00e9frig\u00e9rateur est dot\u00e9e d&rsquo;un grand \u00e9cran qui peut changer de couleur via l&rsquo;appli LG ThinQ. Et comme si cela ne suffisait pas, le r\u00e9frig\u00e9rateur peut changer d&rsquo;ambiance au rythme de la musique diffus\u00e9e par ses haut-parleurs int\u00e9gr\u00e9s. Il suffit de frapper \u00e0 la porte, sans ouvrir le r\u00e9frig\u00e9rateur, et la technologie InstaView utilise une cam\u00e9ra int\u00e9gr\u00e9e pour vous montrer ce qu&rsquo;il y a \u00e0 l&rsquo;int\u00e9rieur. Plus de gaspillage d&rsquo;\u00e9nergie.<\/p>\n<p>Haier pr\u00e9sente ses fours avec la technologie Bionicook, \u00e9quip\u00e9s d&rsquo;une cam\u00e9ra qui reconna\u00eet les aliments, conseille des recettes et permet de contr\u00f4ler la cuisson \u00e0 distance avec l&rsquo;appli hOn.<\/p>\n<p>Bora pousse \u00e0 l&rsquo;extr\u00eame ses plans de travail avec syst\u00e8me d&rsquo;aspiration int\u00e9gr\u00e9 avec M Pure, une table de cuisson \u00e9quip\u00e9e d&rsquo;une fonction \u00ab\u00a0pont\u00a0\u00bb qui permet d&rsquo;\u00e9tendre la surface de cuisson pour les grandes casseroles et po\u00eales.<\/p>\n<p>Elica se concentre sur la miniaturisation de la technologie pour pr\u00e9senter Lhov, un appareil contenant une plaque de cuisson, un four et une hotte aspirante. Une combinaison unique sur le march\u00e9 qui clarifie le nouveau positionnement de l&rsquo;entreprise.<\/p>\n<p>Le dernier produit de Caimi Brevetti, le panneau Oversized lux \u00e9quip\u00e9 d&rsquo;une technologie de purification de l&rsquo;air, est une technologie au service du bien-\u00eatre. Conform\u00e9ment \u00e0 la tradition de l&rsquo;entreprise, un panneau insonorisant est \u00e9quip\u00e9 d&rsquo;une source lumineuse LED, qui permet \u00e0 la chaleur dissip\u00e9e de cr\u00e9er un flux d&rsquo;air ascendant traversant un filtre ionique en argent anodis\u00e9. La technologie int\u00e9gr\u00e9e au service du bien-\u00eatre des personnes.<\/p>\n<p>Nobili Rubinetterie n&rsquo;ajoute pas seulement la technologie num\u00e9rique \u00e0 son nouveau robinet Sorgente. Un mixeur de cuisine en quatre variantes : Filtra, Bolle, Frizza et Frizza &amp; Bolle. La premi\u00e8re version de Sorgente filtre l&rsquo;eau, la seconde la chauffe automatiquement \u00e0 90\u00b0, ce qui permet d&rsquo;\u00e9conomiser du temps et de l&rsquo;\u00e9nergie. Comme si cela ne suffisait pas, Frizza vous permet d&rsquo;obtenir de l&rsquo;eau gazeuse directement \u00e0 partir du mixeur, et gr\u00e2ce \u00e0 l&rsquo;application int\u00e9gr\u00e9e, vous pouvez choisir le niveau de carbonatation souhait\u00e9 et garder les composants sous contr\u00f4le.[\/et_pb_text][\/et_pb_column][\/et_pb_row][\/et_pb_section]<\/p>\n","protected":false},"excerpt":{"rendered":"<p>La 62e \u00e9dition du Salone del Mobile.Milano pr\u00e9sente une synth\u00e8se de pointe de la collaboration entre la technologie et le design, qui comprend des objets intelligents, l&rsquo;intelligence artificielle et des syst\u00e8mes innovants.  <\/p>\n","protected":false},"author":2,"featured_media":57777,"comment_status":"closed","ping_status":"closed","sticky":false,"template":"","format":"standard","meta":{"_et_pb_use_builder":"on","_et_pb_old_content":"","_et_gb_content_width":"","footnotes":""},"categories":[84,85],"tags":[],"class_list":["post-58060","post","type-post","status-publish","format-standard","has-post-thumbnail","hentry","category-actualites","category-conception"],"yoast_head":"<!-- This site is optimized with the Yoast SEO plugin v27.5 - https:\/\/yoast.com\/product\/yoast-seo-wordpress\/ -->\n<title>Technologie et design au salon du meuble de Milan 2024<\/title>\n<meta name=\"description\" content=\"Une synth\u00e8se de l&#039;\u00e9tat de l&#039;art de la technologie et de la collaboration en mati\u00e8re de conception impliquant des objets intelligents, l&#039;intelligence artificielle et des syst\u00e8mes innovants.\" \/>\n<meta name=\"robots\" content=\"index, follow, max-snippet:-1, max-image-preview:large, max-video-preview:-1\" \/>\n<link rel=\"canonical\" href=\"https:\/\/www.studiogatto.es\/fr\/technologie-et-design-au-salon-du-meuble-de-milan-2024\/\" \/>\n<meta property=\"og:locale\" content=\"fr_FR\" \/>\n<meta property=\"og:type\" content=\"article\" \/>\n<meta property=\"og:title\" content=\"Technologie et design au salon du meuble de Milan 2024\" \/>\n<meta property=\"og:description\" content=\"Une synth\u00e8se de l&#039;\u00e9tat de l&#039;art de la technologie et de la collaboration en mati\u00e8re de conception impliquant des objets intelligents, l&#039;intelligence artificielle et des syst\u00e8mes innovants.\" \/>\n<meta property=\"og:url\" content=\"https:\/\/www.studiogatto.es\/fr\/technologie-et-design-au-salon-du-meuble-de-milan-2024\/\" \/>\n<meta property=\"og:site_name\" content=\"Studio Gatto - Reformas, Cocinas, Ba\u00f1os\" \/>\n<meta property=\"article:publisher\" content=\"https:\/\/www.facebook.com\/studiogattocucine\" \/>\n<meta property=\"article:published_time\" content=\"2024-05-29T07:17:33+00:00\" \/>\n<meta property=\"article:modified_time\" content=\"2024-05-29T07:17:34+00:00\" \/>\n<meta property=\"og:image\" content=\"https:\/\/www.studiogatto.es\/wp-content\/uploads\/cover_Elica_Ph.DR-salonemilano_0.jpg.webp\" \/>\n\t<meta property=\"og:image:width\" content=\"1920\" \/>\n\t<meta property=\"og:image:height\" content=\"1080\" \/>\n\t<meta property=\"og:image:type\" content=\"image\/webp\" \/>\n<meta name=\"author\" content=\"soniso-gatto\" \/>\n<meta name=\"twitter:card\" content=\"summary_large_image\" \/>\n<meta name=\"twitter:creator\" content=\"@studiogattosl\" \/>\n<meta name=\"twitter:site\" content=\"@studiogattosl\" \/>\n<meta name=\"twitter:label1\" content=\"\u00c9crit par\" \/>\n\t<meta name=\"twitter:data1\" content=\"soniso-gatto\" \/>\n\t<meta name=\"twitter:label2\" content=\"Dur\u00e9e de lecture estim\u00e9e\" \/>\n\t<meta name=\"twitter:data2\" content=\"7 minutes\" \/>\n<script type=\"application\/ld+json\" class=\"yoast-schema-graph\">{\"@context\":\"https:\\\/\\\/schema.org\",\"@graph\":[{\"@type\":\"Article\",\"@id\":\"https:\\\/\\\/www.studiogatto.es\\\/fr\\\/technologie-et-design-au-salon-du-meuble-de-milan-2024\\\/#article\",\"isPartOf\":{\"@id\":\"https:\\\/\\\/www.studiogatto.es\\\/fr\\\/technologie-et-design-au-salon-du-meuble-de-milan-2024\\\/\"},\"author\":{\"name\":\"soniso-gatto\",\"@id\":\"https:\\\/\\\/www.studiogatto.es\\\/fr\\\/#\\\/schema\\\/person\\\/27b057d9eeec105e75921345073c07bb\"},\"headline\":\"Technologie et design au salon du meuble de Milan 2024\",\"datePublished\":\"2024-05-29T07:17:33+00:00\",\"dateModified\":\"2024-05-29T07:17:34+00:00\",\"mainEntityOfPage\":{\"@id\":\"https:\\\/\\\/www.studiogatto.es\\\/fr\\\/technologie-et-design-au-salon-du-meuble-de-milan-2024\\\/\"},\"wordCount\":1505,\"publisher\":{\"@id\":\"https:\\\/\\\/www.studiogatto.es\\\/fr\\\/#organization\"},\"image\":{\"@id\":\"https:\\\/\\\/www.studiogatto.es\\\/fr\\\/technologie-et-design-au-salon-du-meuble-de-milan-2024\\\/#primaryimage\"},\"thumbnailUrl\":\"https:\\\/\\\/www.studiogatto.es\\\/wp-content\\\/uploads\\\/cover_Elica_Ph.DR-salonemilano_0.jpg.webp\",\"articleSection\":[\"Actualit\u00e9s\",\"Conception\"],\"inLanguage\":\"fr-FR\"},{\"@type\":\"WebPage\",\"@id\":\"https:\\\/\\\/www.studiogatto.es\\\/fr\\\/technologie-et-design-au-salon-du-meuble-de-milan-2024\\\/\",\"url\":\"https:\\\/\\\/www.studiogatto.es\\\/fr\\\/technologie-et-design-au-salon-du-meuble-de-milan-2024\\\/\",\"name\":\"Technologie et design au salon du meuble de Milan 2024\",\"isPartOf\":{\"@id\":\"https:\\\/\\\/www.studiogatto.es\\\/fr\\\/#website\"},\"primaryImageOfPage\":{\"@id\":\"https:\\\/\\\/www.studiogatto.es\\\/fr\\\/technologie-et-design-au-salon-du-meuble-de-milan-2024\\\/#primaryimage\"},\"image\":{\"@id\":\"https:\\\/\\\/www.studiogatto.es\\\/fr\\\/technologie-et-design-au-salon-du-meuble-de-milan-2024\\\/#primaryimage\"},\"thumbnailUrl\":\"https:\\\/\\\/www.studiogatto.es\\\/wp-content\\\/uploads\\\/cover_Elica_Ph.DR-salonemilano_0.jpg.webp\",\"datePublished\":\"2024-05-29T07:17:33+00:00\",\"dateModified\":\"2024-05-29T07:17:34+00:00\",\"description\":\"Une synth\u00e8se de l'\u00e9tat de l'art de la technologie et de la collaboration en mati\u00e8re de conception impliquant des objets intelligents, l'intelligence artificielle et des syst\u00e8mes innovants.\",\"breadcrumb\":{\"@id\":\"https:\\\/\\\/www.studiogatto.es\\\/fr\\\/technologie-et-design-au-salon-du-meuble-de-milan-2024\\\/#breadcrumb\"},\"inLanguage\":\"fr-FR\",\"potentialAction\":[{\"@type\":\"ReadAction\",\"target\":[\"https:\\\/\\\/www.studiogatto.es\\\/fr\\\/technologie-et-design-au-salon-du-meuble-de-milan-2024\\\/\"]}]},{\"@type\":\"ImageObject\",\"inLanguage\":\"fr-FR\",\"@id\":\"https:\\\/\\\/www.studiogatto.es\\\/fr\\\/technologie-et-design-au-salon-du-meuble-de-milan-2024\\\/#primaryimage\",\"url\":\"https:\\\/\\\/www.studiogatto.es\\\/wp-content\\\/uploads\\\/cover_Elica_Ph.DR-salonemilano_0.jpg.webp\",\"contentUrl\":\"https:\\\/\\\/www.studiogatto.es\\\/wp-content\\\/uploads\\\/cover_Elica_Ph.DR-salonemilano_0.jpg.webp\",\"width\":1920,\"height\":1080},{\"@type\":\"BreadcrumbList\",\"@id\":\"https:\\\/\\\/www.studiogatto.es\\\/fr\\\/technologie-et-design-au-salon-du-meuble-de-milan-2024\\\/#breadcrumb\",\"itemListElement\":[{\"@type\":\"ListItem\",\"position\":1,\"name\":\"Portada\",\"item\":\"https:\\\/\\\/www.studiogatto.es\\\/fr\\\/\"},{\"@type\":\"ListItem\",\"position\":2,\"name\":\"Technologie et design au salon du meuble de Milan 2024\"}]},{\"@type\":\"WebSite\",\"@id\":\"https:\\\/\\\/www.studiogatto.es\\\/fr\\\/#website\",\"url\":\"https:\\\/\\\/www.studiogatto.es\\\/fr\\\/\",\"name\":\"Studio Gatto - Reformas, Cocinas, Ba\u00f1os\",\"description\":\"Reformas integrales de Cocinas y ba\u00f1os. Interiorismo. Dise\u00f1o.\",\"publisher\":{\"@id\":\"https:\\\/\\\/www.studiogatto.es\\\/fr\\\/#organization\"},\"potentialAction\":[{\"@type\":\"SearchAction\",\"target\":{\"@type\":\"EntryPoint\",\"urlTemplate\":\"https:\\\/\\\/www.studiogatto.es\\\/fr\\\/?s={search_term_string}\"},\"query-input\":{\"@type\":\"PropertyValueSpecification\",\"valueRequired\":true,\"valueName\":\"search_term_string\"}}],\"inLanguage\":\"fr-FR\"},{\"@type\":\"Organization\",\"@id\":\"https:\\\/\\\/www.studiogatto.es\\\/fr\\\/#organization\",\"name\":\"Studio Gatto\",\"url\":\"https:\\\/\\\/www.studiogatto.es\\\/fr\\\/\",\"logo\":{\"@type\":\"ImageObject\",\"inLanguage\":\"fr-FR\",\"@id\":\"https:\\\/\\\/www.studiogatto.es\\\/fr\\\/#\\\/schema\\\/logo\\\/image\\\/\",\"url\":\"https:\\\/\\\/www.studiogatto.es\\\/wp-content\\\/uploads\\\/Nuevo-logotipo.jpg\",\"contentUrl\":\"https:\\\/\\\/www.studiogatto.es\\\/wp-content\\\/uploads\\\/Nuevo-logotipo.jpg\",\"width\":300,\"height\":167,\"caption\":\"Studio Gatto\"},\"image\":{\"@id\":\"https:\\\/\\\/www.studiogatto.es\\\/fr\\\/#\\\/schema\\\/logo\\\/image\\\/\"},\"sameAs\":[\"https:\\\/\\\/www.facebook.com\\\/studiogattocucine\",\"https:\\\/\\\/x.com\\\/studiogattosl\"]},{\"@type\":\"Person\",\"@id\":\"https:\\\/\\\/www.studiogatto.es\\\/fr\\\/#\\\/schema\\\/person\\\/27b057d9eeec105e75921345073c07bb\",\"name\":\"soniso-gatto\"}]}<\/script>\n<!-- \/ Yoast SEO plugin. -->","yoast_head_json":{"title":"Technologie et design au salon du meuble de Milan 2024","description":"Une synth\u00e8se de l'\u00e9tat de l'art de la technologie et de la collaboration en mati\u00e8re de conception impliquant des objets intelligents, l'intelligence artificielle et des syst\u00e8mes innovants.","robots":{"index":"index","follow":"follow","max-snippet":"max-snippet:-1","max-image-preview":"max-image-preview:large","max-video-preview":"max-video-preview:-1"},"canonical":"https:\/\/www.studiogatto.es\/fr\/technologie-et-design-au-salon-du-meuble-de-milan-2024\/","og_locale":"fr_FR","og_type":"article","og_title":"Technologie et design au salon du meuble de Milan 2024","og_description":"Une synth\u00e8se de l'\u00e9tat de l'art de la technologie et de la collaboration en mati\u00e8re de conception impliquant des objets intelligents, l'intelligence artificielle et des syst\u00e8mes innovants.","og_url":"https:\/\/www.studiogatto.es\/fr\/technologie-et-design-au-salon-du-meuble-de-milan-2024\/","og_site_name":"Studio Gatto - Reformas, Cocinas, Ba\u00f1os","article_publisher":"https:\/\/www.facebook.com\/studiogattocucine","article_published_time":"2024-05-29T07:17:33+00:00","article_modified_time":"2024-05-29T07:17:34+00:00","og_image":[{"width":1920,"height":1080,"url":"https:\/\/www.studiogatto.es\/wp-content\/uploads\/cover_Elica_Ph.DR-salonemilano_0.jpg.webp","type":"image\/webp"}],"author":"soniso-gatto","twitter_card":"summary_large_image","twitter_creator":"@studiogattosl","twitter_site":"@studiogattosl","twitter_misc":{"\u00c9crit par":"soniso-gatto","Dur\u00e9e de lecture estim\u00e9e":"7 minutes"},"schema":{"@context":"https:\/\/schema.org","@graph":[{"@type":"Article","@id":"https:\/\/www.studiogatto.es\/fr\/technologie-et-design-au-salon-du-meuble-de-milan-2024\/#article","isPartOf":{"@id":"https:\/\/www.studiogatto.es\/fr\/technologie-et-design-au-salon-du-meuble-de-milan-2024\/"},"author":{"name":"soniso-gatto","@id":"https:\/\/www.studiogatto.es\/fr\/#\/schema\/person\/27b057d9eeec105e75921345073c07bb"},"headline":"Technologie et design au salon du meuble de Milan 2024","datePublished":"2024-05-29T07:17:33+00:00","dateModified":"2024-05-29T07:17:34+00:00","mainEntityOfPage":{"@id":"https:\/\/www.studiogatto.es\/fr\/technologie-et-design-au-salon-du-meuble-de-milan-2024\/"},"wordCount":1505,"publisher":{"@id":"https:\/\/www.studiogatto.es\/fr\/#organization"},"image":{"@id":"https:\/\/www.studiogatto.es\/fr\/technologie-et-design-au-salon-du-meuble-de-milan-2024\/#primaryimage"},"thumbnailUrl":"https:\/\/www.studiogatto.es\/wp-content\/uploads\/cover_Elica_Ph.DR-salonemilano_0.jpg.webp","articleSection":["Actualit\u00e9s","Conception"],"inLanguage":"fr-FR"},{"@type":"WebPage","@id":"https:\/\/www.studiogatto.es\/fr\/technologie-et-design-au-salon-du-meuble-de-milan-2024\/","url":"https:\/\/www.studiogatto.es\/fr\/technologie-et-design-au-salon-du-meuble-de-milan-2024\/","name":"Technologie et design au salon du meuble de Milan 2024","isPartOf":{"@id":"https:\/\/www.studiogatto.es\/fr\/#website"},"primaryImageOfPage":{"@id":"https:\/\/www.studiogatto.es\/fr\/technologie-et-design-au-salon-du-meuble-de-milan-2024\/#primaryimage"},"image":{"@id":"https:\/\/www.studiogatto.es\/fr\/technologie-et-design-au-salon-du-meuble-de-milan-2024\/#primaryimage"},"thumbnailUrl":"https:\/\/www.studiogatto.es\/wp-content\/uploads\/cover_Elica_Ph.DR-salonemilano_0.jpg.webp","datePublished":"2024-05-29T07:17:33+00:00","dateModified":"2024-05-29T07:17:34+00:00","description":"Une synth\u00e8se de l'\u00e9tat de l'art de la technologie et de la collaboration en mati\u00e8re de conception impliquant des objets intelligents, l'intelligence artificielle et des syst\u00e8mes innovants.","breadcrumb":{"@id":"https:\/\/www.studiogatto.es\/fr\/technologie-et-design-au-salon-du-meuble-de-milan-2024\/#breadcrumb"},"inLanguage":"fr-FR","potentialAction":[{"@type":"ReadAction","target":["https:\/\/www.studiogatto.es\/fr\/technologie-et-design-au-salon-du-meuble-de-milan-2024\/"]}]},{"@type":"ImageObject","inLanguage":"fr-FR","@id":"https:\/\/www.studiogatto.es\/fr\/technologie-et-design-au-salon-du-meuble-de-milan-2024\/#primaryimage","url":"https:\/\/www.studiogatto.es\/wp-content\/uploads\/cover_Elica_Ph.DR-salonemilano_0.jpg.webp","contentUrl":"https:\/\/www.studiogatto.es\/wp-content\/uploads\/cover_Elica_Ph.DR-salonemilano_0.jpg.webp","width":1920,"height":1080},{"@type":"BreadcrumbList","@id":"https:\/\/www.studiogatto.es\/fr\/technologie-et-design-au-salon-du-meuble-de-milan-2024\/#breadcrumb","itemListElement":[{"@type":"ListItem","position":1,"name":"Portada","item":"https:\/\/www.studiogatto.es\/fr\/"},{"@type":"ListItem","position":2,"name":"Technologie et design au salon du meuble de Milan 2024"}]},{"@type":"WebSite","@id":"https:\/\/www.studiogatto.es\/fr\/#website","url":"https:\/\/www.studiogatto.es\/fr\/","name":"Studio Gatto - Reformas, Cocinas, Ba\u00f1os","description":"Reformas integrales de Cocinas y ba\u00f1os. Interiorismo. Dise\u00f1o.","publisher":{"@id":"https:\/\/www.studiogatto.es\/fr\/#organization"},"potentialAction":[{"@type":"SearchAction","target":{"@type":"EntryPoint","urlTemplate":"https:\/\/www.studiogatto.es\/fr\/?s={search_term_string}"},"query-input":{"@type":"PropertyValueSpecification","valueRequired":true,"valueName":"search_term_string"}}],"inLanguage":"fr-FR"},{"@type":"Organization","@id":"https:\/\/www.studiogatto.es\/fr\/#organization","name":"Studio Gatto","url":"https:\/\/www.studiogatto.es\/fr\/","logo":{"@type":"ImageObject","inLanguage":"fr-FR","@id":"https:\/\/www.studiogatto.es\/fr\/#\/schema\/logo\/image\/","url":"https:\/\/www.studiogatto.es\/wp-content\/uploads\/Nuevo-logotipo.jpg","contentUrl":"https:\/\/www.studiogatto.es\/wp-content\/uploads\/Nuevo-logotipo.jpg","width":300,"height":167,"caption":"Studio Gatto"},"image":{"@id":"https:\/\/www.studiogatto.es\/fr\/#\/schema\/logo\/image\/"},"sameAs":["https:\/\/www.facebook.com\/studiogattocucine","https:\/\/x.com\/studiogattosl"]},{"@type":"Person","@id":"https:\/\/www.studiogatto.es\/fr\/#\/schema\/person\/27b057d9eeec105e75921345073c07bb","name":"soniso-gatto"}]}},"_links":{"self":[{"href":"https:\/\/www.studiogatto.es\/fr\/wp-json\/wp\/v2\/posts\/58060","targetHints":{"allow":["GET"]}}],"collection":[{"href":"https:\/\/www.studiogatto.es\/fr\/wp-json\/wp\/v2\/posts"}],"about":[{"href":"https:\/\/www.studiogatto.es\/fr\/wp-json\/wp\/v2\/types\/post"}],"author":[{"embeddable":true,"href":"https:\/\/www.studiogatto.es\/fr\/wp-json\/wp\/v2\/users\/2"}],"replies":[{"embeddable":true,"href":"https:\/\/www.studiogatto.es\/fr\/wp-json\/wp\/v2\/comments?post=58060"}],"version-history":[{"count":2,"href":"https:\/\/www.studiogatto.es\/fr\/wp-json\/wp\/v2\/posts\/58060\/revisions"}],"predecessor-version":[{"id":58062,"href":"https:\/\/www.studiogatto.es\/fr\/wp-json\/wp\/v2\/posts\/58060\/revisions\/58062"}],"wp:featuredmedia":[{"embeddable":true,"href":"https:\/\/www.studiogatto.es\/fr\/wp-json\/wp\/v2\/media\/57777"}],"wp:attachment":[{"href":"https:\/\/www.studiogatto.es\/fr\/wp-json\/wp\/v2\/media?parent=58060"}],"wp:term":[{"taxonomy":"category","embeddable":true,"href":"https:\/\/www.studiogatto.es\/fr\/wp-json\/wp\/v2\/categories?post=58060"},{"taxonomy":"post_tag","embeddable":true,"href":"https:\/\/www.studiogatto.es\/fr\/wp-json\/wp\/v2\/tags?post=58060"}],"curies":[{"name":"wp","href":"https:\/\/api.w.org\/{rel}","templated":true}]}}