{"id":46755,"date":"2023-08-30T09:54:26","date_gmt":"2023-08-30T07:54:26","guid":{"rendered":"https:\/\/www.studiogatto.es\/renovation-complete-dune-cuisine-allongee-a-vilanova-i-la-geltru\/"},"modified":"2023-08-30T09:54:34","modified_gmt":"2023-08-30T07:54:34","slug":"renovation-complete-dune-cuisine-allongee-a-vilanova-i-la-geltru","status":"publish","type":"post","link":"https:\/\/www.studiogatto.es\/fr\/renovation-complete-dune-cuisine-allongee-a-vilanova-i-la-geltru\/","title":{"rendered":"R\u00e9novation compl\u00e8te d&rsquo;une cuisine allong\u00e9e \u00e0 Vilanova i la Geltr\u00fa"},"content":{"rendered":"<p>[et_pb_section fb_built=\u00a0\u00bb1&Prime; _builder_version=\u00a0\u00bb4.16&Prime; _module_preset=\u00a0\u00bbdefault\u00a0\u00bb global_colors_info=\u00a0\u00bb{}\u00a0\u00bb da_is_popup=\u00a0\u00bboff\u00a0\u00bb da_exit_intent=\u00a0\u00bboff\u00a0\u00bb da_has_close=\u00a0\u00bbon\u00a0\u00bb da_alt_close=\u00a0\u00bboff\u00a0\u00bb da_dark_close=\u00a0\u00bboff\u00a0\u00bb da_not_modal=\u00a0\u00bbon\u00a0\u00bb da_is_singular=\u00a0\u00bboff\u00a0\u00bb da_with_loader=\u00a0\u00bboff\u00a0\u00bb da_has_shadow=\u00a0\u00bbon\u00a0\u00bb da_disable_devices=\u00a0\u00bboff|off|off\u00a0\u00bb][et_pb_row _builder_version=\u00a0\u00bb4.16&Prime; _module_preset=\u00a0\u00bbdefault\u00a0\u00bb global_colors_info=\u00a0\u00bb{}\u00a0\u00bb][et_pb_column type=\u00a0\u00bb4_4&Prime; _builder_version=\u00a0\u00bb4.16&Prime; _module_preset=\u00a0\u00bbdefault\u00a0\u00bb global_colors_info=\u00a0\u00bb{}\u00a0\u00bb][et_pb_text _builder_version=\u00a0\u00bb4.16&Prime; _module_preset=\u00a0\u00bbdefault\u00a0\u00bb global_colors_info=\u00a0\u00bb{}\u00a0\u00bb]<\/p>\n<p>Depuis le d\u00e9but, le r\u00eave d&rsquo;Irene \u00e9tait d&rsquo;avoir un r\u00e9frig\u00e9rateur am\u00e9ricain dans sa cuisine. Mais elle \u00e9tait tr\u00e8s inqui\u00e8te car il ne semblait pas que tout pouvait rentrer dans sa cuisine.<\/p>\n<p>Il a fallu combiner un espace buanderie car la chaudi\u00e8re du chauffage central de la maison se trouve dans la cuisine, ainsi qu&rsquo;un espace de nettoyage et de repassage.<\/p>\n<p>En fin de compte, toutes les demandes d&rsquo;Irene et de son mari ont \u00e9t\u00e9 satisfaites.<\/p>\n<p>La d\u00e9cision a \u00e9t\u00e9 de diviser la zone de cuisson et la zone d&rsquo;\u00e9vier en deux lignes l&rsquo;une en face de l&rsquo;autre.<br \/>De cette mani\u00e8re, les diff\u00e9rents espaces n\u00e9cessaires ont pu \u00eatre mieux r\u00e9partis et le r\u00e9frig\u00e9rateur am\u00e9ricain a pu \u00eatre plac\u00e9, EUREKA ! et ainsi r\u00e9aliser le r\u00eave d&rsquo;Ir\u00e8ne.<\/p>\n<p>De plus, gr\u00e2ce \u00e0 cette disposition, il a \u00e9t\u00e9 possible de laisser un espace bar en bois pour rompre avec la disposition plus traditionnelle et cr\u00e9er un espace multifonctionnel et ludique.  <br \/>Le fils d&rsquo;Ir\u00e8ne a maintenant l&rsquo;habitude de faire ses devoirs avec sa m\u00e8re ou son p\u00e8re dans la cuisine.<\/p>\n<p>Dans le cadre de cette r\u00e9novation, le rev\u00eatement de sol a \u00e9t\u00e9 chang\u00e9, le carrelage mural a \u00e9t\u00e9 enlev\u00e9 et les murs ont \u00e9t\u00e9 recouverts du m\u00eame mat\u00e9riau que le plan de travail de la cuisine.<\/p>\n<p>Cela lui donne un aspect plus l\u00e9ger et plus contemporain.<\/p>\n<p>Le reste des murs apparents a \u00e9t\u00e9 peint dans une couleur pierre douce qui se marie tr\u00e8s bien avec le reste des \u00e9l\u00e9ments de la cuisine.<\/p>\n<p>Le mobilier est le mod\u00e8le HAECKER MALAGA.<\/p>\n<p>Le plan de travail de la cuisine est en silestone ARIEL.<\/p>\n<p>[\/et_pb_text][\/et_pb_column][\/et_pb_row][et_pb_row column_structure=\u00a0\u00bb1_2,1_2&Prime; _builder_version=\u00a0\u00bb4.16&Prime; _module_preset=\u00a0\u00bbdefault\u00a0\u00bb global_colors_info=\u00a0\u00bb{}\u00a0\u00bb][et_pb_column type=\u00a0\u00bb1_2&Prime; _builder_version=\u00a0\u00bb4.16&Prime; _module_preset=\u00a0\u00bbdefault\u00a0\u00bb global_colors_info=\u00a0\u00bb{}\u00a0\u00bb][et_pb_ds_before_after_slider before_image=\u00a0\u00bbhttps:\/\/www.studiogatto.es\/wp-content\/uploads\/before1.jpeg\u00a0\u00bb after_image=\u00a0\u00bbhttps:\/\/www.studiogatto.es\/wp-content\/uploads\/after1.jpg\u00a0\u00bb before_label=\u00a0\u00bbAntes\u00a0\u00bb after_label=\u00a0\u00bbDespues\u00a0\u00bb _builder_version=\u00a0\u00bb4.16&Prime; _module_preset=\u00a0\u00bbdefault\u00a0\u00bb global_colors_info=\u00a0\u00bb{}\u00a0\u00bb][\/et_pb_ds_before_after_slider][\/et_pb_column][et_pb_column type=\u00a0\u00bb1_2&Prime; _builder_version=\u00a0\u00bb4.16&Prime; _module_preset=\u00a0\u00bbdefault\u00a0\u00bb global_colors_info=\u00a0\u00bb{}\u00a0\u00bb][et_pb_ds_before_after_slider before_image=\u00a0\u00bbhttps:\/\/www.studiogatto.es\/wp-content\/uploads\/before2.jpeg\u00a0\u00bb after_image=\u00a0\u00bbhttps:\/\/www.studiogatto.es\/wp-content\/uploads\/after2.jpg\u00a0\u00bb before_label=\u00a0\u00bbAntes\u00a0\u00bb after_label=\u00a0\u00bbDespues\u00a0\u00bb _builder_version=\u00a0\u00bb4.16&Prime; _module_preset=\u00a0\u00bbdefault\u00a0\u00bb global_colors_info=\u00a0\u00bb{}\u00a0\u00bb][\/et_pb_ds_before_after_slider][\/et_pb_column][\/et_pb_row][et_pb_row _builder_version=\u00a0\u00bb4.16&Prime; _module_preset=\u00a0\u00bbdefault\u00a0\u00bb global_colors_info=\u00a0\u00bb{}\u00a0\u00bb][et_pb_column type=\u00a0\u00bb4_4&Prime; _builder_version=\u00a0\u00bb4.16&Prime; _module_preset=\u00a0\u00bbdefault\u00a0\u00bb global_colors_info=\u00a0\u00bb{}\u00a0\u00bb][et_pb_image src=\u00a0\u00bbhttps:\/\/www.studiogatto.es\/wp-content\/uploads\/c-3-scaled-1.jpg\u00a0\u00bb _builder_version=\u00a0\u00bb4.19.0&Prime; _module_preset=\u00a0\u00bbdefault\u00a0\u00bb title_text=\u00a0\u00bb\u00e0 l&apos;\u00e9chelle c-3&Prime; hover_enabled=\u00a0\u00bb0&Prime; sticky_enabled=\u00a0\u00bb0&Prime;][\/et_pb_image][et_pb_image src=\u00a0\u00bbhttps:\/\/www.studiogatto.es\/wp-content\/uploads\/d-3-1.jpg\u00a0\u00bb _builder_version=\u00a0\u00bb4.19.0&Prime; _module_preset=\u00a0\u00bbdefault\u00a0\u00bb title_text=\u00a0\u00bbd-3&Prime; hover_enabled=\u00a0\u00bb0&Prime; sticky_enabled=\u00a0\u00bb0&Prime;][\/et_pb_image][et_pb_image src=\u00a0\u00bbhttps:\/\/www.studiogatto.es\/wp-content\/uploads\/e-3-1.jpg\u00a0\u00bb _builder_version=\u00a0\u00bb4.19.0&Prime; _module_preset=\u00a0\u00bbdefault\u00a0\u00bb title_text=\u00a0\u00bbe-3&Prime; hover_enabled=\u00a0\u00bb0&Prime; sticky_enabled=\u00a0\u00bb0&Prime;][\/et_pb_image][et_pb_image src=\u00a0\u00bbhttps:\/\/www.studiogatto.es\/wp-content\/uploads\/ff.jpg\u00a0\u00bb _builder_version=\u00a0\u00bb4.19.0&Prime; _module_preset=\u00a0\u00bbdefault\u00a0\u00bb title_text=\u00a0\u00bbff\u00a0\u00bb hover_enabled=\u00a0\u00bb0&Prime; sticky_enabled=\u00a0\u00bb0&Prime;][\/et_pb_image][\/et_pb_column][\/et_pb_row][\/et_pb_section]<\/p>\n","protected":false},"excerpt":{"rendered":"<p>Depuis le d\u00e9but, le r\u00eave d&rsquo;Irene \u00e9tait d&rsquo;avoir un r\u00e9frig\u00e9rateur am\u00e9ricain dans sa cuisine. Mais elle \u00e9tait tr\u00e8s inqui\u00e8te car il ne semblait pas que tout pouvait rentrer dans sa cuisine.Il a fallu combiner un espace buanderie car la chaudi\u00e8re du chauffage central de la maison se trouve dans la cuisine, ainsi qu&rsquo;un espace de [&hellip;]<\/p>\n","protected":false},"author":2,"featured_media":46819,"comment_status":"closed","ping_status":"closed","sticky":false,"template":"","format":"standard","meta":{"_et_pb_use_builder":"on","_et_pb_old_content":"","_et_gb_content_width":"","footnotes":""},"categories":[83],"tags":[],"class_list":["post-46755","post","type-post","status-publish","format-standard","has-post-thumbnail","hentry","category-projets"],"yoast_head":"<!-- This site is optimized with the Yoast SEO plugin v27.5 - https:\/\/yoast.com\/product\/yoast-seo-wordpress\/ -->\n<title>R\u00e9novation compl\u00e8te d&#039;une cuisine allong\u00e9e \u00e0 Vilanova i la Geltr\u00fa<\/title>\n<meta name=\"robots\" content=\"index, follow, max-snippet:-1, max-image-preview:large, max-video-preview:-1\" \/>\n<link rel=\"canonical\" href=\"https:\/\/www.studiogatto.es\/fr\/renovation-complete-dune-cuisine-allongee-a-vilanova-i-la-geltru\/\" \/>\n<meta property=\"og:locale\" content=\"fr_FR\" \/>\n<meta property=\"og:type\" content=\"article\" \/>\n<meta property=\"og:title\" content=\"R\u00e9novation compl\u00e8te d&#039;une cuisine allong\u00e9e \u00e0 Vilanova i la Geltr\u00fa\" \/>\n<meta property=\"og:description\" content=\"Depuis le d\u00e9but, le r\u00eave d&#039;Irene \u00e9tait d&#039;avoir un r\u00e9frig\u00e9rateur am\u00e9ricain dans sa cuisine. Mais elle \u00e9tait tr\u00e8s inqui\u00e8te car il ne semblait pas que tout pouvait rentrer dans sa cuisine.Il a fallu combiner un espace buanderie car la chaudi\u00e8re du chauffage central de la maison se trouve dans la cuisine, ainsi qu&#039;un espace de [&hellip;]\" \/>\n<meta property=\"og:url\" content=\"https:\/\/www.studiogatto.es\/fr\/renovation-complete-dune-cuisine-allongee-a-vilanova-i-la-geltru\/\" \/>\n<meta property=\"og:site_name\" content=\"Studio Gatto - Reformas, Cocinas, Ba\u00f1os\" \/>\n<meta property=\"article:publisher\" content=\"https:\/\/www.facebook.com\/studiogattocucine\" \/>\n<meta property=\"article:published_time\" content=\"2023-08-30T07:54:26+00:00\" \/>\n<meta property=\"article:modified_time\" content=\"2023-08-30T07:54:34+00:00\" \/>\n<meta property=\"og:image\" content=\"https:\/\/www.studiogatto.es\/wp-content\/uploads\/1-11.jpg\" \/>\n\t<meta property=\"og:image:width\" content=\"764\" \/>\n\t<meta property=\"og:image:height\" content=\"430\" \/>\n\t<meta property=\"og:image:type\" content=\"image\/jpeg\" \/>\n<meta name=\"author\" content=\"soniso-gatto\" \/>\n<meta name=\"twitter:card\" content=\"summary_large_image\" \/>\n<meta name=\"twitter:creator\" content=\"@studiogattosl\" \/>\n<meta name=\"twitter:site\" content=\"@studiogattosl\" \/>\n<meta name=\"twitter:label1\" content=\"\u00c9crit par\" \/>\n\t<meta name=\"twitter:data1\" content=\"soniso-gatto\" \/>\n\t<meta name=\"twitter:label2\" content=\"Dur\u00e9e de lecture estim\u00e9e\" \/>\n\t<meta name=\"twitter:data2\" content=\"3 minutes\" \/>\n<script type=\"application\/ld+json\" class=\"yoast-schema-graph\">{\"@context\":\"https:\\\/\\\/schema.org\",\"@graph\":[{\"@type\":\"Article\",\"@id\":\"https:\\\/\\\/www.studiogatto.es\\\/fr\\\/renovation-complete-dune-cuisine-allongee-a-vilanova-i-la-geltru\\\/#article\",\"isPartOf\":{\"@id\":\"https:\\\/\\\/www.studiogatto.es\\\/fr\\\/renovation-complete-dune-cuisine-allongee-a-vilanova-i-la-geltru\\\/\"},\"author\":{\"name\":\"soniso-gatto\",\"@id\":\"https:\\\/\\\/www.studiogatto.es\\\/fr\\\/#\\\/schema\\\/person\\\/27b057d9eeec105e75921345073c07bb\"},\"headline\":\"R\u00e9novation compl\u00e8te d&rsquo;une cuisine allong\u00e9e \u00e0 Vilanova i la Geltr\u00fa\",\"datePublished\":\"2023-08-30T07:54:26+00:00\",\"dateModified\":\"2023-08-30T07:54:34+00:00\",\"mainEntityOfPage\":{\"@id\":\"https:\\\/\\\/www.studiogatto.es\\\/fr\\\/renovation-complete-dune-cuisine-allongee-a-vilanova-i-la-geltru\\\/\"},\"wordCount\":700,\"publisher\":{\"@id\":\"https:\\\/\\\/www.studiogatto.es\\\/fr\\\/#organization\"},\"image\":{\"@id\":\"https:\\\/\\\/www.studiogatto.es\\\/fr\\\/renovation-complete-dune-cuisine-allongee-a-vilanova-i-la-geltru\\\/#primaryimage\"},\"thumbnailUrl\":\"https:\\\/\\\/www.studiogatto.es\\\/wp-content\\\/uploads\\\/1-11.jpg\",\"articleSection\":[\"Projets\"],\"inLanguage\":\"fr-FR\"},{\"@type\":\"WebPage\",\"@id\":\"https:\\\/\\\/www.studiogatto.es\\\/fr\\\/renovation-complete-dune-cuisine-allongee-a-vilanova-i-la-geltru\\\/\",\"url\":\"https:\\\/\\\/www.studiogatto.es\\\/fr\\\/renovation-complete-dune-cuisine-allongee-a-vilanova-i-la-geltru\\\/\",\"name\":\"R\u00e9novation compl\u00e8te d'une cuisine allong\u00e9e \u00e0 Vilanova i la Geltr\u00fa\",\"isPartOf\":{\"@id\":\"https:\\\/\\\/www.studiogatto.es\\\/fr\\\/#website\"},\"primaryImageOfPage\":{\"@id\":\"https:\\\/\\\/www.studiogatto.es\\\/fr\\\/renovation-complete-dune-cuisine-allongee-a-vilanova-i-la-geltru\\\/#primaryimage\"},\"image\":{\"@id\":\"https:\\\/\\\/www.studiogatto.es\\\/fr\\\/renovation-complete-dune-cuisine-allongee-a-vilanova-i-la-geltru\\\/#primaryimage\"},\"thumbnailUrl\":\"https:\\\/\\\/www.studiogatto.es\\\/wp-content\\\/uploads\\\/1-11.jpg\",\"datePublished\":\"2023-08-30T07:54:26+00:00\",\"dateModified\":\"2023-08-30T07:54:34+00:00\",\"breadcrumb\":{\"@id\":\"https:\\\/\\\/www.studiogatto.es\\\/fr\\\/renovation-complete-dune-cuisine-allongee-a-vilanova-i-la-geltru\\\/#breadcrumb\"},\"inLanguage\":\"fr-FR\",\"potentialAction\":[{\"@type\":\"ReadAction\",\"target\":[\"https:\\\/\\\/www.studiogatto.es\\\/fr\\\/renovation-complete-dune-cuisine-allongee-a-vilanova-i-la-geltru\\\/\"]}]},{\"@type\":\"ImageObject\",\"inLanguage\":\"fr-FR\",\"@id\":\"https:\\\/\\\/www.studiogatto.es\\\/fr\\\/renovation-complete-dune-cuisine-allongee-a-vilanova-i-la-geltru\\\/#primaryimage\",\"url\":\"https:\\\/\\\/www.studiogatto.es\\\/wp-content\\\/uploads\\\/1-11.jpg\",\"contentUrl\":\"https:\\\/\\\/www.studiogatto.es\\\/wp-content\\\/uploads\\\/1-11.jpg\",\"width\":764,\"height\":430},{\"@type\":\"BreadcrumbList\",\"@id\":\"https:\\\/\\\/www.studiogatto.es\\\/fr\\\/renovation-complete-dune-cuisine-allongee-a-vilanova-i-la-geltru\\\/#breadcrumb\",\"itemListElement\":[{\"@type\":\"ListItem\",\"position\":1,\"name\":\"Portada\",\"item\":\"https:\\\/\\\/www.studiogatto.es\\\/fr\\\/\"},{\"@type\":\"ListItem\",\"position\":2,\"name\":\"R\u00e9novation compl\u00e8te d&#8217;une cuisine allong\u00e9e \u00e0 Vilanova i la Geltr\u00fa\"}]},{\"@type\":\"WebSite\",\"@id\":\"https:\\\/\\\/www.studiogatto.es\\\/fr\\\/#website\",\"url\":\"https:\\\/\\\/www.studiogatto.es\\\/fr\\\/\",\"name\":\"Studio Gatto - Reformas, Cocinas, Ba\u00f1os\",\"description\":\"Reformas integrales de Cocinas y ba\u00f1os. Interiorismo. Dise\u00f1o.\",\"publisher\":{\"@id\":\"https:\\\/\\\/www.studiogatto.es\\\/fr\\\/#organization\"},\"potentialAction\":[{\"@type\":\"SearchAction\",\"target\":{\"@type\":\"EntryPoint\",\"urlTemplate\":\"https:\\\/\\\/www.studiogatto.es\\\/fr\\\/?s={search_term_string}\"},\"query-input\":{\"@type\":\"PropertyValueSpecification\",\"valueRequired\":true,\"valueName\":\"search_term_string\"}}],\"inLanguage\":\"fr-FR\"},{\"@type\":\"Organization\",\"@id\":\"https:\\\/\\\/www.studiogatto.es\\\/fr\\\/#organization\",\"name\":\"Studio Gatto\",\"url\":\"https:\\\/\\\/www.studiogatto.es\\\/fr\\\/\",\"logo\":{\"@type\":\"ImageObject\",\"inLanguage\":\"fr-FR\",\"@id\":\"https:\\\/\\\/www.studiogatto.es\\\/fr\\\/#\\\/schema\\\/logo\\\/image\\\/\",\"url\":\"https:\\\/\\\/www.studiogatto.es\\\/wp-content\\\/uploads\\\/Nuevo-logotipo.jpg\",\"contentUrl\":\"https:\\\/\\\/www.studiogatto.es\\\/wp-content\\\/uploads\\\/Nuevo-logotipo.jpg\",\"width\":300,\"height\":167,\"caption\":\"Studio Gatto\"},\"image\":{\"@id\":\"https:\\\/\\\/www.studiogatto.es\\\/fr\\\/#\\\/schema\\\/logo\\\/image\\\/\"},\"sameAs\":[\"https:\\\/\\\/www.facebook.com\\\/studiogattocucine\",\"https:\\\/\\\/x.com\\\/studiogattosl\"]},{\"@type\":\"Person\",\"@id\":\"https:\\\/\\\/www.studiogatto.es\\\/fr\\\/#\\\/schema\\\/person\\\/27b057d9eeec105e75921345073c07bb\",\"name\":\"soniso-gatto\"}]}<\/script>\n<!-- \/ Yoast SEO plugin. -->","yoast_head_json":{"title":"R\u00e9novation compl\u00e8te d'une cuisine allong\u00e9e \u00e0 Vilanova i la Geltr\u00fa","robots":{"index":"index","follow":"follow","max-snippet":"max-snippet:-1","max-image-preview":"max-image-preview:large","max-video-preview":"max-video-preview:-1"},"canonical":"https:\/\/www.studiogatto.es\/fr\/renovation-complete-dune-cuisine-allongee-a-vilanova-i-la-geltru\/","og_locale":"fr_FR","og_type":"article","og_title":"R\u00e9novation compl\u00e8te d'une cuisine allong\u00e9e \u00e0 Vilanova i la Geltr\u00fa","og_description":"Depuis le d\u00e9but, le r\u00eave d'Irene \u00e9tait d'avoir un r\u00e9frig\u00e9rateur am\u00e9ricain dans sa cuisine. Mais elle \u00e9tait tr\u00e8s inqui\u00e8te car il ne semblait pas que tout pouvait rentrer dans sa cuisine.Il a fallu combiner un espace buanderie car la chaudi\u00e8re du chauffage central de la maison se trouve dans la cuisine, ainsi qu'un espace de [&hellip;]","og_url":"https:\/\/www.studiogatto.es\/fr\/renovation-complete-dune-cuisine-allongee-a-vilanova-i-la-geltru\/","og_site_name":"Studio Gatto - Reformas, Cocinas, Ba\u00f1os","article_publisher":"https:\/\/www.facebook.com\/studiogattocucine","article_published_time":"2023-08-30T07:54:26+00:00","article_modified_time":"2023-08-30T07:54:34+00:00","og_image":[{"width":764,"height":430,"url":"https:\/\/www.studiogatto.es\/wp-content\/uploads\/1-11.jpg","type":"image\/jpeg"}],"author":"soniso-gatto","twitter_card":"summary_large_image","twitter_creator":"@studiogattosl","twitter_site":"@studiogattosl","twitter_misc":{"\u00c9crit par":"soniso-gatto","Dur\u00e9e de lecture estim\u00e9e":"3 minutes"},"schema":{"@context":"https:\/\/schema.org","@graph":[{"@type":"Article","@id":"https:\/\/www.studiogatto.es\/fr\/renovation-complete-dune-cuisine-allongee-a-vilanova-i-la-geltru\/#article","isPartOf":{"@id":"https:\/\/www.studiogatto.es\/fr\/renovation-complete-dune-cuisine-allongee-a-vilanova-i-la-geltru\/"},"author":{"name":"soniso-gatto","@id":"https:\/\/www.studiogatto.es\/fr\/#\/schema\/person\/27b057d9eeec105e75921345073c07bb"},"headline":"R\u00e9novation compl\u00e8te d&rsquo;une cuisine allong\u00e9e \u00e0 Vilanova i la Geltr\u00fa","datePublished":"2023-08-30T07:54:26+00:00","dateModified":"2023-08-30T07:54:34+00:00","mainEntityOfPage":{"@id":"https:\/\/www.studiogatto.es\/fr\/renovation-complete-dune-cuisine-allongee-a-vilanova-i-la-geltru\/"},"wordCount":700,"publisher":{"@id":"https:\/\/www.studiogatto.es\/fr\/#organization"},"image":{"@id":"https:\/\/www.studiogatto.es\/fr\/renovation-complete-dune-cuisine-allongee-a-vilanova-i-la-geltru\/#primaryimage"},"thumbnailUrl":"https:\/\/www.studiogatto.es\/wp-content\/uploads\/1-11.jpg","articleSection":["Projets"],"inLanguage":"fr-FR"},{"@type":"WebPage","@id":"https:\/\/www.studiogatto.es\/fr\/renovation-complete-dune-cuisine-allongee-a-vilanova-i-la-geltru\/","url":"https:\/\/www.studiogatto.es\/fr\/renovation-complete-dune-cuisine-allongee-a-vilanova-i-la-geltru\/","name":"R\u00e9novation compl\u00e8te d'une cuisine allong\u00e9e \u00e0 Vilanova i la Geltr\u00fa","isPartOf":{"@id":"https:\/\/www.studiogatto.es\/fr\/#website"},"primaryImageOfPage":{"@id":"https:\/\/www.studiogatto.es\/fr\/renovation-complete-dune-cuisine-allongee-a-vilanova-i-la-geltru\/#primaryimage"},"image":{"@id":"https:\/\/www.studiogatto.es\/fr\/renovation-complete-dune-cuisine-allongee-a-vilanova-i-la-geltru\/#primaryimage"},"thumbnailUrl":"https:\/\/www.studiogatto.es\/wp-content\/uploads\/1-11.jpg","datePublished":"2023-08-30T07:54:26+00:00","dateModified":"2023-08-30T07:54:34+00:00","breadcrumb":{"@id":"https:\/\/www.studiogatto.es\/fr\/renovation-complete-dune-cuisine-allongee-a-vilanova-i-la-geltru\/#breadcrumb"},"inLanguage":"fr-FR","potentialAction":[{"@type":"ReadAction","target":["https:\/\/www.studiogatto.es\/fr\/renovation-complete-dune-cuisine-allongee-a-vilanova-i-la-geltru\/"]}]},{"@type":"ImageObject","inLanguage":"fr-FR","@id":"https:\/\/www.studiogatto.es\/fr\/renovation-complete-dune-cuisine-allongee-a-vilanova-i-la-geltru\/#primaryimage","url":"https:\/\/www.studiogatto.es\/wp-content\/uploads\/1-11.jpg","contentUrl":"https:\/\/www.studiogatto.es\/wp-content\/uploads\/1-11.jpg","width":764,"height":430},{"@type":"BreadcrumbList","@id":"https:\/\/www.studiogatto.es\/fr\/renovation-complete-dune-cuisine-allongee-a-vilanova-i-la-geltru\/#breadcrumb","itemListElement":[{"@type":"ListItem","position":1,"name":"Portada","item":"https:\/\/www.studiogatto.es\/fr\/"},{"@type":"ListItem","position":2,"name":"R\u00e9novation compl\u00e8te d&#8217;une cuisine allong\u00e9e \u00e0 Vilanova i la Geltr\u00fa"}]},{"@type":"WebSite","@id":"https:\/\/www.studiogatto.es\/fr\/#website","url":"https:\/\/www.studiogatto.es\/fr\/","name":"Studio Gatto - Reformas, Cocinas, Ba\u00f1os","description":"Reformas integrales de Cocinas y ba\u00f1os. Interiorismo. Dise\u00f1o.","publisher":{"@id":"https:\/\/www.studiogatto.es\/fr\/#organization"},"potentialAction":[{"@type":"SearchAction","target":{"@type":"EntryPoint","urlTemplate":"https:\/\/www.studiogatto.es\/fr\/?s={search_term_string}"},"query-input":{"@type":"PropertyValueSpecification","valueRequired":true,"valueName":"search_term_string"}}],"inLanguage":"fr-FR"},{"@type":"Organization","@id":"https:\/\/www.studiogatto.es\/fr\/#organization","name":"Studio Gatto","url":"https:\/\/www.studiogatto.es\/fr\/","logo":{"@type":"ImageObject","inLanguage":"fr-FR","@id":"https:\/\/www.studiogatto.es\/fr\/#\/schema\/logo\/image\/","url":"https:\/\/www.studiogatto.es\/wp-content\/uploads\/Nuevo-logotipo.jpg","contentUrl":"https:\/\/www.studiogatto.es\/wp-content\/uploads\/Nuevo-logotipo.jpg","width":300,"height":167,"caption":"Studio Gatto"},"image":{"@id":"https:\/\/www.studiogatto.es\/fr\/#\/schema\/logo\/image\/"},"sameAs":["https:\/\/www.facebook.com\/studiogattocucine","https:\/\/x.com\/studiogattosl"]},{"@type":"Person","@id":"https:\/\/www.studiogatto.es\/fr\/#\/schema\/person\/27b057d9eeec105e75921345073c07bb","name":"soniso-gatto"}]}},"_links":{"self":[{"href":"https:\/\/www.studiogatto.es\/fr\/wp-json\/wp\/v2\/posts\/46755","targetHints":{"allow":["GET"]}}],"collection":[{"href":"https:\/\/www.studiogatto.es\/fr\/wp-json\/wp\/v2\/posts"}],"about":[{"href":"https:\/\/www.studiogatto.es\/fr\/wp-json\/wp\/v2\/types\/post"}],"author":[{"embeddable":true,"href":"https:\/\/www.studiogatto.es\/fr\/wp-json\/wp\/v2\/users\/2"}],"replies":[{"embeddable":true,"href":"https:\/\/www.studiogatto.es\/fr\/wp-json\/wp\/v2\/comments?post=46755"}],"version-history":[{"count":0,"href":"https:\/\/www.studiogatto.es\/fr\/wp-json\/wp\/v2\/posts\/46755\/revisions"}],"wp:featuredmedia":[{"embeddable":true,"href":"https:\/\/www.studiogatto.es\/fr\/wp-json\/wp\/v2\/media\/46819"}],"wp:attachment":[{"href":"https:\/\/www.studiogatto.es\/fr\/wp-json\/wp\/v2\/media?parent=46755"}],"wp:term":[{"taxonomy":"category","embeddable":true,"href":"https:\/\/www.studiogatto.es\/fr\/wp-json\/wp\/v2\/categories?post=46755"},{"taxonomy":"post_tag","embeddable":true,"href":"https:\/\/www.studiogatto.es\/fr\/wp-json\/wp\/v2\/tags?post=46755"}],"curies":[{"name":"wp","href":"https:\/\/api.w.org\/{rel}","templated":true}]}}