{"id":46753,"date":"2023-08-30T09:54:26","date_gmt":"2023-08-30T07:54:26","guid":{"rendered":"https:\/\/www.studiogatto.es\/projet-de-transformation-dune-terrasse-en-veranda-de-cuisine-a-sitges\/"},"modified":"2023-08-30T09:54:31","modified_gmt":"2023-08-30T07:54:31","slug":"projet-de-transformation-dune-terrasse-en-veranda-de-cuisine-a-sitges","status":"publish","type":"post","link":"https:\/\/www.studiogatto.es\/fr\/projet-de-transformation-dune-terrasse-en-veranda-de-cuisine-a-sitges\/","title":{"rendered":"Projet de transformation d&rsquo;une terrasse en v\u00e9randa de cuisine \u00e0 Sitges"},"content":{"rendered":"<p>[et_pb_section fb_built=\u00a0\u00bb1&Prime; admin_label=\u00a0\u00bbsection\u00a0\u00bb _builder_version=\u00a0\u00bb4.16&Prime; global_colors_info=\u00a0\u00bb{}\u00a0\u00bb da_is_popup=\u00a0\u00bboff\u00a0\u00bb da_exit_intent=\u00a0\u00bboff\u00a0\u00bb da_has_close=\u00a0\u00bbon\u00a0\u00bb da_alt_close=\u00a0\u00bboff\u00a0\u00bb da_dark_close=\u00a0\u00bboff\u00a0\u00bb da_not_modal=\u00a0\u00bbon\u00a0\u00bb da_is_singular=\u00a0\u00bboff\u00a0\u00bb da_with_loader=\u00a0\u00bboff\u00a0\u00bb da_has_shadow=\u00a0\u00bbon\u00a0\u00bb da_disable_devices=\u00a0\u00bboff|off|off\u00a0\u00bb][et_pb_row admin_label=\u00a0\u00bbrang\u00e9e\u00a0\u00bb _builder_version=\u00a0\u00bb4.16&Prime; background_size=\u00a0\u00bbinitial\u00a0\u00bb background_position=\u00a0\u00bbtop_left\u00a0\u00bb background_repeat=\u00a0\u00bbrepeat\u00a0\u00bb global_colors_info=\u00a0\u00bb{}\u00a0\u00bb][et_pb_column type=\u00a0\u00bb4_4&Prime; _builder_version=\u00a0\u00bb4.16&Prime; custom_padding=\u00a0\u00bb|||\u00a0\u00bb global_colors_info=\u00a0\u00bb{}\u00a0\u00bb custom_padding__hover=\u00a0\u00bb|||\u00a0\u00bb][et_pb_text admin_label=\u00a0\u00bbText\u00a0\u00bb _builder_version=\u00a0\u00bb4.19.0&Prime; background_size=\u00a0\u00bbinitial\u00a0\u00bb background_position=\u00a0\u00bbtop_left\u00a0\u00bb background_repeat=\u00a0\u00bbrepeat\u00a0\u00bb hover_enabled=\u00a0\u00bb0&Prime; global_colors_info=\u00a0\u00bb{}\u00a0\u00bb sticky_enabled=\u00a0\u00bb0&Prime;]<\/p>\n<div class=\"wp-block-columns\">\n<div class=\"wp-block-column\">\n<p>Ce projet consistait \u00e0 transformer une terrasse ext\u00e9rieure d&rsquo;un appartement \u00e0 Sitges en une cuisine-v\u00e9randa avec une menuiserie en aluminium noir qui permet de profiter de cet espace aussi bien en \u00e9t\u00e9 qu&rsquo;en hiver.<\/p>\n<p>Les meubles de cuisine sont de la marque INKO, mod\u00e8le AMALIA VOGUE MATTE LACQUER avec profil de poign\u00e9e gola int\u00e9gr\u00e9 dans la porte.<\/p>\n<p>Les appareils \u00e9lectrom\u00e9nagers sont de la marque BLAUPUNKT.<\/p>\n<p>La hotte est int\u00e9gr\u00e9e \u00e0 la plaque vitroc\u00e9ramique et le moteur et l&rsquo;\u00e9vacuation des fum\u00e9es sont install\u00e9s dans le socle afin de maximiser l&rsquo;espace \u00e0 l&rsquo;int\u00e9rieur des tiroirs.<\/p>\n<p>Le r\u00e9frig\u00e9rateur est un r\u00e9frig\u00e9rateur SMEG rouge.<\/p>\n<p>Le plan de travail est en bois de CH\u00caNE, pr\u00eat \u00e0 \u00eatre utilis\u00e9 dans la cuisine. L&rsquo;\u00e9paisseur est de 4 cm et il est parfait pour combiner ce ton de terre et le parquet blanc vintage.<\/p>\n<p>Le r\u00e9sultat est un espace confortable et multifonctionnel.<\/p>\n<p>L&rsquo;auvent est coupe-vent. Il est dot\u00e9 d&rsquo;un syst\u00e8me qui d\u00e9tecte l&rsquo;intensit\u00e9 du vent et se ramasse automatiquement si vous n&rsquo;\u00eates pas \u00e0 la maison.<\/p>\n<p>&nbsp;<\/p>\n<\/div>\n<\/div>\n<p>[\/et_pb_text][\/et_pb_column][\/et_pb_row][et_pb_row _builder_version=\u00a0\u00bb4.19.0&Prime; _module_preset=\u00a0\u00bbdefault\u00a0\u00bb column_structure=\u00a0\u00bb1_2,1_2&Prime;][et_pb_column _builder_version=\u00a0\u00bb4.19.0&Prime; _module_preset=\u00a0\u00bbdefault\u00a0\u00bb type=\u00a0\u00bb1_2&Prime;][et_pb_image src=\u00a0\u00bbhttps:\/\/www.studiogatto.es\/wp-content\/uploads\/cr2img.jpg\u00a0\u00bb _builder_version=\u00a0\u00bb4.19.0&Prime; _module_preset=\u00a0\u00bbdefault\u00a0\u00bb title_text=\u00a0\u00bbcr2img\u00a0\u00bb hover_enabled=\u00a0\u00bb0&Prime; sticky_enabled=\u00a0\u00bb0&Prime;][\/et_pb_image][\/et_pb_column][et_pb_column _builder_version=\u00a0\u00bb4.19.0&Prime; _module_preset=\u00a0\u00bbdefault\u00a0\u00bb type=\u00a0\u00bb1_2&Prime;][et_pb_image src=\u00a0\u00bbhttps:\/\/www.studiogatto.es\/wp-content\/uploads\/h-1.jpg\u00a0\u00bb _builder_version=\u00a0\u00bb4.19.0&Prime; _module_preset=\u00a0\u00bbdefault\u00a0\u00bb title_text=\u00a0\u00bbh\u00a0\u00bb hover_enabled=\u00a0\u00bb0&Prime; sticky_enabled=\u00a0\u00bb0&Prime;][\/et_pb_image][\/et_pb_column][\/et_pb_row][et_pb_row _builder_version=\u00a0\u00bb4.19.0&Prime; _module_preset=\u00a0\u00bbdefault\u00a0\u00bb column_structure=\u00a0\u00bb1_2,1_2&Prime;][et_pb_column _builder_version=\u00a0\u00bb4.19.0&Prime; _module_preset=\u00a0\u00bbdefault\u00a0\u00bb type=\u00a0\u00bb1_2&Prime;][et_pb_image src=\u00a0\u00bbhttps:\/\/www.studiogatto.es\/wp-content\/uploads\/f-1-1.jpg\u00a0\u00bb _builder_version=\u00a0\u00bb4.19.0&Prime; _module_preset=\u00a0\u00bbdefault\u00a0\u00bb title_text=\u00a0\u00bbf-1&Prime; hover_enabled=\u00a0\u00bb0&Prime; sticky_enabled=\u00a0\u00bb0&Prime;][\/et_pb_image][\/et_pb_column][et_pb_column _builder_version=\u00a0\u00bb4.19.0&Prime; _module_preset=\u00a0\u00bbdefault\u00a0\u00bb type=\u00a0\u00bb1_2&Prime;][et_pb_image src=\u00a0\u00bbhttps:\/\/www.studiogatto.es\/wp-content\/uploads\/g-1-1.jpg\u00a0\u00bb _builder_version=\u00a0\u00bb4.19.0&Prime; _module_preset=\u00a0\u00bbdefault\u00a0\u00bb title_text=\u00a0\u00bbg-1&Prime; hover_enabled=\u00a0\u00bb0&Prime; sticky_enabled=\u00a0\u00bb0&Prime;][\/et_pb_image][\/et_pb_column][\/et_pb_row][et_pb_row _builder_version=\u00a0\u00bb4.19.0&Prime; _module_preset=\u00a0\u00bbdefault\u00a0\u00bb][et_pb_column _builder_version=\u00a0\u00bb4.19.0&Prime; _module_preset=\u00a0\u00bbdefault\u00a0\u00bb type=\u00a0\u00bb4_4&Prime;][et_pb_image src=\u00a0\u00bbhttps:\/\/www.studiogatto.es\/wp-content\/uploads\/e-1-1.jpg\u00a0\u00bb _builder_version=\u00a0\u00bb4.19.0&Prime; _module_preset=\u00a0\u00bbdefault\u00a0\u00bb title_text=\u00a0\u00bbe-1&Prime; hover_enabled=\u00a0\u00bb0&Prime; sticky_enabled=\u00a0\u00bb0&Prime;][\/et_pb_image][et_pb_image src=\u00a0\u00bbhttps:\/\/www.studiogatto.es\/wp-content\/uploads\/j-1.jpg\u00a0\u00bb _builder_version=\u00a0\u00bb4.19.0&Prime; _module_preset=\u00a0\u00bbdefault\u00a0\u00bb title_text=\u00a0\u00bbj\u00a0\u00bb hover_enabled=\u00a0\u00bb0&Prime; sticky_enabled=\u00a0\u00bb0&Prime;][\/et_pb_image][\/et_pb_column][\/et_pb_row][et_pb_row _builder_version=\u00a0\u00bb4.19.0&Prime; _module_preset=\u00a0\u00bbdefault\u00a0\u00bb][et_pb_column _builder_version=\u00a0\u00bb4.19.0&Prime; _module_preset=\u00a0\u00bbdefault\u00a0\u00bb type=\u00a0\u00bb4_4&Prime;][et_pb_image src=\u00a0\u00bbhttps:\/\/www.studiogatto.es\/wp-content\/uploads\/a-2-1.jpg\u00a0\u00bb _builder_version=\u00a0\u00bb4.19.0&Prime; _module_preset=\u00a0\u00bbdefault\u00a0\u00bb title_text=\u00a0\u00bba-2&Prime; hover_enabled=\u00a0\u00bb0&Prime; sticky_enabled=\u00a0\u00bb0&Prime;][\/et_pb_image][et_pb_image src=\u00a0\u00bbhttps:\/\/www.studiogatto.es\/wp-content\/uploads\/c-1-1.jpg\u00a0\u00bb _builder_version=\u00a0\u00bb4.19.0&Prime; _module_preset=\u00a0\u00bbdefault\u00a0\u00bb title_text=\u00a0\u00bbc-1&Prime; hover_enabled=\u00a0\u00bb0&Prime; sticky_enabled=\u00a0\u00bb0&Prime;][\/et_pb_image][\/et_pb_column][\/et_pb_row][\/et_pb_section]<\/p>\n","protected":false},"excerpt":{"rendered":"<p>Ce projet consistait \u00e0 transformer une terrasse ext\u00e9rieure d&rsquo;un appartement \u00e0 Sitges en une cuisine-v\u00e9randa avec une menuiserie en aluminium noir qui permet de profiter de cet espace aussi bien en \u00e9t\u00e9 qu&rsquo;en hiver. Les meubles de cuisine sont de la marque INKO, mod\u00e8le AMALIA VOGUE MATTE LACQUER avec profil de poign\u00e9e gola int\u00e9gr\u00e9 dans [&hellip;]<\/p>\n","protected":false},"author":2,"featured_media":46754,"comment_status":"closed","ping_status":"closed","sticky":false,"template":"","format":"standard","meta":{"_et_pb_use_builder":"on","_et_pb_old_content":"","_et_gb_content_width":"","footnotes":""},"categories":[83],"tags":[],"class_list":["post-46753","post","type-post","status-publish","format-standard","has-post-thumbnail","hentry","category-projets"],"yoast_head":"<!-- This site is optimized with the Yoast SEO plugin v27.5 - https:\/\/yoast.com\/product\/yoast-seo-wordpress\/ -->\n<title>Projet de transformation d&#039;une terrasse en v\u00e9randa de cuisine \u00e0 Sitges<\/title>\n<meta name=\"description\" content=\"Transformation d&#039;une terrasse ext\u00e9rieure d&#039;un appartement \u00e0 Sitges en une cuisine-v\u00e9randa avec une menuiserie en aluminium noir qui peut \u00eatre appr\u00e9ci\u00e9e aussi bien en \u00e9t\u00e9 qu&#039;en hiver.\" \/>\n<meta name=\"robots\" content=\"index, follow, max-snippet:-1, max-image-preview:large, max-video-preview:-1\" \/>\n<link rel=\"canonical\" href=\"https:\/\/www.studiogatto.es\/fr\/projet-de-transformation-dune-terrasse-en-veranda-de-cuisine-a-sitges\/\" \/>\n<meta property=\"og:locale\" content=\"fr_FR\" \/>\n<meta property=\"og:type\" content=\"article\" \/>\n<meta property=\"og:title\" content=\"Projet de transformation d&#039;une terrasse en v\u00e9randa de cuisine \u00e0 Sitges\" \/>\n<meta property=\"og:description\" content=\"Transformation d&#039;une terrasse ext\u00e9rieure d&#039;un appartement \u00e0 Sitges en une cuisine-v\u00e9randa avec une menuiserie en aluminium noir qui peut \u00eatre appr\u00e9ci\u00e9e aussi bien en \u00e9t\u00e9 qu&#039;en hiver.\" \/>\n<meta property=\"og:url\" content=\"https:\/\/www.studiogatto.es\/fr\/projet-de-transformation-dune-terrasse-en-veranda-de-cuisine-a-sitges\/\" \/>\n<meta property=\"og:site_name\" content=\"Studio Gatto - Reformas, Cocinas, Ba\u00f1os\" \/>\n<meta property=\"article:publisher\" content=\"https:\/\/www.facebook.com\/studiogattocucine\" \/>\n<meta property=\"article:published_time\" content=\"2023-08-30T07:54:26+00:00\" \/>\n<meta property=\"article:modified_time\" content=\"2023-08-30T07:54:31+00:00\" \/>\n<meta property=\"og:image\" content=\"https:\/\/www.studiogatto.es\/wp-content\/uploads\/proyecto-transformacion-terraza-en-cocina-veranda-en-sitges-destacada.jpg\" \/>\n\t<meta property=\"og:image:width\" content=\"1280\" \/>\n\t<meta property=\"og:image:height\" content=\"960\" \/>\n\t<meta property=\"og:image:type\" content=\"image\/jpeg\" \/>\n<meta name=\"author\" content=\"soniso-gatto\" \/>\n<meta name=\"twitter:card\" content=\"summary_large_image\" \/>\n<meta name=\"twitter:creator\" content=\"@studiogattosl\" \/>\n<meta name=\"twitter:site\" content=\"@studiogattosl\" \/>\n<meta name=\"twitter:label1\" content=\"\u00c9crit par\" \/>\n\t<meta name=\"twitter:data1\" content=\"soniso-gatto\" \/>\n\t<meta name=\"twitter:label2\" content=\"Dur\u00e9e de lecture estim\u00e9e\" \/>\n\t<meta name=\"twitter:data2\" content=\"3 minutes\" \/>\n<script type=\"application\/ld+json\" class=\"yoast-schema-graph\">{\"@context\":\"https:\\\/\\\/schema.org\",\"@graph\":[{\"@type\":\"Article\",\"@id\":\"https:\\\/\\\/www.studiogatto.es\\\/fr\\\/projet-de-transformation-dune-terrasse-en-veranda-de-cuisine-a-sitges\\\/#article\",\"isPartOf\":{\"@id\":\"https:\\\/\\\/www.studiogatto.es\\\/fr\\\/projet-de-transformation-dune-terrasse-en-veranda-de-cuisine-a-sitges\\\/\"},\"author\":{\"name\":\"soniso-gatto\",\"@id\":\"https:\\\/\\\/www.studiogatto.es\\\/fr\\\/#\\\/schema\\\/person\\\/27b057d9eeec105e75921345073c07bb\"},\"headline\":\"Projet de transformation d&rsquo;une terrasse en v\u00e9randa de cuisine \u00e0 Sitges\",\"datePublished\":\"2023-08-30T07:54:26+00:00\",\"dateModified\":\"2023-08-30T07:54:31+00:00\",\"mainEntityOfPage\":{\"@id\":\"https:\\\/\\\/www.studiogatto.es\\\/fr\\\/projet-de-transformation-dune-terrasse-en-veranda-de-cuisine-a-sitges\\\/\"},\"wordCount\":676,\"publisher\":{\"@id\":\"https:\\\/\\\/www.studiogatto.es\\\/fr\\\/#organization\"},\"image\":{\"@id\":\"https:\\\/\\\/www.studiogatto.es\\\/fr\\\/projet-de-transformation-dune-terrasse-en-veranda-de-cuisine-a-sitges\\\/#primaryimage\"},\"thumbnailUrl\":\"https:\\\/\\\/www.studiogatto.es\\\/wp-content\\\/uploads\\\/proyecto-transformacion-terraza-en-cocina-veranda-en-sitges-destacada.jpg\",\"articleSection\":[\"Projets\"],\"inLanguage\":\"fr-FR\"},{\"@type\":\"WebPage\",\"@id\":\"https:\\\/\\\/www.studiogatto.es\\\/fr\\\/projet-de-transformation-dune-terrasse-en-veranda-de-cuisine-a-sitges\\\/\",\"url\":\"https:\\\/\\\/www.studiogatto.es\\\/fr\\\/projet-de-transformation-dune-terrasse-en-veranda-de-cuisine-a-sitges\\\/\",\"name\":\"Projet de transformation d'une terrasse en v\u00e9randa de cuisine \u00e0 Sitges\",\"isPartOf\":{\"@id\":\"https:\\\/\\\/www.studiogatto.es\\\/fr\\\/#website\"},\"primaryImageOfPage\":{\"@id\":\"https:\\\/\\\/www.studiogatto.es\\\/fr\\\/projet-de-transformation-dune-terrasse-en-veranda-de-cuisine-a-sitges\\\/#primaryimage\"},\"image\":{\"@id\":\"https:\\\/\\\/www.studiogatto.es\\\/fr\\\/projet-de-transformation-dune-terrasse-en-veranda-de-cuisine-a-sitges\\\/#primaryimage\"},\"thumbnailUrl\":\"https:\\\/\\\/www.studiogatto.es\\\/wp-content\\\/uploads\\\/proyecto-transformacion-terraza-en-cocina-veranda-en-sitges-destacada.jpg\",\"datePublished\":\"2023-08-30T07:54:26+00:00\",\"dateModified\":\"2023-08-30T07:54:31+00:00\",\"description\":\"Transformation d'une terrasse ext\u00e9rieure d'un appartement \u00e0 Sitges en une cuisine-v\u00e9randa avec une menuiserie en aluminium noir qui peut \u00eatre appr\u00e9ci\u00e9e aussi bien en \u00e9t\u00e9 qu'en hiver.\",\"breadcrumb\":{\"@id\":\"https:\\\/\\\/www.studiogatto.es\\\/fr\\\/projet-de-transformation-dune-terrasse-en-veranda-de-cuisine-a-sitges\\\/#breadcrumb\"},\"inLanguage\":\"fr-FR\",\"potentialAction\":[{\"@type\":\"ReadAction\",\"target\":[\"https:\\\/\\\/www.studiogatto.es\\\/fr\\\/projet-de-transformation-dune-terrasse-en-veranda-de-cuisine-a-sitges\\\/\"]}]},{\"@type\":\"ImageObject\",\"inLanguage\":\"fr-FR\",\"@id\":\"https:\\\/\\\/www.studiogatto.es\\\/fr\\\/projet-de-transformation-dune-terrasse-en-veranda-de-cuisine-a-sitges\\\/#primaryimage\",\"url\":\"https:\\\/\\\/www.studiogatto.es\\\/wp-content\\\/uploads\\\/proyecto-transformacion-terraza-en-cocina-veranda-en-sitges-destacada.jpg\",\"contentUrl\":\"https:\\\/\\\/www.studiogatto.es\\\/wp-content\\\/uploads\\\/proyecto-transformacion-terraza-en-cocina-veranda-en-sitges-destacada.jpg\",\"width\":1280,\"height\":960},{\"@type\":\"BreadcrumbList\",\"@id\":\"https:\\\/\\\/www.studiogatto.es\\\/fr\\\/projet-de-transformation-dune-terrasse-en-veranda-de-cuisine-a-sitges\\\/#breadcrumb\",\"itemListElement\":[{\"@type\":\"ListItem\",\"position\":1,\"name\":\"Portada\",\"item\":\"https:\\\/\\\/www.studiogatto.es\\\/fr\\\/\"},{\"@type\":\"ListItem\",\"position\":2,\"name\":\"Projet de transformation d&#8217;une terrasse en v\u00e9randa de cuisine \u00e0 Sitges\"}]},{\"@type\":\"WebSite\",\"@id\":\"https:\\\/\\\/www.studiogatto.es\\\/fr\\\/#website\",\"url\":\"https:\\\/\\\/www.studiogatto.es\\\/fr\\\/\",\"name\":\"Studio Gatto - Reformas, Cocinas, Ba\u00f1os\",\"description\":\"Reformas integrales de Cocinas y ba\u00f1os. Interiorismo. Dise\u00f1o.\",\"publisher\":{\"@id\":\"https:\\\/\\\/www.studiogatto.es\\\/fr\\\/#organization\"},\"potentialAction\":[{\"@type\":\"SearchAction\",\"target\":{\"@type\":\"EntryPoint\",\"urlTemplate\":\"https:\\\/\\\/www.studiogatto.es\\\/fr\\\/?s={search_term_string}\"},\"query-input\":{\"@type\":\"PropertyValueSpecification\",\"valueRequired\":true,\"valueName\":\"search_term_string\"}}],\"inLanguage\":\"fr-FR\"},{\"@type\":\"Organization\",\"@id\":\"https:\\\/\\\/www.studiogatto.es\\\/fr\\\/#organization\",\"name\":\"Studio Gatto\",\"url\":\"https:\\\/\\\/www.studiogatto.es\\\/fr\\\/\",\"logo\":{\"@type\":\"ImageObject\",\"inLanguage\":\"fr-FR\",\"@id\":\"https:\\\/\\\/www.studiogatto.es\\\/fr\\\/#\\\/schema\\\/logo\\\/image\\\/\",\"url\":\"https:\\\/\\\/www.studiogatto.es\\\/wp-content\\\/uploads\\\/Nuevo-logotipo.jpg\",\"contentUrl\":\"https:\\\/\\\/www.studiogatto.es\\\/wp-content\\\/uploads\\\/Nuevo-logotipo.jpg\",\"width\":300,\"height\":167,\"caption\":\"Studio Gatto\"},\"image\":{\"@id\":\"https:\\\/\\\/www.studiogatto.es\\\/fr\\\/#\\\/schema\\\/logo\\\/image\\\/\"},\"sameAs\":[\"https:\\\/\\\/www.facebook.com\\\/studiogattocucine\",\"https:\\\/\\\/x.com\\\/studiogattosl\"]},{\"@type\":\"Person\",\"@id\":\"https:\\\/\\\/www.studiogatto.es\\\/fr\\\/#\\\/schema\\\/person\\\/27b057d9eeec105e75921345073c07bb\",\"name\":\"soniso-gatto\"}]}<\/script>\n<!-- \/ Yoast SEO plugin. -->","yoast_head_json":{"title":"Projet de transformation d'une terrasse en v\u00e9randa de cuisine \u00e0 Sitges","description":"Transformation d'une terrasse ext\u00e9rieure d'un appartement \u00e0 Sitges en une cuisine-v\u00e9randa avec une menuiserie en aluminium noir qui peut \u00eatre appr\u00e9ci\u00e9e aussi bien en \u00e9t\u00e9 qu'en hiver.","robots":{"index":"index","follow":"follow","max-snippet":"max-snippet:-1","max-image-preview":"max-image-preview:large","max-video-preview":"max-video-preview:-1"},"canonical":"https:\/\/www.studiogatto.es\/fr\/projet-de-transformation-dune-terrasse-en-veranda-de-cuisine-a-sitges\/","og_locale":"fr_FR","og_type":"article","og_title":"Projet de transformation d'une terrasse en v\u00e9randa de cuisine \u00e0 Sitges","og_description":"Transformation d'une terrasse ext\u00e9rieure d'un appartement \u00e0 Sitges en une cuisine-v\u00e9randa avec une menuiserie en aluminium noir qui peut \u00eatre appr\u00e9ci\u00e9e aussi bien en \u00e9t\u00e9 qu'en hiver.","og_url":"https:\/\/www.studiogatto.es\/fr\/projet-de-transformation-dune-terrasse-en-veranda-de-cuisine-a-sitges\/","og_site_name":"Studio Gatto - Reformas, Cocinas, Ba\u00f1os","article_publisher":"https:\/\/www.facebook.com\/studiogattocucine","article_published_time":"2023-08-30T07:54:26+00:00","article_modified_time":"2023-08-30T07:54:31+00:00","og_image":[{"width":1280,"height":960,"url":"https:\/\/www.studiogatto.es\/wp-content\/uploads\/proyecto-transformacion-terraza-en-cocina-veranda-en-sitges-destacada.jpg","type":"image\/jpeg"}],"author":"soniso-gatto","twitter_card":"summary_large_image","twitter_creator":"@studiogattosl","twitter_site":"@studiogattosl","twitter_misc":{"\u00c9crit par":"soniso-gatto","Dur\u00e9e de lecture estim\u00e9e":"3 minutes"},"schema":{"@context":"https:\/\/schema.org","@graph":[{"@type":"Article","@id":"https:\/\/www.studiogatto.es\/fr\/projet-de-transformation-dune-terrasse-en-veranda-de-cuisine-a-sitges\/#article","isPartOf":{"@id":"https:\/\/www.studiogatto.es\/fr\/projet-de-transformation-dune-terrasse-en-veranda-de-cuisine-a-sitges\/"},"author":{"name":"soniso-gatto","@id":"https:\/\/www.studiogatto.es\/fr\/#\/schema\/person\/27b057d9eeec105e75921345073c07bb"},"headline":"Projet de transformation d&rsquo;une terrasse en v\u00e9randa de cuisine \u00e0 Sitges","datePublished":"2023-08-30T07:54:26+00:00","dateModified":"2023-08-30T07:54:31+00:00","mainEntityOfPage":{"@id":"https:\/\/www.studiogatto.es\/fr\/projet-de-transformation-dune-terrasse-en-veranda-de-cuisine-a-sitges\/"},"wordCount":676,"publisher":{"@id":"https:\/\/www.studiogatto.es\/fr\/#organization"},"image":{"@id":"https:\/\/www.studiogatto.es\/fr\/projet-de-transformation-dune-terrasse-en-veranda-de-cuisine-a-sitges\/#primaryimage"},"thumbnailUrl":"https:\/\/www.studiogatto.es\/wp-content\/uploads\/proyecto-transformacion-terraza-en-cocina-veranda-en-sitges-destacada.jpg","articleSection":["Projets"],"inLanguage":"fr-FR"},{"@type":"WebPage","@id":"https:\/\/www.studiogatto.es\/fr\/projet-de-transformation-dune-terrasse-en-veranda-de-cuisine-a-sitges\/","url":"https:\/\/www.studiogatto.es\/fr\/projet-de-transformation-dune-terrasse-en-veranda-de-cuisine-a-sitges\/","name":"Projet de transformation d'une terrasse en v\u00e9randa de cuisine \u00e0 Sitges","isPartOf":{"@id":"https:\/\/www.studiogatto.es\/fr\/#website"},"primaryImageOfPage":{"@id":"https:\/\/www.studiogatto.es\/fr\/projet-de-transformation-dune-terrasse-en-veranda-de-cuisine-a-sitges\/#primaryimage"},"image":{"@id":"https:\/\/www.studiogatto.es\/fr\/projet-de-transformation-dune-terrasse-en-veranda-de-cuisine-a-sitges\/#primaryimage"},"thumbnailUrl":"https:\/\/www.studiogatto.es\/wp-content\/uploads\/proyecto-transformacion-terraza-en-cocina-veranda-en-sitges-destacada.jpg","datePublished":"2023-08-30T07:54:26+00:00","dateModified":"2023-08-30T07:54:31+00:00","description":"Transformation d'une terrasse ext\u00e9rieure d'un appartement \u00e0 Sitges en une cuisine-v\u00e9randa avec une menuiserie en aluminium noir qui peut \u00eatre appr\u00e9ci\u00e9e aussi bien en \u00e9t\u00e9 qu'en hiver.","breadcrumb":{"@id":"https:\/\/www.studiogatto.es\/fr\/projet-de-transformation-dune-terrasse-en-veranda-de-cuisine-a-sitges\/#breadcrumb"},"inLanguage":"fr-FR","potentialAction":[{"@type":"ReadAction","target":["https:\/\/www.studiogatto.es\/fr\/projet-de-transformation-dune-terrasse-en-veranda-de-cuisine-a-sitges\/"]}]},{"@type":"ImageObject","inLanguage":"fr-FR","@id":"https:\/\/www.studiogatto.es\/fr\/projet-de-transformation-dune-terrasse-en-veranda-de-cuisine-a-sitges\/#primaryimage","url":"https:\/\/www.studiogatto.es\/wp-content\/uploads\/proyecto-transformacion-terraza-en-cocina-veranda-en-sitges-destacada.jpg","contentUrl":"https:\/\/www.studiogatto.es\/wp-content\/uploads\/proyecto-transformacion-terraza-en-cocina-veranda-en-sitges-destacada.jpg","width":1280,"height":960},{"@type":"BreadcrumbList","@id":"https:\/\/www.studiogatto.es\/fr\/projet-de-transformation-dune-terrasse-en-veranda-de-cuisine-a-sitges\/#breadcrumb","itemListElement":[{"@type":"ListItem","position":1,"name":"Portada","item":"https:\/\/www.studiogatto.es\/fr\/"},{"@type":"ListItem","position":2,"name":"Projet de transformation d&#8217;une terrasse en v\u00e9randa de cuisine \u00e0 Sitges"}]},{"@type":"WebSite","@id":"https:\/\/www.studiogatto.es\/fr\/#website","url":"https:\/\/www.studiogatto.es\/fr\/","name":"Studio Gatto - Reformas, Cocinas, Ba\u00f1os","description":"Reformas integrales de Cocinas y ba\u00f1os. Interiorismo. Dise\u00f1o.","publisher":{"@id":"https:\/\/www.studiogatto.es\/fr\/#organization"},"potentialAction":[{"@type":"SearchAction","target":{"@type":"EntryPoint","urlTemplate":"https:\/\/www.studiogatto.es\/fr\/?s={search_term_string}"},"query-input":{"@type":"PropertyValueSpecification","valueRequired":true,"valueName":"search_term_string"}}],"inLanguage":"fr-FR"},{"@type":"Organization","@id":"https:\/\/www.studiogatto.es\/fr\/#organization","name":"Studio Gatto","url":"https:\/\/www.studiogatto.es\/fr\/","logo":{"@type":"ImageObject","inLanguage":"fr-FR","@id":"https:\/\/www.studiogatto.es\/fr\/#\/schema\/logo\/image\/","url":"https:\/\/www.studiogatto.es\/wp-content\/uploads\/Nuevo-logotipo.jpg","contentUrl":"https:\/\/www.studiogatto.es\/wp-content\/uploads\/Nuevo-logotipo.jpg","width":300,"height":167,"caption":"Studio Gatto"},"image":{"@id":"https:\/\/www.studiogatto.es\/fr\/#\/schema\/logo\/image\/"},"sameAs":["https:\/\/www.facebook.com\/studiogattocucine","https:\/\/x.com\/studiogattosl"]},{"@type":"Person","@id":"https:\/\/www.studiogatto.es\/fr\/#\/schema\/person\/27b057d9eeec105e75921345073c07bb","name":"soniso-gatto"}]}},"_links":{"self":[{"href":"https:\/\/www.studiogatto.es\/fr\/wp-json\/wp\/v2\/posts\/46753","targetHints":{"allow":["GET"]}}],"collection":[{"href":"https:\/\/www.studiogatto.es\/fr\/wp-json\/wp\/v2\/posts"}],"about":[{"href":"https:\/\/www.studiogatto.es\/fr\/wp-json\/wp\/v2\/types\/post"}],"author":[{"embeddable":true,"href":"https:\/\/www.studiogatto.es\/fr\/wp-json\/wp\/v2\/users\/2"}],"replies":[{"embeddable":true,"href":"https:\/\/www.studiogatto.es\/fr\/wp-json\/wp\/v2\/comments?post=46753"}],"version-history":[{"count":0,"href":"https:\/\/www.studiogatto.es\/fr\/wp-json\/wp\/v2\/posts\/46753\/revisions"}],"wp:featuredmedia":[{"embeddable":true,"href":"https:\/\/www.studiogatto.es\/fr\/wp-json\/wp\/v2\/media\/46754"}],"wp:attachment":[{"href":"https:\/\/www.studiogatto.es\/fr\/wp-json\/wp\/v2\/media?parent=46753"}],"wp:term":[{"taxonomy":"category","embeddable":true,"href":"https:\/\/www.studiogatto.es\/fr\/wp-json\/wp\/v2\/categories?post=46753"},{"taxonomy":"post_tag","embeddable":true,"href":"https:\/\/www.studiogatto.es\/fr\/wp-json\/wp\/v2\/tags?post=46753"}],"curies":[{"name":"wp","href":"https:\/\/api.w.org\/{rel}","templated":true}]}}