{"id":46442,"date":"2023-08-30T09:54:21","date_gmt":"2023-08-30T07:54:21","guid":{"rendered":"https:\/\/www.studiogatto.es\/classes-defficacite-energetique-a-a-g-pour-les-appareils-domestiques\/"},"modified":"2023-08-30T09:54:27","modified_gmt":"2023-08-30T07:54:27","slug":"classes-defficacite-energetique-a-a-g-pour-les-appareils-domestiques","status":"publish","type":"post","link":"https:\/\/www.studiogatto.es\/fr\/classes-defficacite-energetique-a-a-g-pour-les-appareils-domestiques\/","title":{"rendered":"Classes d&rsquo;efficacit\u00e9 \u00e9nerg\u00e9tique A \u00e0 G pour les appareils domestiques"},"content":{"rendered":"<p>[et_pb_section fb_built=\u00a0\u00bb1&Prime; _builder_version=\u00a0\u00bb4.16&Prime; _module_preset=\u00a0\u00bbdefault\u00a0\u00bb da_disable_devices=\u00a0\u00bboff|off|off\u00a0\u00bb locked=\u00a0\u00bboff\u00a0\u00bb global_colors_info=\u00a0\u00bb{}\u00a0\u00bb da_is_popup=\u00a0\u00bboff\u00a0\u00bb da_exit_intent=\u00a0\u00bboff\u00a0\u00bb da_has_close=\u00a0\u00bbon\u00a0\u00bb da_alt_close=\u00a0\u00bboff\u00a0\u00bb da_dark_close=\u00a0\u00bboff\u00a0\u00bb da_not_modal=\u00a0\u00bbon\u00a0\u00bb da_is_singular=\u00a0\u00bboff\u00a0\u00bb da_with_loader=\u00a0\u00bboff\u00a0\u00bb da_has_shadow=\u00a0\u00bbon\u00a0\u00bb][et_pb_row _builder_version=\u00a0\u00bb4.18.0&Prime; _module_preset=\u00a0\u00bbdefault\u00a0\u00bb global_colors_info=\u00a0\u00bb{}\u00a0\u00bb][et_pb_column type=\u00a0\u00bb4_4&Prime; _builder_version=\u00a0\u00bb4.16&Prime; _module_preset=\u00a0\u00bbdefault\u00a0\u00bb global_colors_info=\u00a0\u00bb{}\u00a0\u00bb][et_pb_text _builder_version=\u00a0\u00bb4.19.1&Prime; _module_preset=\u00a0\u00bbdefault\u00a0\u00bb global_colors_info=\u00a0\u00bb{}\u00a0\u00bb]<\/p>\n<p>S&rsquo;agit-il d&rsquo;un nouvel appareil m\u00e9nager \u00e9conomique ou d&rsquo;un gros consommateur d&rsquo;\u00e9lectricit\u00e9 ? En fait, un simple coup d&rsquo;\u0153il \u00e0 l&rsquo;\u00e9tiquette \u00e9nerg\u00e9tique devrait suffire \u00e0 clarifier cette question. Mais l&rsquo;ancien \u00e9tiquetage \u00e9tait souvent source de confusion, car une grande partie des appareils \u00e9taient r\u00e9cemment class\u00e9s dans les \u00ab\u00a0classes plus\u00a0\u00bb A+, A++ ou A+++.  <br \/>Le syst\u00e8me d&rsquo;\u00e9tiquetage \u00e0 l&rsquo;\u00e9chelle de l&rsquo;UE a donc \u00e9t\u00e9 r\u00e9vis\u00e9 en profondeur et redimensionn\u00e9. \u00c0 partir du d\u00e9but du mois de mars 2021, des groupes de produits tels que les r\u00e9frig\u00e9rateurs ou les machines \u00e0 laver devront porter le nouveau label.<br \/>Qu&rsquo;est-ce que cela a chang\u00e9 pour les consommateurs et quels sont les avantages du nouveau label \u00e9nerg\u00e9tique ?<\/p>\n<p>[\/et_pb_text][et_pb_image src=\u00a0\u00bbhttps:\/\/www.studiogatto.es\/wp-content\/uploads\/P049826-836028-1.webp\u00a0\u00bb alt=\u00a0\u00bbR\u00e9frig\u00e9rateur ouvert et rempli de nourriture\u00a0\u00bb title_text=\u00a0\u00bbP049826-836028 (1)\u00a0\u00bb _builder_version=\u00a0\u00bb4.19.1&Prime; _module_preset=\u00a0\u00bbdefault\u00a0\u00bb locked=\u00a0\u00bboff\u00a0\u00bb global_colors_info=\u00a0\u00bb{}\u00a0\u00bb][\/et_pb_image][et_pb_text _builder_version=\u00a0\u00bb4.19.1&Prime; _module_preset=\u00a0\u00bbdefault\u00a0\u00bb global_colors_info=\u00a0\u00bb{}\u00a0\u00bb]<\/p>\n<h2>Classes d&rsquo;efficacit\u00e9 \u00e9nerg\u00e9tique : voici ce que signifient les lettres A \u00e0 G de l&rsquo;\u00e9tiquette \u00e9nergie<\/h2>\n<p>Dans l&rsquo;UE, les fabricants de gros appareils m\u00e9nagers sont tenus depuis 1995 d&rsquo;apposer une \u00e9tiquette \u00e9nerg\u00e9tique clairement reconnaissable sur l&rsquo;appareil. Cette \u00e9tiquette fournit des informations sur la consommation d&rsquo;\u00e9nergie ainsi que sur d&rsquo;autres caract\u00e9ristiques d&rsquo;utilisation. Afin de fournir aux consommateurs une vue d&rsquo;ensemble simple, une \u00e9chelle comprenant les classes A (tr\u00e8s faible demande d&rsquo;\u00e9nergie) \u00e0 G (tr\u00e8s forte demande) a \u00e9t\u00e9 introduite dans un premier temps. Le facteur d\u00e9cisif pour la classification \u00e9tait la <strong>demande d&rsquo;\u00e9nergie<\/strong> par rapport \u00e0 un appareil de r\u00e9f\u00e9rence fictif. Par exemple, un r\u00e9frig\u00e9rateur de la classe A devrait consommer moins de 55 % de la valeur de r\u00e9f\u00e9rence, tandis qu&rsquo;un r\u00e9frig\u00e9rateur de la classe G, la plus mauvaise, devrait consommer 150 % de plus.<\/p>\n<p><strong>Pour quels appareils m\u00e9nagers l&rsquo;\u00e9tiquetage \u00e9nerg\u00e9tique est-il obligatoire en Allemagne ?<\/strong><\/p>\n<ul>\n<li>R\u00e9frig\u00e9rateurs et cong\u00e9lateurs<\/li>\n<li>Lave-vaisselle<\/li>\n<li>Lave-linge et s\u00e8che-linge<\/li>\n<li>T\u00e9l\u00e9viseurs<\/li>\n<li>Fours domestiques<\/li>\n<li>Capuchons de cuisson<\/li>\n<li>Lampes et luminaires<\/li>\n<li>Hoovers<\/li>\n<li>Climatiseurs<\/li>\n<li>Chauffages<\/li>\n<li>Unit\u00e9s de ventilation de l&rsquo;espace habitable<\/li>\n<li>Chauffe-eau et r\u00e9servoirs d&rsquo;eau chaude<\/li>\n<\/ul>\n<p>[\/et_pb_text][et_pb_image src=\u00a0\u00bbhttps:\/\/www.studiogatto.es\/wp-content\/uploads\/P049826-122477-1.webp\u00a0\u00bb alt=\u00a0\u00bbR\u00e9frig\u00e9rateur ouvert et rempli de nourriture\u00a0\u00bb title_text=\u00a0\u00bbP049826-122477 (1)\u00a0\u00bb _builder_version=\u00a0\u00bb4.19.1&Prime; _module_preset=\u00a0\u00bbdefault\u00a0\u00bb locked=\u00a0\u00bboff\u00a0\u00bb global_colors_info=\u00a0\u00bb{}\u00a0\u00bb][\/et_pb_image][et_pb_text _builder_version=\u00a0\u00bb4.19.1&Prime; _module_preset=\u00a0\u00bbdefault\u00a0\u00bb global_colors_info=\u00a0\u00bb{}\u00a0\u00bb]<\/p>\n<h2>Le progr\u00e8s technique engendre la confusion<\/h2>\n<p>Mais beaucoup de choses se sont pass\u00e9es depuis les ann\u00e9es 1990. Les fabricants ont mis au point des appareils de plus en plus performants et, progressivement, presque tous les mod\u00e8les ont \u00e9t\u00e9 class\u00e9s dans les classes A et B. Pour tenir compte du progr\u00e8s technique, la \u00ab\u00a0meilleure classe\u00a0\u00bb A a finalement \u00e9t\u00e9 compl\u00e9t\u00e9e par des signes plus. Depuis 2011, les lave-vaisselle, les lave-linge, les t\u00e9l\u00e9viseurs et les r\u00e9frig\u00e9rateurs de la classe d&rsquo;efficacit\u00e9 \u00e9nerg\u00e9tique A+++ sont commercialis\u00e9s. Un t\u00e9l\u00e9viseur de cette classe d&rsquo;efficacit\u00e9 maximale consomme d\u00e9j\u00e0 90 % d&rsquo;\u00e9lectricit\u00e9 en moins que l&rsquo;appareil de r\u00e9f\u00e9rence correspondant.<\/p>\n<p>En outre, l&rsquo;UE a introduit des normes minimales qui rendent souvent obsol\u00e8tes les classes \u00e9nerg\u00e9tiques inf\u00e9rieures. Par exemple, depuis novembre 2015, les s\u00e9choirs des classes C \u00e0 G ne peuvent plus \u00eatre vendus. Ainsi, un appareil m\u00e9nager de la classe d&rsquo;efficacit\u00e9 \u00e9nerg\u00e9tique B, apparemment bonne, r\u00e9pondait tout juste aux normes l\u00e9gales en 2016. Pour les lave-vaisselle et les r\u00e9frig\u00e9rateurs, m\u00eame la classe A+ a \u00e9t\u00e9 d\u00e9finie comme la norme minimale.<\/p>\n<p>Cons\u00e9quence in\u00e9vitable : presque tous les appareils vendus r\u00e9cemment appartenaient aux classes d&rsquo;efficacit\u00e9 \u00e9nerg\u00e9tique A+ \u00e0 A+++. Mais un label qui donne de bonnes notes m\u00eame \u00e0 un consommateur d&rsquo;\u00e9nergie ne dit pas grand-chose. Afin de r\u00e9tablir la signification et l&rsquo;objectif initiaux, l&rsquo;UE a d\u00e9cid\u00e9 de r\u00e9viser fondamentalement l&rsquo;\u00e9tiquette \u00e9nerg\u00e9tique dans le cadre d&rsquo;un processus progressif.<\/p>\n<p>\u00c0 partir du d\u00e9but du mois de mars 2021, les premiers groupes de produits, tels que les r\u00e9frig\u00e9rateurs, les lave-linge et les lave-vaisselle, devront obligatoirement porter la \u00ab\u00a0nouvelle \u00e9tiquette \u00e9nergie\u00a0\u00bb. Cela implique les changements suivants :<\/p>\n<h4>1. nouvelle \u00e9chelle de classes d&rsquo;efficacit\u00e9 \u00e9nerg\u00e9tique de A \u00e0 G<\/h4>\n<p>Les <strong>classes A+ \u00e0 A+++ disparaissent compl\u00e8tement du nouveau label \u00e9nerg\u00e9tique<\/strong>. Au lieu de cela, l&rsquo;\u00e9chelle originale et intuitive de <strong>A (meilleure valeur) \u00e0 G (pire valeur<\/strong>) sera r\u00e9introduite. Le codage couleur du feu suppl\u00e9mentaire de \u00ab\u00a0vert fonc\u00e9\u00a0\u00bb \u00e0 \u00ab\u00a0rouge fonc\u00e9\u00a0\u00bb reste inchang\u00e9.<\/p>\n<p>Ainsi, un appareil labellis\u00e9 \u00ab\u00a0A\u00a0\u00bb figure \u00e0 nouveau parmi les plus \u00e9conomiques de sa cat\u00e9gorie. Cependant, l&rsquo;UE a consid\u00e9rablement renforc\u00e9 les crit\u00e8res de classification : selon les nouveaux crit\u00e8res, un r\u00e9frig\u00e9rateur de l&rsquo;ancienne classe A+++ peut \u00eatre class\u00e9 au mieux dans la classe B. Ainsi, au cours de la premi\u00e8re phase qui a suivi l&rsquo;introduction du nouveau label, aucun r\u00e9frig\u00e9rateur de classe A n&rsquo;a \u00e9t\u00e9 trouv\u00e9 sur le march\u00e9. L&rsquo;UE voulait ainsi inciter les fabricants \u00e0 faire un nouvel effort important dans le d\u00e9veloppement de leurs produits.<\/p>\n<p>Par ailleurs, il n&rsquo;existe pas de sch\u00e9ma de conversion fixe de l'\u00a0\u00bbancienne\u00a0\u00bb \u00e0 la \u00ab\u00a0nouvelle\u00a0\u00bb classe. Ainsi, un r\u00e9frig\u00e9rateur ou un lave-vaisselle portant l&rsquo;ancienne \u00e9tiquette A+++ peut se retrouver dans la classe B selon les nouvelles exigences, mais il peut \u00e9galement passer dans les classes C ou D. En effet, les crit\u00e8res d&rsquo;\u00e9valuation des diff\u00e9rentes cat\u00e9gories d&rsquo;appareils ont \u00e9t\u00e9 r\u00e9vis\u00e9s et affin\u00e9s. Cela devrait permettre une classification plus pr\u00e9cise et plus significative pour le consommateur.<\/p>\n<h4>2. des m\u00e9thodes de mesure plus r\u00e9alistes<\/h4>\n<p>Outre la lettre d&rsquo;identification, l&rsquo;\u00e9tiquette \u00e9nerg\u00e9tique contient \u00e9galement des informations sp\u00e9cifiques sur la consommation d&rsquo;\u00e9lectricit\u00e9. Cependant, les valeurs de consommation de l'\u00a0\u00bbancienne\u00a0\u00bb et de la \u00ab\u00a0nouvelle\u00a0\u00bb \u00e9tiquette ne sont pas toujours comparables car les <strong>conditions d&rsquo;essai ont chang\u00e9<\/strong>. Elles sont d\u00e9sormais plus proches des conditions de vie r\u00e9elles dans les foyers. Pour les r\u00e9frig\u00e9rateurs, par exemple, le nombre de kilowattheures est plus \u00e9lev\u00e9 en vertu de la norme r\u00e9vis\u00e9e, tandis que la valeur de consommation moyenne pour les lave-vaisselle est plus faible.<\/p>\n<h4>3. nouveaux crit\u00e8res de r\u00e9f\u00e9rence pour la demande d&rsquo;\u00e9nergie<\/h4>\n<p>Le nouveau label \u00e9nerg\u00e9tique se veut \u00e9galement plus convivial pour le consommateur gr\u00e2ce \u00e0 des valeurs de r\u00e9f\u00e9rence am\u00e9lior\u00e9es et uniformes pour la consommation d&rsquo;\u00e9nergie. Avec l&rsquo;ancienne \u00e9tiquette-\u00e9nergie, les valeurs de r\u00e9f\u00e9rence pour la consommation annuelle \u00e9taient choisies de mani\u00e8re plut\u00f4t arbitraire : pour les lave-vaisselle, par exemple, la consommation annuelle \u00e9tait bas\u00e9e sur 280 cycles de lavage, et pour les lave-linge sur 220 charges de lavage.<\/p>\n<p>Avec le nouveau label, la consommation annuelle se r\u00e9f\u00e8re toujours \u00e0 100 cycles. Il est ainsi beaucoup plus facile de convertir la consommation des m\u00e9nages et donc de calculer la demande d&rsquo;\u00e9lectricit\u00e9 pr\u00e9vue.<\/p>\n<h4>4. Code QR pour plus d&rsquo;informations<\/h4>\n<p>L&rsquo;\u00e9tiquette \u00e9nerg\u00e9tique pr\u00e9sente en un coup d&rsquo;\u0153il les informations les plus importantes sur la consommation d&rsquo;\u00e9nergie &#8211; ni plus ni moins. Pour obtenir des informations plus d\u00e9taill\u00e9es sur votre nouvel appareil, il vous suffit de scanner le code QR situ\u00e9 dans le coin sup\u00e9rieur droit de l&rsquo;\u00e9tiquette. Ce code vous permet d&rsquo;acc\u00e9der \u00e0 la base de donn\u00e9es europ\u00e9enne des produits appel\u00e9e \u00ab\u00a0EPREL\u00a0\u00bb<a href=\"https:\/\/eprel.ec.europa.eu\/screen\/home\">(https:\/\/eprel.ec.europa.eu\/screen\/home)<\/a>, dans laquelle les fabricants doivent enregistrer leurs produits soumis \u00e0 des exigences d&rsquo;\u00e9tiquetage \u00e0 partir de 2019. \u00c0 partir de d\u00e9but mars 2021, en m\u00eame temps que l&rsquo;introduction du nouveau label \u00e9nerg\u00e9tique, les consommateurs pourront \u00e9galement acc\u00e9der \u00e0 cette base de donn\u00e9es. Il contient des fiches techniques d\u00e9taill\u00e9es sur les produits ainsi que d&rsquo;autres informations.<\/p>\n<h4>5. nouveaux pictogrammes<\/h4>\n<p>Enfin, la nouvelle \u00e9tiquette \u00e9nergie contient des pictogrammes plus grands et partiellement modifi\u00e9s sur le plan graphique. Les fonctions les plus importantes de l&rsquo;appareil sont ainsi encore plus faciles \u00e0 comprendre et plus intuitives.<\/p>\n<p>[\/et_pb_text][et_pb_image src=\u00a0\u00bbhttps:\/\/www.studiogatto.es\/wp-content\/uploads\/P049826-703146-1.webp\u00a0\u00bb alt=\u00a0\u00bbR\u00e9frig\u00e9rateur ouvert et rempli de nourriture\u00a0\u00bb title_text=\u00a0\u00bbP049826-703146 (1)\u00a0\u00bb _builder_version=\u00a0\u00bb4.19.1&Prime; _module_preset=\u00a0\u00bbdefault\u00a0\u00bb locked=\u00a0\u00bboff\u00a0\u00bb global_colors_info=\u00a0\u00bb{}\u00a0\u00bb][\/et_pb_image][et_pb_text _builder_version=\u00a0\u00bb4.19.1&Prime; _module_preset=\u00a0\u00bbdefault\u00a0\u00bb global_colors_info=\u00a0\u00bb{}\u00a0\u00bb]<\/p>\n<h2>\u00c0 quel \u00e9quipement le nouvel \u00e9tiquetage s&rsquo;applique-t-il et \u00e0 partir de quand ?<\/h2>\n<p>Le nouveau label \u00e9nerg\u00e9tique sera introduit progressivement. Les premiers appareils \u00e0 double \u00e9tiquetage, c&rsquo;est-\u00e0-dire portant \u00e0 la fois l&rsquo;ancienne et la nouvelle \u00e9tiquette, sont sur le march\u00e9 depuis novembre 2020. \u00c0 partir du d\u00e9but du mois de mars 2021, les groupes de produits suivants devront porter le nouveau label :<\/p>\n<ul>\n<li>Lave-vaisselle<\/li>\n<li>Lave-linge et lave-linge s\u00e9chant<\/li>\n<li>R\u00e9frig\u00e9rateurs, cong\u00e9lateurs et caves \u00e0 vin<\/li>\n<li>\u00c9crans et moniteurs<\/li>\n<\/ul>\n<p>L&rsquo;UE a d\u00e9fini un certain nombre d&rsquo;exceptions : par exemple, les mod\u00e8les dont la production a \u00e9t\u00e9 interrompue ont \u00e9t\u00e9 autoris\u00e9s \u00e0 conserver l&rsquo;ancienne \u00e9tiquette pendant neuf mois suppl\u00e9mentaires.<\/p>\n<p>Pour les lampes et les ampoules, le nouveau label \u00e9nerg\u00e9tique a \u00e9t\u00e9 introduit le 1er septembre 2021. La phase de transition durera jusqu&rsquo;au 28 f\u00e9vrier 2023, date \u00e0 laquelle les produits porteront \u00e0 la fois l&rsquo;ancienne et la nouvelle \u00e9tiquette \u00e9nerg\u00e9tique au point de vente. Le l\u00e9gislateur a accord\u00e9 une p\u00e9riode de transition relativement longue, car l&rsquo;\u00e9tiquette \u00e9nerg\u00e9tique est g\u00e9n\u00e9ralement imprim\u00e9e sur l&#8217;emballage. Cela permet aux commer\u00e7ants d&rsquo;\u00e9couler leur stock sans avoir \u00e0 reconditionner les produits.<\/p>\n<p>Pour tous les autres groupes de produits soumis \u00e0 l&rsquo;obligation d&rsquo;\u00e9tiquetage, le changement prendra encore du temps. Le calendrier : \u00e0 partir de 2024, la plupart des autres groupes de produits, tels que les fours ou les aspirateurs, auront leur tour ; les appareils de chauffage ne seront pas commercialis\u00e9s avec la nouvelle \u00e9tiquette \u00e9nerg\u00e9tique avant 2026.<\/p>\n<p>Dans notre grande liste de conseils pour \u00e9conomiser l&rsquo;\u00e9lectricit\u00e9 de WEMAG, vous d\u00e9couvrirez comment \u00e9conomiser encore plus d&rsquo;\u00e9lectricit\u00e9 en g\u00e9n\u00e9ral.[\/et_pb_text][et_pb_image src=\u00a0\u00bbhttps:\/\/www.studiogatto.es\/wp-content\/uploads\/P049826-447540-1.webp\u00a0\u00bb alt=\u00a0\u00bbR\u00e9frig\u00e9rateur ouvert et rempli de nourriture\u00a0\u00bb title_text=\u00a0\u00bbP049826-447540 (1)\u00a0\u00bb _builder_version=\u00a0\u00bb4.19.1&Prime; _module_preset=\u00a0\u00bbdefault\u00a0\u00bb locked=\u00a0\u00bboff\u00a0\u00bb global_colors_info=\u00a0\u00bb{}\u00a0\u00bb][\/et_pb_image][et_pb_text _builder_version=\u00a0\u00bb4.19.1&Prime; _module_preset=\u00a0\u00bbdefault\u00a0\u00bb global_colors_info=\u00a0\u00bb{}\u00a0\u00bb]<\/p>\n<p>&nbsp;<\/p>\n<h2>Quand un nouvel achat vaut-il la peine ?<\/h2>\n<p>Selon les nouveaux crit\u00e8res plus stricts, de nombreux appareils anciens ne seraient plus class\u00e9s que dans les classes d&rsquo;efficacit\u00e9 \u00e9nerg\u00e9tique \u00ab\u00a0m\u00e9diocres\u00a0\u00bb E, F ou G. Est-il pr\u00e9f\u00e9rable de remplacer ces vieux appareils \u00e9nergivores par de nouveaux appareils \u00e0 haut rendement \u00e9nerg\u00e9tique d\u00e8s que possible, pour le bien de l&rsquo;environnement et de votre porte-monnaie ?<\/p>\n<p>Mais ce calcul ne fonctionne pas toujours. En effet, la production d&rsquo;appareils \u00e9lectriques consomme \u00e9galement des ressources, co\u00fbte de l&rsquo;\u00e9nergie et provoque donc des \u00e9missions de CO2. \u00c0 cela s&rsquo;ajoutent les co\u00fbts de transport et d&rsquo;\u00e9limination de l&rsquo;ancien \u00e9quipement. L&rsquo;impact environnemental associ\u00e9 n&rsquo;est pas inclus dans les chiffres de consommation. Par cons\u00e9quent, pour l&rsquo;\u00e9quilibre environnemental, nous devons admettre qu&rsquo;il est souvent pr\u00e9f\u00e9rable de continuer \u00e0 utiliser la vieille cuisini\u00e8re \u00e9lectrique ou le vieux t\u00e9l\u00e9viseur jusqu&rsquo;\u00e0 ce qu&rsquo;ils tombent en panne et d&rsquo;investir ensuite dans un nouvel appareil \u00e9conomique. Un appareil cass\u00e9 peut souvent \u00eatre r\u00e9par\u00e9 sans trop d&rsquo;efforts.<\/p>\n<p>Mais cela d\u00e9pend aussi du type d&rsquo;appareil. Selon certaines \u00e9tudes, il peut \u00eatre judicieux de remplacer les r\u00e9frig\u00e9rateurs et les cong\u00e9lateurs au bout de 5 \u00e0 10 ans seulement, car la nouvelle g\u00e9n\u00e9ration est beaucoup plus \u00e9conome en \u00e9nergie. Il en va de m\u00eame pour les s\u00e8che-linge \u00e9lectriques : \u00e0 partir de l'\u00a0\u00bbancienne\u00a0\u00bb classe d&rsquo;efficacit\u00e9 C, ils sont tr\u00e8s inefficaces selon les \u00e9co-experts et ont donc un impact environnemental inutilement \u00e9lev\u00e9.<\/p>\n<p>[\/et_pb_text][et_pb_text admin_label=\u00a0\u00bbTexto\u00a0\u00bb _builder_version=\u00a0\u00bb4.19.1&Prime; _module_preset=\u00a0\u00bbdefault\u00a0\u00bb global_colors_info=\u00a0\u00bb{}\u00a0\u00bb]<\/p>\n<h2>Les habitudes d&rsquo;utilisation sont \u00e9galement d\u00e9terminantes<\/h2>\n<p>Il faut \u00e9galement garder \u00e0 l&rsquo;esprit que toute personne qui remplace son ancien t\u00e9l\u00e9viseur par un \u00e9cran plat \u00e0 haute efficacit\u00e9 \u00e9nerg\u00e9tique de la taille d&rsquo;un \u00e9cran de cin\u00e9ma n&rsquo;a probablement pas fait une faveur \u00e0 l&rsquo;environnement. Parce qu&rsquo;un gros appareil consomme plus d&rsquo;\u00e9lectricit\u00e9 d\u00e8s le d\u00e9part, m\u00eame s&rsquo;il est techniquement optimis\u00e9. Il en va de m\u00eame si le lave-vaisselle n&rsquo;est rempli qu&rsquo;\u00e0 moiti\u00e9 lors du cycle de lavage Eco. Ici aussi, l&rsquo;effet d&rsquo;\u00e9conomie potentielle est rapidement annul\u00e9.<\/p>\n<p>Les experts appellent \u00e9galement ce ph\u00e9nom\u00e8ne \u00ab\u00a0l&rsquo;effet rebond\u00a0\u00bb : le progr\u00e8s technique rend les produits plus efficaces et souvent moins chers. Mais cela peut inciter les gens \u00e0 consommer davantage ou \u00e0 utiliser les appareils de mani\u00e8re plus imprudente. Par cons\u00e9quent, m\u00eame avec des appareils tr\u00e8s efficaces, veillez \u00e0 ne pas les utiliser inutilement, souvent ou pendant de longues p\u00e9riodes !<\/p>\n<h2>Comment calculer la dur\u00e9e d&rsquo;amortissement d&rsquo;un nouvel achat ?<\/h2>\n<p>\u00c0 quel moment est-il rentable de remplacer un vieil appareil \u00e9lectrom\u00e9nager ? Vous pouvez le calculer si vous connaissez les valeurs de consommation de l&rsquo;ancien appareil et si vous pouvez estimer la fr\u00e9quence \u00e0 laquelle vous l&rsquo;utilisez. Pour ce faire, suivez les \u00e9tapes suivantes :<\/p>\n<p><a href=\"https:\/\/youtu.be\/JX4FC6tJLlI\">1. L&rsquo;\u00e9tiquette \u00e9nerg\u00e9tique de l&rsquo;ancien appareil est-elle disponible<\/a>ou existe-t-il une description de l&rsquo;ancien <a href=\"https:\/\/youtu.be\/JX4FC6tJLlI\">appareil<\/a>? Vous y trouverez les valeurs de consommation exactes. G\u00e9n\u00e9ralement, il s&rsquo;agit d&rsquo;une sp\u00e9cification de \u00ab\u00a0x kWh (kilowattheures) par heure\u00a0\u00bb. Si vous ne trouvez pas d&rsquo;informations aupr\u00e8s du fabricant, vous pouvez \u00e9galement d\u00e9terminer la consommation exacte \u00e0 l&rsquo;aide d&rsquo;un compteur \u00e9lectrique sp\u00e9cial.<br \/>2. Calculer la fr\u00e9quence d&rsquo;utilisation de l&rsquo;appareil (en heures par an). Sur cette base, vous pouvez calculer la demande annuelle d&rsquo;\u00e9lectricit\u00e9 (en kWh).<br \/>Multipliez le nombre de kilowattheures (kWh) par le prix actuel de l&rsquo;\u00e9lectricit\u00e9 : vous obtenez le co\u00fbt annuel de l&rsquo;\u00e9lectricit\u00e9.<br \/>4. Effectuez maintenant ce calcul avec les valeurs de consommation du nouvel appareil que vous souhaitez acheter.<br \/>5. La diff\u00e9rence entre les \u00ab\u00a0anciens\u00a0\u00bb co\u00fbts d&rsquo;\u00e9lectricit\u00e9 et les \u00ab\u00a0nouveaux\u00a0\u00bb co\u00fbts d&rsquo;\u00e9lectricit\u00e9 est le montant que vous pouvez \u00e9conomiser annuellement.<br \/>6. Divisez maintenant le prix d&rsquo;achat du nouvel appareil par ce montant. Vous saurez alors en combien d&rsquo;ann\u00e9es votre nouvel achat aura \u00e9t\u00e9 amorti.<\/p>\n<h2>Un nouvel outil de comparaison pour aider les consommateurs \u00e0 acheter des appareils \u00e9lectrom\u00e9nagers<\/h2>\n<p>Si vous d\u00e9cidez de faire un nouvel achat, l&rsquo;outil de comparaison \u00ab\u00a0LABEL2020 Scan &amp; Check\u00a0\u00bb<a href=\"https:\/\/tool.label2020.eu\/qr-scan\">(https:\/\/tool.label2020.eu\/qr-scan)<\/a> vous aidera \u00e0 choisir le bon appareil. Le d\u00e9veloppement de cet outil a \u00e9t\u00e9 financ\u00e9 par des fonds europ\u00e9ens et fait partie du projet europ\u00e9en \u00ab\u00a0LABEL 2020\u00a0\u00bb, qui vise \u00e0 assurer une transition en douceur vers le nouveau label \u00e9nerg\u00e9tique. L&rsquo;outil de comparaison utilise les donn\u00e9es de la base de donn\u00e9es europ\u00e9enne EPREL, dans laquelle les fabricants doivent enregistrer leurs produits depuis 2019. Les consommateurs ont \u00e9galement un acc\u00e8s direct \u00e0 cette base de donn\u00e9es, mais l&rsquo;outil Scan &amp; Check, financ\u00e9 par l&rsquo;UE, est plus facile \u00e0 utiliser.<\/p>\n<p>Aucune inscription n&rsquo;est n\u00e9cessaire pour utiliser l&rsquo;outil. Les consommateurs peuvent l&rsquo;utiliser pour rechercher et comparer des produits \u00e0 partir de leur ordinateur ou de leur t\u00e9l\u00e9phone portable. Pour ce faire, il suffit de scanner le code QR figurant sur l&rsquo;\u00e9tiquette \u00e9nerg\u00e9tique ou de saisir le nom du fabricant et la d\u00e9signation du mod\u00e8le. L&rsquo;outil vous permet de comparer un nombre quelconque de produits en fonction des crit\u00e8res s\u00e9lectionn\u00e9s. En outre, les co\u00fbts d&rsquo;exploitation pr\u00e9vus peuvent \u00eatre calcul\u00e9s sur la base du comportement d&rsquo;utilisation individuel. Cela devrait permettre une d\u00e9cision d&rsquo;achat plus \u00e9clair\u00e9e et contribuer \u00e0 \u00e9conomiser l&rsquo;\u00e9nergie domestique.  <\/p>\n<p>  Nous esp\u00e9rons que vous l&rsquo;avez trouv\u00e9 utile. Et juste au cas o\u00f9, voici une vid\u00e9o de l&rsquo;Irlande, qui est tr\u00e8s facile \u00e0 comprendre !<\/p>\n<p>&nbsp;<\/p>\n<p>&nbsp;<\/p>\n<p>[\/et_pb_text][et_pb_code _builder_version=\u00a0\u00bb4.19.1&Prime; _module_preset=\u00a0\u00bbdefault\u00a0\u00bb global_colors_info=\u00a0\u00bb{}\u00a0\u00bb]<iframe loading=\"lazy\" width=\"560\" height=\"315\" src=\"https:\/\/www.youtube.com\/embed\/JX4FC6tJLlI\" title=\"Lecteur vid\u00e9o YouTube\" frameborder=\"0\" allow=\"accelerometer; autoplay; clipboard-write; encrypted-media; gyroscope; picture-in-picture\" allowfullscreen=\"\"><\/iframe>[\/et_pb_code][\/et_pb_column][\/et_pb_row][\/et_pb_section]<\/p>\n","protected":false},"excerpt":{"rendered":"<p>Le syst\u00e8me d&rsquo;\u00e9tiquetage \u00e9nerg\u00e9tique de l&rsquo;UE a \u00e9t\u00e9 r\u00e9vis\u00e9 en profondeur depuis 2021.<\/p>\n","protected":false},"author":2,"featured_media":46484,"comment_status":"closed","ping_status":"closed","sticky":false,"template":"","format":"standard","meta":{"_et_pb_use_builder":"on","_et_pb_old_content":"","_et_gb_content_width":"","footnotes":""},"categories":[84,85],"tags":[],"class_list":["post-46442","post","type-post","status-publish","format-standard","has-post-thumbnail","hentry","category-actualites","category-conception"],"yoast_head":"<!-- This site is optimized with the Yoast SEO plugin v27.5 - https:\/\/yoast.com\/product\/yoast-seo-wordpress\/ -->\n<title>Classes d&#039;efficacit\u00e9 \u00e9nerg\u00e9tique A \u00e0 G pour les appareils domestiques<\/title>\n<meta name=\"description\" content=\"Le syst\u00e8me d&#039;\u00e9tiquetage \u00e0 l&#039;\u00e9chelle de l&#039;UE a \u00e9t\u00e9 enti\u00e8rement revu et redimensionn\u00e9. A partir de d\u00e9but mars 2021\" \/>\n<meta name=\"robots\" content=\"index, follow, max-snippet:-1, max-image-preview:large, max-video-preview:-1\" \/>\n<link rel=\"canonical\" href=\"https:\/\/www.studiogatto.es\/fr\/classes-defficacite-energetique-a-a-g-pour-les-appareils-domestiques\/\" \/>\n<meta property=\"og:locale\" content=\"fr_FR\" \/>\n<meta property=\"og:type\" content=\"article\" \/>\n<meta property=\"og:title\" content=\"Classes d&#039;efficacit\u00e9 \u00e9nerg\u00e9tique A \u00e0 G pour les appareils domestiques\" \/>\n<meta property=\"og:description\" content=\"Le syst\u00e8me d&#039;\u00e9tiquetage \u00e0 l&#039;\u00e9chelle de l&#039;UE a \u00e9t\u00e9 enti\u00e8rement revu et redimensionn\u00e9. A partir de d\u00e9but mars 2021\" \/>\n<meta property=\"og:url\" content=\"https:\/\/www.studiogatto.es\/fr\/classes-defficacite-energetique-a-a-g-pour-les-appareils-domestiques\/\" \/>\n<meta property=\"og:site_name\" content=\"Studio Gatto - Reformas, Cocinas, Ba\u00f1os\" \/>\n<meta property=\"article:publisher\" content=\"https:\/\/www.facebook.com\/studiogattocucine\" \/>\n<meta property=\"article:published_time\" content=\"2023-08-30T07:54:21+00:00\" \/>\n<meta property=\"article:modified_time\" content=\"2023-08-30T07:54:27+00:00\" \/>\n<meta property=\"og:image\" content=\"https:\/\/www.studiogatto.es\/wp-content\/uploads\/P049826-836028-1.webp\" \/>\n\t<meta property=\"og:image:width\" content=\"800\" \/>\n\t<meta property=\"og:image:height\" content=\"534\" \/>\n\t<meta property=\"og:image:type\" content=\"image\/webp\" \/>\n<meta name=\"author\" content=\"soniso-gatto\" \/>\n<meta name=\"twitter:card\" content=\"summary_large_image\" \/>\n<meta name=\"twitter:creator\" content=\"@studiogattosl\" \/>\n<meta name=\"twitter:site\" content=\"@studiogattosl\" \/>\n<meta name=\"twitter:label1\" content=\"\u00c9crit par\" \/>\n\t<meta name=\"twitter:data1\" content=\"soniso-gatto\" \/>\n\t<meta name=\"twitter:label2\" content=\"Dur\u00e9e de lecture estim\u00e9e\" \/>\n\t<meta name=\"twitter:data2\" content=\"14 minutes\" \/>\n<script type=\"application\/ld+json\" class=\"yoast-schema-graph\">{\"@context\":\"https:\\\/\\\/schema.org\",\"@graph\":[{\"@type\":\"Article\",\"@id\":\"https:\\\/\\\/www.studiogatto.es\\\/fr\\\/classes-defficacite-energetique-a-a-g-pour-les-appareils-domestiques\\\/#article\",\"isPartOf\":{\"@id\":\"https:\\\/\\\/www.studiogatto.es\\\/fr\\\/classes-defficacite-energetique-a-a-g-pour-les-appareils-domestiques\\\/\"},\"author\":{\"name\":\"soniso-gatto\",\"@id\":\"https:\\\/\\\/www.studiogatto.es\\\/fr\\\/#\\\/schema\\\/person\\\/27b057d9eeec105e75921345073c07bb\"},\"headline\":\"Classes d&rsquo;efficacit\u00e9 \u00e9nerg\u00e9tique A \u00e0 G pour les appareils domestiques\",\"datePublished\":\"2023-08-30T07:54:21+00:00\",\"dateModified\":\"2023-08-30T07:54:27+00:00\",\"mainEntityOfPage\":{\"@id\":\"https:\\\/\\\/www.studiogatto.es\\\/fr\\\/classes-defficacite-energetique-a-a-g-pour-les-appareils-domestiques\\\/\"},\"wordCount\":2877,\"publisher\":{\"@id\":\"https:\\\/\\\/www.studiogatto.es\\\/fr\\\/#organization\"},\"image\":{\"@id\":\"https:\\\/\\\/www.studiogatto.es\\\/fr\\\/classes-defficacite-energetique-a-a-g-pour-les-appareils-domestiques\\\/#primaryimage\"},\"thumbnailUrl\":\"https:\\\/\\\/www.studiogatto.es\\\/wp-content\\\/uploads\\\/P049826-836028-1.webp\",\"articleSection\":[\"Actualit\u00e9s\",\"Conception\"],\"inLanguage\":\"fr-FR\"},{\"@type\":\"WebPage\",\"@id\":\"https:\\\/\\\/www.studiogatto.es\\\/fr\\\/classes-defficacite-energetique-a-a-g-pour-les-appareils-domestiques\\\/\",\"url\":\"https:\\\/\\\/www.studiogatto.es\\\/fr\\\/classes-defficacite-energetique-a-a-g-pour-les-appareils-domestiques\\\/\",\"name\":\"Classes d'efficacit\u00e9 \u00e9nerg\u00e9tique A \u00e0 G pour les appareils domestiques\",\"isPartOf\":{\"@id\":\"https:\\\/\\\/www.studiogatto.es\\\/fr\\\/#website\"},\"primaryImageOfPage\":{\"@id\":\"https:\\\/\\\/www.studiogatto.es\\\/fr\\\/classes-defficacite-energetique-a-a-g-pour-les-appareils-domestiques\\\/#primaryimage\"},\"image\":{\"@id\":\"https:\\\/\\\/www.studiogatto.es\\\/fr\\\/classes-defficacite-energetique-a-a-g-pour-les-appareils-domestiques\\\/#primaryimage\"},\"thumbnailUrl\":\"https:\\\/\\\/www.studiogatto.es\\\/wp-content\\\/uploads\\\/P049826-836028-1.webp\",\"datePublished\":\"2023-08-30T07:54:21+00:00\",\"dateModified\":\"2023-08-30T07:54:27+00:00\",\"description\":\"Le syst\u00e8me d'\u00e9tiquetage \u00e0 l'\u00e9chelle de l'UE a \u00e9t\u00e9 enti\u00e8rement revu et redimensionn\u00e9. A partir de d\u00e9but mars 2021\",\"breadcrumb\":{\"@id\":\"https:\\\/\\\/www.studiogatto.es\\\/fr\\\/classes-defficacite-energetique-a-a-g-pour-les-appareils-domestiques\\\/#breadcrumb\"},\"inLanguage\":\"fr-FR\",\"potentialAction\":[{\"@type\":\"ReadAction\",\"target\":[\"https:\\\/\\\/www.studiogatto.es\\\/fr\\\/classes-defficacite-energetique-a-a-g-pour-les-appareils-domestiques\\\/\"]}]},{\"@type\":\"ImageObject\",\"inLanguage\":\"fr-FR\",\"@id\":\"https:\\\/\\\/www.studiogatto.es\\\/fr\\\/classes-defficacite-energetique-a-a-g-pour-les-appareils-domestiques\\\/#primaryimage\",\"url\":\"https:\\\/\\\/www.studiogatto.es\\\/wp-content\\\/uploads\\\/P049826-836028-1.webp\",\"contentUrl\":\"https:\\\/\\\/www.studiogatto.es\\\/wp-content\\\/uploads\\\/P049826-836028-1.webp\",\"width\":800,\"height\":534},{\"@type\":\"BreadcrumbList\",\"@id\":\"https:\\\/\\\/www.studiogatto.es\\\/fr\\\/classes-defficacite-energetique-a-a-g-pour-les-appareils-domestiques\\\/#breadcrumb\",\"itemListElement\":[{\"@type\":\"ListItem\",\"position\":1,\"name\":\"Portada\",\"item\":\"https:\\\/\\\/www.studiogatto.es\\\/fr\\\/\"},{\"@type\":\"ListItem\",\"position\":2,\"name\":\"Classes d&#8217;efficacit\u00e9 \u00e9nerg\u00e9tique A \u00e0 G pour les appareils domestiques\"}]},{\"@type\":\"WebSite\",\"@id\":\"https:\\\/\\\/www.studiogatto.es\\\/fr\\\/#website\",\"url\":\"https:\\\/\\\/www.studiogatto.es\\\/fr\\\/\",\"name\":\"Studio Gatto - Reformas, Cocinas, Ba\u00f1os\",\"description\":\"Reformas integrales de Cocinas y ba\u00f1os. Interiorismo. Dise\u00f1o.\",\"publisher\":{\"@id\":\"https:\\\/\\\/www.studiogatto.es\\\/fr\\\/#organization\"},\"potentialAction\":[{\"@type\":\"SearchAction\",\"target\":{\"@type\":\"EntryPoint\",\"urlTemplate\":\"https:\\\/\\\/www.studiogatto.es\\\/fr\\\/?s={search_term_string}\"},\"query-input\":{\"@type\":\"PropertyValueSpecification\",\"valueRequired\":true,\"valueName\":\"search_term_string\"}}],\"inLanguage\":\"fr-FR\"},{\"@type\":\"Organization\",\"@id\":\"https:\\\/\\\/www.studiogatto.es\\\/fr\\\/#organization\",\"name\":\"Studio Gatto\",\"url\":\"https:\\\/\\\/www.studiogatto.es\\\/fr\\\/\",\"logo\":{\"@type\":\"ImageObject\",\"inLanguage\":\"fr-FR\",\"@id\":\"https:\\\/\\\/www.studiogatto.es\\\/fr\\\/#\\\/schema\\\/logo\\\/image\\\/\",\"url\":\"https:\\\/\\\/www.studiogatto.es\\\/wp-content\\\/uploads\\\/Nuevo-logotipo.jpg\",\"contentUrl\":\"https:\\\/\\\/www.studiogatto.es\\\/wp-content\\\/uploads\\\/Nuevo-logotipo.jpg\",\"width\":300,\"height\":167,\"caption\":\"Studio Gatto\"},\"image\":{\"@id\":\"https:\\\/\\\/www.studiogatto.es\\\/fr\\\/#\\\/schema\\\/logo\\\/image\\\/\"},\"sameAs\":[\"https:\\\/\\\/www.facebook.com\\\/studiogattocucine\",\"https:\\\/\\\/x.com\\\/studiogattosl\"]},{\"@type\":\"Person\",\"@id\":\"https:\\\/\\\/www.studiogatto.es\\\/fr\\\/#\\\/schema\\\/person\\\/27b057d9eeec105e75921345073c07bb\",\"name\":\"soniso-gatto\"}]}<\/script>\n<!-- \/ Yoast SEO plugin. -->","yoast_head_json":{"title":"Classes d'efficacit\u00e9 \u00e9nerg\u00e9tique A \u00e0 G pour les appareils domestiques","description":"Le syst\u00e8me d'\u00e9tiquetage \u00e0 l'\u00e9chelle de l'UE a \u00e9t\u00e9 enti\u00e8rement revu et redimensionn\u00e9. A partir de d\u00e9but mars 2021","robots":{"index":"index","follow":"follow","max-snippet":"max-snippet:-1","max-image-preview":"max-image-preview:large","max-video-preview":"max-video-preview:-1"},"canonical":"https:\/\/www.studiogatto.es\/fr\/classes-defficacite-energetique-a-a-g-pour-les-appareils-domestiques\/","og_locale":"fr_FR","og_type":"article","og_title":"Classes d'efficacit\u00e9 \u00e9nerg\u00e9tique A \u00e0 G pour les appareils domestiques","og_description":"Le syst\u00e8me d'\u00e9tiquetage \u00e0 l'\u00e9chelle de l'UE a \u00e9t\u00e9 enti\u00e8rement revu et redimensionn\u00e9. A partir de d\u00e9but mars 2021","og_url":"https:\/\/www.studiogatto.es\/fr\/classes-defficacite-energetique-a-a-g-pour-les-appareils-domestiques\/","og_site_name":"Studio Gatto - Reformas, Cocinas, Ba\u00f1os","article_publisher":"https:\/\/www.facebook.com\/studiogattocucine","article_published_time":"2023-08-30T07:54:21+00:00","article_modified_time":"2023-08-30T07:54:27+00:00","og_image":[{"width":800,"height":534,"url":"https:\/\/www.studiogatto.es\/wp-content\/uploads\/P049826-836028-1.webp","type":"image\/webp"}],"author":"soniso-gatto","twitter_card":"summary_large_image","twitter_creator":"@studiogattosl","twitter_site":"@studiogattosl","twitter_misc":{"\u00c9crit par":"soniso-gatto","Dur\u00e9e de lecture estim\u00e9e":"14 minutes"},"schema":{"@context":"https:\/\/schema.org","@graph":[{"@type":"Article","@id":"https:\/\/www.studiogatto.es\/fr\/classes-defficacite-energetique-a-a-g-pour-les-appareils-domestiques\/#article","isPartOf":{"@id":"https:\/\/www.studiogatto.es\/fr\/classes-defficacite-energetique-a-a-g-pour-les-appareils-domestiques\/"},"author":{"name":"soniso-gatto","@id":"https:\/\/www.studiogatto.es\/fr\/#\/schema\/person\/27b057d9eeec105e75921345073c07bb"},"headline":"Classes d&rsquo;efficacit\u00e9 \u00e9nerg\u00e9tique A \u00e0 G pour les appareils domestiques","datePublished":"2023-08-30T07:54:21+00:00","dateModified":"2023-08-30T07:54:27+00:00","mainEntityOfPage":{"@id":"https:\/\/www.studiogatto.es\/fr\/classes-defficacite-energetique-a-a-g-pour-les-appareils-domestiques\/"},"wordCount":2877,"publisher":{"@id":"https:\/\/www.studiogatto.es\/fr\/#organization"},"image":{"@id":"https:\/\/www.studiogatto.es\/fr\/classes-defficacite-energetique-a-a-g-pour-les-appareils-domestiques\/#primaryimage"},"thumbnailUrl":"https:\/\/www.studiogatto.es\/wp-content\/uploads\/P049826-836028-1.webp","articleSection":["Actualit\u00e9s","Conception"],"inLanguage":"fr-FR"},{"@type":"WebPage","@id":"https:\/\/www.studiogatto.es\/fr\/classes-defficacite-energetique-a-a-g-pour-les-appareils-domestiques\/","url":"https:\/\/www.studiogatto.es\/fr\/classes-defficacite-energetique-a-a-g-pour-les-appareils-domestiques\/","name":"Classes d'efficacit\u00e9 \u00e9nerg\u00e9tique A \u00e0 G pour les appareils domestiques","isPartOf":{"@id":"https:\/\/www.studiogatto.es\/fr\/#website"},"primaryImageOfPage":{"@id":"https:\/\/www.studiogatto.es\/fr\/classes-defficacite-energetique-a-a-g-pour-les-appareils-domestiques\/#primaryimage"},"image":{"@id":"https:\/\/www.studiogatto.es\/fr\/classes-defficacite-energetique-a-a-g-pour-les-appareils-domestiques\/#primaryimage"},"thumbnailUrl":"https:\/\/www.studiogatto.es\/wp-content\/uploads\/P049826-836028-1.webp","datePublished":"2023-08-30T07:54:21+00:00","dateModified":"2023-08-30T07:54:27+00:00","description":"Le syst\u00e8me d'\u00e9tiquetage \u00e0 l'\u00e9chelle de l'UE a \u00e9t\u00e9 enti\u00e8rement revu et redimensionn\u00e9. A partir de d\u00e9but mars 2021","breadcrumb":{"@id":"https:\/\/www.studiogatto.es\/fr\/classes-defficacite-energetique-a-a-g-pour-les-appareils-domestiques\/#breadcrumb"},"inLanguage":"fr-FR","potentialAction":[{"@type":"ReadAction","target":["https:\/\/www.studiogatto.es\/fr\/classes-defficacite-energetique-a-a-g-pour-les-appareils-domestiques\/"]}]},{"@type":"ImageObject","inLanguage":"fr-FR","@id":"https:\/\/www.studiogatto.es\/fr\/classes-defficacite-energetique-a-a-g-pour-les-appareils-domestiques\/#primaryimage","url":"https:\/\/www.studiogatto.es\/wp-content\/uploads\/P049826-836028-1.webp","contentUrl":"https:\/\/www.studiogatto.es\/wp-content\/uploads\/P049826-836028-1.webp","width":800,"height":534},{"@type":"BreadcrumbList","@id":"https:\/\/www.studiogatto.es\/fr\/classes-defficacite-energetique-a-a-g-pour-les-appareils-domestiques\/#breadcrumb","itemListElement":[{"@type":"ListItem","position":1,"name":"Portada","item":"https:\/\/www.studiogatto.es\/fr\/"},{"@type":"ListItem","position":2,"name":"Classes d&#8217;efficacit\u00e9 \u00e9nerg\u00e9tique A \u00e0 G pour les appareils domestiques"}]},{"@type":"WebSite","@id":"https:\/\/www.studiogatto.es\/fr\/#website","url":"https:\/\/www.studiogatto.es\/fr\/","name":"Studio Gatto - Reformas, Cocinas, Ba\u00f1os","description":"Reformas integrales de Cocinas y ba\u00f1os. Interiorismo. Dise\u00f1o.","publisher":{"@id":"https:\/\/www.studiogatto.es\/fr\/#organization"},"potentialAction":[{"@type":"SearchAction","target":{"@type":"EntryPoint","urlTemplate":"https:\/\/www.studiogatto.es\/fr\/?s={search_term_string}"},"query-input":{"@type":"PropertyValueSpecification","valueRequired":true,"valueName":"search_term_string"}}],"inLanguage":"fr-FR"},{"@type":"Organization","@id":"https:\/\/www.studiogatto.es\/fr\/#organization","name":"Studio Gatto","url":"https:\/\/www.studiogatto.es\/fr\/","logo":{"@type":"ImageObject","inLanguage":"fr-FR","@id":"https:\/\/www.studiogatto.es\/fr\/#\/schema\/logo\/image\/","url":"https:\/\/www.studiogatto.es\/wp-content\/uploads\/Nuevo-logotipo.jpg","contentUrl":"https:\/\/www.studiogatto.es\/wp-content\/uploads\/Nuevo-logotipo.jpg","width":300,"height":167,"caption":"Studio Gatto"},"image":{"@id":"https:\/\/www.studiogatto.es\/fr\/#\/schema\/logo\/image\/"},"sameAs":["https:\/\/www.facebook.com\/studiogattocucine","https:\/\/x.com\/studiogattosl"]},{"@type":"Person","@id":"https:\/\/www.studiogatto.es\/fr\/#\/schema\/person\/27b057d9eeec105e75921345073c07bb","name":"soniso-gatto"}]}},"_links":{"self":[{"href":"https:\/\/www.studiogatto.es\/fr\/wp-json\/wp\/v2\/posts\/46442","targetHints":{"allow":["GET"]}}],"collection":[{"href":"https:\/\/www.studiogatto.es\/fr\/wp-json\/wp\/v2\/posts"}],"about":[{"href":"https:\/\/www.studiogatto.es\/fr\/wp-json\/wp\/v2\/types\/post"}],"author":[{"embeddable":true,"href":"https:\/\/www.studiogatto.es\/fr\/wp-json\/wp\/v2\/users\/2"}],"replies":[{"embeddable":true,"href":"https:\/\/www.studiogatto.es\/fr\/wp-json\/wp\/v2\/comments?post=46442"}],"version-history":[{"count":0,"href":"https:\/\/www.studiogatto.es\/fr\/wp-json\/wp\/v2\/posts\/46442\/revisions"}],"wp:featuredmedia":[{"embeddable":true,"href":"https:\/\/www.studiogatto.es\/fr\/wp-json\/wp\/v2\/media\/46484"}],"wp:attachment":[{"href":"https:\/\/www.studiogatto.es\/fr\/wp-json\/wp\/v2\/media?parent=46442"}],"wp:term":[{"taxonomy":"category","embeddable":true,"href":"https:\/\/www.studiogatto.es\/fr\/wp-json\/wp\/v2\/categories?post=46442"},{"taxonomy":"post_tag","embeddable":true,"href":"https:\/\/www.studiogatto.es\/fr\/wp-json\/wp\/v2\/tags?post=46442"}],"curies":[{"name":"wp","href":"https:\/\/api.w.org\/{rel}","templated":true}]}}