{"id":46173,"date":"2023-08-30T09:54:19","date_gmt":"2023-08-30T07:54:19","guid":{"rendered":"https:\/\/www.studiogatto.es\/renovation-complete-dun-appartement-a-vilanova-i-la-geltru\/"},"modified":"2023-08-30T09:54:33","modified_gmt":"2023-08-30T07:54:33","slug":"renovation-complete-dun-appartement-a-vilanova-i-la-geltru","status":"publish","type":"post","link":"https:\/\/www.studiogatto.es\/fr\/renovation-complete-dun-appartement-a-vilanova-i-la-geltru\/","title":{"rendered":"R\u00e9novation compl\u00e8te d&rsquo;un appartement \u00e0 Vilanova i la Geltr\u00fa"},"content":{"rendered":"<p>[et_pb_section fb_built=\u00a0\u00bb1&Prime; admin_label=\u00a0\u00bbsection\u00a0\u00bb _builder_version=\u00a0\u00bb4.8.2&Prime; custom_margin=\u00a0\u00bb||0px||false|false\u00a0\u00bb custom_padding=\u00a0\u00bb||0px||false|false\u00a0\u00bb][et_pb_row admin_label=\u00a0\u00bbrang\u00e9e\u00a0\u00bb _builder_version=\u00a0\u00bb4.8.2&Prime; background_size=\u00a0\u00bbinitial\u00a0\u00bb background_position=\u00a0\u00bbtop_left\u00a0\u00bb background_repeat=\u00a0\u00bbrepeat\u00a0\u00bb custom_margin=\u00a0\u00bb||0px||false|false\u00a0\u00bb custom_padding=\u00a0\u00bb||0px||false|false\u00a0\u00bb][et_pb_column type=\u00a0\u00bb4_4&Prime; _builder_version=\u00a0\u00bb3.25&Prime; custom_padding=\u00a0\u00bb|||\u00a0\u00bb custom_padding__hover=\u00a0\u00bb|||\u00a0\u00bb][et_pb_text admin_label=\u00a0\u00bbText\u00a0\u00bb _builder_version=\u00a0\u00bb4.8.2&Prime; background_size=\u00a0\u00bbinitial\u00a0\u00bb background_position=\u00a0\u00bbtop_left\u00a0\u00bb background_repeat=\u00a0\u00bbrepeat\u00a0\u00bb custom_margin=\u00a0\u00bb||0px||false|false\u00a0\u00bb]<\/p>\n<p>\nEn este proyecto se ha reformado por completo el apartamento.\n<p>R\u00e9novation de la cuisine, des 2 salles de bains, des portes int\u00e9rieures et l&rsquo;ensemble de l&rsquo;appartement a \u00e9t\u00e9 enti\u00e8rement repeint.<\/p>\n<p>Les armoires int\u00e9rieures ont \u00e9galement \u00e9t\u00e9 retravaill\u00e9es.<\/p>\n<p>Dans le salon\/salle \u00e0 manger, un magasin a \u00e9t\u00e9 install\u00e9 dans la fen\u00eatre du balcon principal.<\/p>\n<p>Les travaux de truellage et de plomberie ont \u00e9t\u00e9 enti\u00e8rement g\u00e9r\u00e9s par notre \u00e9quipe d&rsquo;industriels dirig\u00e9e par Ixai, chef de chantier et technicien.<\/p>\n<p>Le sol g\u00e9n\u00e9ral, \u00e0 l&rsquo;exception des salles de bains et de la cuisine, a \u00e9t\u00e9 recouvert d&rsquo;un parquet en vinyle r\u00e9sistant \u00e0 l&rsquo;eau et \u00e0 l&rsquo;usure.<\/p>\n<p>Le mobilier de la salle de bains est neuf, de m\u00eame que l&rsquo;ensemble des \u00e9quipements sanitaires.<\/p>\n<p>La cuisine est de marque INKO, mod\u00e8le GOURMET, couleur FUMET GOLA ALUMINIUM.<\/p>\n<p>Le plan de travail est en porcelaine Neolith BARRO SATIN de 2 cm d&rsquo;\u00e9paisseur, r\u00e9sistant \u00e0 la chaleur et aux rayures.<\/p>\n<p>Les portes int\u00e9rieures sont laqu\u00e9es en blanc.<\/p>[\/et_pb_text][et_pb_text admin_label=\u00a0\u00bbText\u00a0\u00bb _builder_version=\u00a0\u00bb4.8.2&Prime; background_size=\u00a0\u00bbinitial\u00a0\u00bb background_position=\u00a0\u00bbtop_left\u00a0\u00bb background_repeat=\u00a0\u00bbrepeat\u00a0\u00bb custom_margin=\u00a0\u00bb30px||0px||false|false\u00a0\u00bb]<h2>La cocina antes y despues de la reforma<\/h2>[\/et_pb_text][\/et_pb_column][\/et_pb_row][et_pb_row column_structure=\u00a0\u00bb1_2,1_2&Prime; admin_label=\u00a0\u00bbrow\u00a0\u00bb _builder_version=\u00a0\u00bb4.8.2&Prime; background_size=\u00a0\u00bbinitial\u00a0\u00bb background_position=\u00a0\u00bbtop_left\u00a0\u00bb background_repeat=\u00a0\u00bbrepeat\u00a0\u00bb custom_margin=\u00a0\u00bb||0px||false|false\u00a0\u00bb custom_padding=\u00a0\u00bb||0px||false|false\u00a0\u00bb][et_pb_column type=\u00a0\u00bb1_2&Prime; _builder_version=\u00a0\u00bb3.25&Prime; custom_padding=\u00a0\u00bb|||\u00a0\u00bb custom_padding__hover=\u00a0\u00bb|||\u00a0\u00bb][et_pb_ds_before_after_slider before_image=\u00a0\u00bbhttps:\/\/www.studiogatto.es\/wp-content\/uploads\/man1.jpg\u00a0\u00bb after_image=\u00a0\u00bbhttps:\/\/www.studiogatto.es\/wp-content\/uploads\/man2.jpg\u00a0\u00bb _builder_version=\u00a0\u00bb4.8.2&Prime; _module_preset=\u00a0\u00bbdefault\u00a0\u00bb][\/et_pb_ds_before_after_slider][\/et_pb_column][et_pb_column type=\u00a0\u00bb1_2&Prime; _builder_version=\u00a0\u00bb3.25&Prime; custom_padding=\u00a0\u00bb|||\u00a0\u00bb custom_padding__hover=\u00a0\u00bb|||\u00a0\u00bb][et_pb_text admin_label=\u00a0\u00bbText\u00a0\u00bb _builder_version=\u00a0\u00bb4.8.2&Prime; background_size=\u00a0\u00bbinitial\u00a0\u00bb background_position=\u00a0\u00bbtop_left\u00a0\u00bb background_repeat=\u00a0\u00bbrepeat\u00a0\u00bb custom_margin=\u00a0\u00bb||0px||false|false\u00a0\u00bb]<a href=\"https:\/\/www.studiogatto.es\/wp-content\/uploads\/man3.jpg\"><img loading=\"lazy\" decoding=\"async\" src=\"https:\/\/www.studiogatto.es\/wp-content\/uploads\/man3.jpg\" width=\"615\" height=\"941\" alt=\"\" class=\"wp-image-21517 alignnone\" srcset=\"https:\/\/www.studiogatto.es\/wp-content\/uploads\/man3.jpg 615w, https:\/\/www.studiogatto.es\/wp-content\/uploads\/man3-480x734.jpg 480w\" sizes=\"(min-width: 0px) and (max-width: 480px) 480px, (min-width: 481px) 615px, 100vw\" \/><\/a>[\/et_pb_text][\/et_pb_column][\/et_pb_row][et_pb_row admin_label=\u00a0\u00bbrow\u00a0\u00bb _builder_version=\u00a0\u00bb4.8.2&Prime; background_size=\u00a0\u00bbinitial\u00a0\u00bb background_position=\u00a0\u00bbtop_left\u00a0\u00bb background_repeat=\u00a0\u00bbrepeat\u00a0\u00bb custom_margin=\u00a0\u00bb||0px||false|false\u00a0\u00bb custom_padding=\u00a0\u00bb||0px||false|false\u00a0\u00bb][et_pb_column type=\u00a0\u00bb4_4&Prime; _builder_version=\u00a0\u00bb3.25&Prime; custom_padding=\u00a0\u00bb|||\u00a0\u00bb custom_padding__hover=\u00a0\u00bb|||\u00a0\u00bb][et_pb_text admin_label=\u00a0\u00bbText\u00a0\u00bb _builder_version=\u00a0\u00bb4.8.2&Prime; background_size=\u00a0\u00bbinitial\u00a0\u00bb background_position=\u00a0\u00bbtop_left\u00a0\u00bb background_repeat=\u00a0\u00bbrepeat\u00a0\u00bb custom_margin=\u00a0\u00bb30px||0px||false|false\u00a0\u00bb]<h2>El ba\u00f1o antes y despu\u00e9s de la reforma<\/h2>[\/et_pb_text][\/et_pb_column][\/et_pb_row][et_pb_row column_structure=\u00a0\u00bb1_2,1_2&Prime; admin_label=\u00a0\u00bbrow\u00a0\u00bb _builder_version=\u00a0\u00bb4.8.2&Prime; background_size=\u00a0\u00bbinitial\u00a0\u00bb background_position=\u00a0\u00bbtop_left\u00a0\u00bb background_repeat=\u00a0\u00bbrepeat\u00a0\u00bb custom_margin=\u00a0\u00bb||0px||false|false\u00a0\u00bb custom_padding=\u00a0\u00bb||0px||false|false\u00a0\u00bb][et_pb_column type=\u00a0\u00bb1_2&Prime; _builder_version=\u00a0\u00bb3.25&Prime; custom_padding=\u00a0\u00bb|||\u00a0\u00bb custom_padding__hover=\u00a0\u00bb|||\u00a0\u00bb][et_pb_ds_before_after_slider before_image=\u00a0\u00bbhttps:\/\/www.studiogatto.es\/wp-content\/uploads\/man4.jpg\u00a0\u00bb after_image=\u00a0\u00bbhttps:\/\/www.studiogatto.es\/wp-content\/uploads\/man5.jpg\u00a0\u00bb _builder_version=\u00a0\u00bb4.8.2&Prime; _module_preset=\u00a0\u00bbdefault\u00a0\u00bb][\/et_pb_ds_before_after_slider][\/et_pb_column][et_pb_column type=\u00a0\u00bb1_2&Prime; _builder_version=\u00a0\u00bb3.25&Prime; custom_padding=\u00a0\u00bb|||\u00a0\u00bb custom_padding__hover=\u00a0\u00bb|||\u00a0\u00bb][et_pb_text admin_label=\u00a0\u00bbText\u00a0\u00bb _builder_version=\u00a0\u00bb4.8.2&Prime; background_size=\u00a0\u00bbinitial\u00a0\u00bb background_position=\u00a0\u00bbtop_left\u00a0\u00bb background_repeat=\u00a0\u00bbrepeat\u00a0\u00bb custom_margin=\u00a0\u00bb||0px||false|false\u00a0\u00bb]<a href=\"https:\/\/www.studiogatto.es\/wp-content\/uploads\/man6.jpg\"><img loading=\"lazy\" decoding=\"async\" src=\"https:\/\/www.studiogatto.es\/wp-content\/uploads\/man6.jpg\" width=\"615\" height=\"941\" alt=\"\" class=\"wp-image-21517 alignnone\"\/><\/a>[\/et_pb_text][\/et_pb_column][\/et_pb_row][et_pb_row admin_label=\u00a0\u00bbrow\u00a0\u00bb _builder_version=\u00a0\u00bb4.8.2&Prime; background_size=\u00a0\u00bbinitial\u00a0\u00bb background_position=\u00a0\u00bbtop_left\u00a0\u00bb background_repeat=\u00a0\u00bbrepeat\u00a0\u00bb custom_margin=\u00a0\u00bb||0px||false|false\u00a0\u00bb custom_padding=\u00a0\u00bb||0px||false|false\u00a0\u00bb][et_pb_column type=\u00a0\u00bb4_4&Prime; _builder_version=\u00a0\u00bb3.25&Prime; custom_padding=\u00a0\u00bb|||\u00a0\u00bb custom_padding__hover=\u00a0\u00bb|||\u00a0\u00bb][et_pb_text admin_label=\u00a0\u00bbText\u00a0\u00bb _builder_version=\u00a0\u00bb4.8.2&Prime; background_size=\u00a0\u00bbinitial\u00a0\u00bb background_position=\u00a0\u00bbtop_left\u00a0\u00bb background_repeat=\u00a0\u00bbrepeat\u00a0\u00bb custom_margin=\u00a0\u00bb30px||0px||false|false\u00a0\u00bb]<h2>El ba\u00f1o 2 antes y despu\u00e9s de la reforma<\/h2>[\/et_pb_text][\/et_pb_column][\/et_pb_row][et_pb_row column_structure=\u00a0\u00bb1_2,1_2&Prime; admin_label=\u00a0\u00bbrow\u00a0\u00bb _builder_version=\u00a0\u00bb4.8.2&Prime; background_size=\u00a0\u00bbinitial\u00a0\u00bb background_position=\u00a0\u00bbtop_left\u00a0\u00bb background_repeat=\u00a0\u00bbrepeat\u00a0\u00bb custom_margin=\u00a0\u00bb||0px||false|false\u00a0\u00bb custom_padding=\u00a0\u00bb||0px||false|false\u00a0\u00bb][et_pb_column type=\u00a0\u00bb1_2&Prime; _builder_version=\u00a0\u00bb3.25&Prime; custom_padding=\u00a0\u00bb|||\u00a0\u00bb custom_padding__hover=\u00a0\u00bb|||\u00a0\u00bb][et_pb_ds_before_after_slider before_image=\u00a0\u00bbhttps:\/\/www.studiogatto.es\/wp-content\/uploads\/man7.jpg\u00a0\u00bb after_image=\u00a0\u00bbhttps:\/\/www.studiogatto.es\/wp-content\/uploads\/man8.jpg\u00a0\u00bb _builder_version=\u00a0\u00bb4.8.2&Prime; _module_preset=\u00a0\u00bbdefault\u00a0\u00bb][\/et_pb_ds_before_after_slider][\/et_pb_column][et_pb_column type=\u00a0\u00bb1_2&Prime; _builder_version=\u00a0\u00bb3.25&Prime; custom_padding=\u00a0\u00bb|||\u00a0\u00bb custom_padding__hover=\u00a0\u00bb|||\u00a0\u00bb][et_pb_text admin_label=\u00a0\u00bbText\u00a0\u00bb _builder_version=\u00a0\u00bb4.8.2&Prime; background_size=\u00a0\u00bbinitial\u00a0\u00bb background_position=\u00a0\u00bbtop_left\u00a0\u00bb background_repeat=\u00a0\u00bbrepeat\u00a0\u00bb custom_margin=\u00a0\u00bb||0px||false|false\u00a0\u00bb]<a href=\"https:\/\/www.studiogatto.es\/wp-content\/uploads\/man6.jpg\"><img loading=\"lazy\" decoding=\"async\" src=\"https:\/\/www.studiogatto.es\/wp-content\/uploads\/man6.jpg\" width=\"615\" height=\"941\" alt=\"\" class=\"wp-image-21517 alignnone\"\/><\/a>[\/et_pb_text][\/et_pb_column][\/et_pb_row][et_pb_row admin_label=\u00a0\u00bbrow\u00a0\u00bb _builder_version=\u00a0\u00bb4.8.2&Prime; background_size=\u00a0\u00bbinitial\u00a0\u00bb background_position=\u00a0\u00bbtop_left\u00a0\u00bb background_repeat=\u00a0\u00bbrepeat\u00a0\u00bb custom_margin=\u00a0\u00bb||0px||false|false\u00a0\u00bb custom_padding=\u00a0\u00bb||0px||false|false\u00a0\u00bb][et_pb_column type=\u00a0\u00bb4_4&Prime; _builder_version=\u00a0\u00bb3.25&Prime; custom_padding=\u00a0\u00bb|||\u00a0\u00bb custom_padding__hover=\u00a0\u00bb|||\u00a0\u00bb][et_pb_text admin_label=\u00a0\u00bbText\u00a0\u00bb _builder_version=\u00a0\u00bb4.8.2&Prime; background_size=\u00a0\u00bbinitial\u00a0\u00bb background_position=\u00a0\u00bbtop_left\u00a0\u00bb background_repeat=\u00a0\u00bbrepeat\u00a0\u00bb custom_margin=\u00a0\u00bb30px||0px||false|false\u00a0\u00bb]<h2>Cambio d epuertas de paso en todo el piso<\/h2>[\/et_pb_text][\/et_pb_column][\/et_pb_row][et_pb_row column_structure=\u00a0\u00bb1_2,1_2&Prime; admin_label=\u00a0\u00bbrow\u00a0\u00bb _builder_version=\u00a0\u00bb4.8.2&Prime; background_size=\u00a0\u00bbinitial\u00a0\u00bb background_position=\u00a0\u00bbtop_left\u00a0\u00bb background_repeat=\u00a0\u00bbrepeat\u00a0\u00bb custom_margin=\u00a0\u00bb||0px||false|false\u00a0\u00bb custom_padding=\u00a0\u00bb||0px||false|false\u00a0\u00bb][et_pb_column type=\u00a0\u00bb1_2&Prime; _builder_version=\u00a0\u00bb3.25&Prime; custom_padding=\u00a0\u00bb|||\u00a0\u00bb custom_padding__hover=\u00a0\u00bb|||\u00a0\u00bb][et_pb_ds_before_after_slider before_image=\u00a0\u00bbhttps:\/\/www.studiogatto.es\/wp-content\/uploads\/man10.jpg\u00a0\u00bb after_image=\u00a0\u00bbhttps:\/\/www.studiogatto.es\/wp-content\/uploads\/man11.jpg\u00a0\u00bb _builder_version=\u00a0\u00bb4.8.2&Prime; _module_preset=\u00a0\u00bbdefault\u00a0\u00bb][\/et_pb_ds_before_after_slider][\/et_pb_column][et_pb_column type=\u00a0\u00bb1_2&Prime; _builder_version=\u00a0\u00bb3.25&Prime; custom_padding=\u00a0\u00bb|||\u00a0\u00bb custom_padding__hover=\u00a0\u00bb|||\u00a0\u00bb][et_pb_text admin_label=\u00a0\u00bbText\u00a0\u00bb _builder_version=\u00a0\u00bb4.8.2&Prime; background_size=\u00a0\u00bbinitial\u00a0\u00bb background_position=\u00a0\u00bbtop_left\u00a0\u00bb background_repeat=\u00a0\u00bbrepeat\u00a0\u00bb custom_margin=\u00a0\u00bb||0px||false|false\u00a0\u00bb]<a href=\"https:\/\/www.studiogatto.es\/wp-content\/uploads\/man12.jpg\"><img loading=\"lazy\" decoding=\"async\" src=\"https:\/\/www.studiogatto.es\/wp-content\/uploads\/man12.jpg\" width=\"615\" height=\"941\" alt=\"\" class=\"wp-image-21517 alignnone\"\/><\/a>[\/et_pb_text][\/et_pb_column][\/et_pb_row][et_pb_row column_structure=\u00a0\u00bb1_2,1_2&Prime; admin_label=\u00a0\u00bbrow\u00a0\u00bb _builder_version=\u00a0\u00bb4.8.2&Prime; background_size=\u00a0\u00bbinitial\u00a0\u00bb background_position=\u00a0\u00bbtop_left\u00a0\u00bb background_repeat=\u00a0\u00bbrepeat\u00a0\u00bb custom_margin=\u00a0\u00bb||0px||false|false\u00a0\u00bb custom_padding=\u00a0\u00bb||0px||false|false\u00a0\u00bb][et_pb_column type=\u00a0\u00bb1_2&Prime; _builder_version=\u00a0\u00bb3.25&Prime; custom_padding=\u00a0\u00bb|||\u00a0\u00bb custom_padding__hover=\u00a0\u00bb|||\u00a0\u00bb][et_pb_ds_before_after_slider before_image=\u00a0\u00bbhttps:\/\/www.studiogatto.es\/wp-content\/uploads\/f1.jpg\u00a0\u00bb after_image=\u00a0\u00bbhttps:\/\/www.studiogatto.es\/wp-content\/uploads\/f2.jpg\u00a0\u00bb _builder_version=\u00a0\u00bb4.8.2&Prime; _module_preset=\u00a0\u00bbdefault\u00a0\u00bb][\/et_pb_ds_before_after_slider][\/et_pb_column][et_pb_column type=\u00a0\u00bb1_2&Prime; _builder_version=\u00a0\u00bb3.25&Prime; custom_padding=\u00a0\u00bb|||\u00a0\u00bb custom_padding__hover=\u00a0\u00bb|||\u00a0\u00bb][et_pb_ds_before_after_slider before_image=\u00a0\u00bbhttps:\/\/www.studiogatto.es\/wp-content\/uploads\/f3.jpg\u00a0\u00bb after_image=\u00a0\u00bbhttps:\/\/www.studiogatto.es\/wp-content\/uploads\/f4.jpg\u00a0\u00bb _builder_version=\u00a0\u00bb4.8.2&Prime; _module_preset=\u00a0\u00bbdefault\u00a0\u00bb][\/et_pb_ds_before_after_slider][\/et_pb_column][\/et_pb_row][\/et_pb_section]","protected":false},"excerpt":{"rendered":"<p>En este proyecto se ha reformado por completo el apartamento. R\u00e9novation de la cuisine, des 2 salles de bains, des portes int\u00e9rieures et l&rsquo;ensemble de l&rsquo;appartement a \u00e9t\u00e9 enti\u00e8rement repeint. Les armoires int\u00e9rieures ont \u00e9galement \u00e9t\u00e9 retravaill\u00e9es. Dans le salon\/salle \u00e0 manger, un magasin a \u00e9t\u00e9 install\u00e9 dans la fen\u00eatre du balcon principal. Les travaux [&hellip;]<\/p>\n","protected":false},"author":2,"featured_media":46250,"comment_status":"closed","ping_status":"closed","sticky":false,"template":"","format":"standard","meta":{"_et_pb_use_builder":"on","_et_pb_old_content":"","_et_gb_content_width":"","footnotes":""},"categories":[83],"tags":[],"class_list":["post-46173","post","type-post","status-publish","format-standard","has-post-thumbnail","hentry","category-projets"],"yoast_head":"<!-- This site is optimized with the Yoast SEO plugin v27.5 - https:\/\/yoast.com\/product\/yoast-seo-wordpress\/ -->\n<title>R\u00e9novation compl\u00e8te \u00e0 Vilanova i la Geltr\u00fa<\/title>\n<meta name=\"description\" content=\"Dans ce projet, l&#039;appartement a \u00e9t\u00e9 enti\u00e8rement r\u00e9nov\u00e9. R\u00e9novation de la cuisine, des 2 salles de bains, des portes int\u00e9rieures et l&#039;ensemble de l&#039;appartement a \u00e9t\u00e9 enti\u00e8rement repeint.\" \/>\n<meta name=\"robots\" content=\"index, follow, max-snippet:-1, max-image-preview:large, max-video-preview:-1\" \/>\n<link rel=\"canonical\" href=\"https:\/\/www.studiogatto.es\/fr\/renovation-complete-dun-appartement-a-vilanova-i-la-geltru\/\" \/>\n<meta property=\"og:locale\" content=\"fr_FR\" \/>\n<meta property=\"og:type\" content=\"article\" \/>\n<meta property=\"og:title\" content=\"R\u00e9novation compl\u00e8te \u00e0 Vilanova i la Geltr\u00fa\" \/>\n<meta property=\"og:description\" content=\"Dans ce projet, l&#039;appartement a \u00e9t\u00e9 enti\u00e8rement r\u00e9nov\u00e9. R\u00e9novation de la cuisine, des 2 salles de bains, des portes int\u00e9rieures et l&#039;ensemble de l&#039;appartement a \u00e9t\u00e9 enti\u00e8rement repeint.\" \/>\n<meta property=\"og:url\" content=\"https:\/\/www.studiogatto.es\/fr\/renovation-complete-dun-appartement-a-vilanova-i-la-geltru\/\" \/>\n<meta property=\"og:site_name\" content=\"Studio Gatto - Reformas, Cocinas, Ba\u00f1os\" \/>\n<meta property=\"article:publisher\" content=\"https:\/\/www.facebook.com\/studiogattocucine\" \/>\n<meta property=\"article:published_time\" content=\"2023-08-30T07:54:19+00:00\" \/>\n<meta property=\"article:modified_time\" content=\"2023-08-30T07:54:33+00:00\" \/>\n<meta property=\"og:image\" content=\"https:\/\/www.studiogatto.es\/wp-content\/uploads\/IMAGEN-DESTACADA-5.jpg\" \/>\n\t<meta property=\"og:image:width\" content=\"764\" \/>\n\t<meta property=\"og:image:height\" content=\"430\" \/>\n\t<meta property=\"og:image:type\" content=\"image\/jpeg\" \/>\n<meta name=\"author\" content=\"soniso-gatto\" \/>\n<meta name=\"twitter:card\" content=\"summary_large_image\" \/>\n<meta name=\"twitter:creator\" content=\"@studiogattosl\" \/>\n<meta name=\"twitter:site\" content=\"@studiogattosl\" \/>\n<meta name=\"twitter:label1\" content=\"\u00c9crit par\" \/>\n\t<meta name=\"twitter:data1\" content=\"soniso-gatto\" \/>\n\t<meta name=\"twitter:label2\" content=\"Dur\u00e9e de lecture estim\u00e9e\" \/>\n\t<meta name=\"twitter:data2\" content=\"6 minutes\" \/>\n<script type=\"application\/ld+json\" class=\"yoast-schema-graph\">{\"@context\":\"https:\\\/\\\/schema.org\",\"@graph\":[{\"@type\":\"Article\",\"@id\":\"https:\\\/\\\/www.studiogatto.es\\\/fr\\\/renovation-complete-dun-appartement-a-vilanova-i-la-geltru\\\/#article\",\"isPartOf\":{\"@id\":\"https:\\\/\\\/www.studiogatto.es\\\/fr\\\/renovation-complete-dun-appartement-a-vilanova-i-la-geltru\\\/\"},\"author\":{\"name\":\"soniso-gatto\",\"@id\":\"https:\\\/\\\/www.studiogatto.es\\\/fr\\\/#\\\/schema\\\/person\\\/27b057d9eeec105e75921345073c07bb\"},\"headline\":\"R\u00e9novation compl\u00e8te d&rsquo;un appartement \u00e0 Vilanova i la Geltr\u00fa\",\"datePublished\":\"2023-08-30T07:54:19+00:00\",\"dateModified\":\"2023-08-30T07:54:33+00:00\",\"mainEntityOfPage\":{\"@id\":\"https:\\\/\\\/www.studiogatto.es\\\/fr\\\/renovation-complete-dun-appartement-a-vilanova-i-la-geltru\\\/\"},\"wordCount\":1196,\"publisher\":{\"@id\":\"https:\\\/\\\/www.studiogatto.es\\\/fr\\\/#organization\"},\"image\":{\"@id\":\"https:\\\/\\\/www.studiogatto.es\\\/fr\\\/renovation-complete-dun-appartement-a-vilanova-i-la-geltru\\\/#primaryimage\"},\"thumbnailUrl\":\"https:\\\/\\\/www.studiogatto.es\\\/wp-content\\\/uploads\\\/IMAGEN-DESTACADA-5.jpg\",\"articleSection\":[\"Projets\"],\"inLanguage\":\"fr-FR\"},{\"@type\":\"WebPage\",\"@id\":\"https:\\\/\\\/www.studiogatto.es\\\/fr\\\/renovation-complete-dun-appartement-a-vilanova-i-la-geltru\\\/\",\"url\":\"https:\\\/\\\/www.studiogatto.es\\\/fr\\\/renovation-complete-dun-appartement-a-vilanova-i-la-geltru\\\/\",\"name\":\"R\u00e9novation compl\u00e8te \u00e0 Vilanova i la Geltr\u00fa\",\"isPartOf\":{\"@id\":\"https:\\\/\\\/www.studiogatto.es\\\/fr\\\/#website\"},\"primaryImageOfPage\":{\"@id\":\"https:\\\/\\\/www.studiogatto.es\\\/fr\\\/renovation-complete-dun-appartement-a-vilanova-i-la-geltru\\\/#primaryimage\"},\"image\":{\"@id\":\"https:\\\/\\\/www.studiogatto.es\\\/fr\\\/renovation-complete-dun-appartement-a-vilanova-i-la-geltru\\\/#primaryimage\"},\"thumbnailUrl\":\"https:\\\/\\\/www.studiogatto.es\\\/wp-content\\\/uploads\\\/IMAGEN-DESTACADA-5.jpg\",\"datePublished\":\"2023-08-30T07:54:19+00:00\",\"dateModified\":\"2023-08-30T07:54:33+00:00\",\"description\":\"Dans ce projet, l'appartement a \u00e9t\u00e9 enti\u00e8rement r\u00e9nov\u00e9. R\u00e9novation de la cuisine, des 2 salles de bains, des portes int\u00e9rieures et l'ensemble de l'appartement a \u00e9t\u00e9 enti\u00e8rement repeint.\",\"breadcrumb\":{\"@id\":\"https:\\\/\\\/www.studiogatto.es\\\/fr\\\/renovation-complete-dun-appartement-a-vilanova-i-la-geltru\\\/#breadcrumb\"},\"inLanguage\":\"fr-FR\",\"potentialAction\":[{\"@type\":\"ReadAction\",\"target\":[\"https:\\\/\\\/www.studiogatto.es\\\/fr\\\/renovation-complete-dun-appartement-a-vilanova-i-la-geltru\\\/\"]}]},{\"@type\":\"ImageObject\",\"inLanguage\":\"fr-FR\",\"@id\":\"https:\\\/\\\/www.studiogatto.es\\\/fr\\\/renovation-complete-dun-appartement-a-vilanova-i-la-geltru\\\/#primaryimage\",\"url\":\"https:\\\/\\\/www.studiogatto.es\\\/wp-content\\\/uploads\\\/IMAGEN-DESTACADA-5.jpg\",\"contentUrl\":\"https:\\\/\\\/www.studiogatto.es\\\/wp-content\\\/uploads\\\/IMAGEN-DESTACADA-5.jpg\",\"width\":764,\"height\":430},{\"@type\":\"BreadcrumbList\",\"@id\":\"https:\\\/\\\/www.studiogatto.es\\\/fr\\\/renovation-complete-dun-appartement-a-vilanova-i-la-geltru\\\/#breadcrumb\",\"itemListElement\":[{\"@type\":\"ListItem\",\"position\":1,\"name\":\"Portada\",\"item\":\"https:\\\/\\\/www.studiogatto.es\\\/fr\\\/\"},{\"@type\":\"ListItem\",\"position\":2,\"name\":\"R\u00e9novation compl\u00e8te d&#8217;un appartement \u00e0 Vilanova i la Geltr\u00fa\"}]},{\"@type\":\"WebSite\",\"@id\":\"https:\\\/\\\/www.studiogatto.es\\\/fr\\\/#website\",\"url\":\"https:\\\/\\\/www.studiogatto.es\\\/fr\\\/\",\"name\":\"Studio Gatto - Reformas, Cocinas, Ba\u00f1os\",\"description\":\"Reformas integrales de Cocinas y ba\u00f1os. Interiorismo. Dise\u00f1o.\",\"publisher\":{\"@id\":\"https:\\\/\\\/www.studiogatto.es\\\/fr\\\/#organization\"},\"potentialAction\":[{\"@type\":\"SearchAction\",\"target\":{\"@type\":\"EntryPoint\",\"urlTemplate\":\"https:\\\/\\\/www.studiogatto.es\\\/fr\\\/?s={search_term_string}\"},\"query-input\":{\"@type\":\"PropertyValueSpecification\",\"valueRequired\":true,\"valueName\":\"search_term_string\"}}],\"inLanguage\":\"fr-FR\"},{\"@type\":\"Organization\",\"@id\":\"https:\\\/\\\/www.studiogatto.es\\\/fr\\\/#organization\",\"name\":\"Studio Gatto\",\"url\":\"https:\\\/\\\/www.studiogatto.es\\\/fr\\\/\",\"logo\":{\"@type\":\"ImageObject\",\"inLanguage\":\"fr-FR\",\"@id\":\"https:\\\/\\\/www.studiogatto.es\\\/fr\\\/#\\\/schema\\\/logo\\\/image\\\/\",\"url\":\"https:\\\/\\\/www.studiogatto.es\\\/wp-content\\\/uploads\\\/Nuevo-logotipo.jpg\",\"contentUrl\":\"https:\\\/\\\/www.studiogatto.es\\\/wp-content\\\/uploads\\\/Nuevo-logotipo.jpg\",\"width\":300,\"height\":167,\"caption\":\"Studio Gatto\"},\"image\":{\"@id\":\"https:\\\/\\\/www.studiogatto.es\\\/fr\\\/#\\\/schema\\\/logo\\\/image\\\/\"},\"sameAs\":[\"https:\\\/\\\/www.facebook.com\\\/studiogattocucine\",\"https:\\\/\\\/x.com\\\/studiogattosl\"]},{\"@type\":\"Person\",\"@id\":\"https:\\\/\\\/www.studiogatto.es\\\/fr\\\/#\\\/schema\\\/person\\\/27b057d9eeec105e75921345073c07bb\",\"name\":\"soniso-gatto\"}]}<\/script>\n<!-- \/ Yoast SEO plugin. -->","yoast_head_json":{"title":"R\u00e9novation compl\u00e8te \u00e0 Vilanova i la Geltr\u00fa","description":"Dans ce projet, l'appartement a \u00e9t\u00e9 enti\u00e8rement r\u00e9nov\u00e9. R\u00e9novation de la cuisine, des 2 salles de bains, des portes int\u00e9rieures et l'ensemble de l'appartement a \u00e9t\u00e9 enti\u00e8rement repeint.","robots":{"index":"index","follow":"follow","max-snippet":"max-snippet:-1","max-image-preview":"max-image-preview:large","max-video-preview":"max-video-preview:-1"},"canonical":"https:\/\/www.studiogatto.es\/fr\/renovation-complete-dun-appartement-a-vilanova-i-la-geltru\/","og_locale":"fr_FR","og_type":"article","og_title":"R\u00e9novation compl\u00e8te \u00e0 Vilanova i la Geltr\u00fa","og_description":"Dans ce projet, l'appartement a \u00e9t\u00e9 enti\u00e8rement r\u00e9nov\u00e9. R\u00e9novation de la cuisine, des 2 salles de bains, des portes int\u00e9rieures et l'ensemble de l'appartement a \u00e9t\u00e9 enti\u00e8rement repeint.","og_url":"https:\/\/www.studiogatto.es\/fr\/renovation-complete-dun-appartement-a-vilanova-i-la-geltru\/","og_site_name":"Studio Gatto - Reformas, Cocinas, Ba\u00f1os","article_publisher":"https:\/\/www.facebook.com\/studiogattocucine","article_published_time":"2023-08-30T07:54:19+00:00","article_modified_time":"2023-08-30T07:54:33+00:00","og_image":[{"width":764,"height":430,"url":"https:\/\/www.studiogatto.es\/wp-content\/uploads\/IMAGEN-DESTACADA-5.jpg","type":"image\/jpeg"}],"author":"soniso-gatto","twitter_card":"summary_large_image","twitter_creator":"@studiogattosl","twitter_site":"@studiogattosl","twitter_misc":{"\u00c9crit par":"soniso-gatto","Dur\u00e9e de lecture estim\u00e9e":"6 minutes"},"schema":{"@context":"https:\/\/schema.org","@graph":[{"@type":"Article","@id":"https:\/\/www.studiogatto.es\/fr\/renovation-complete-dun-appartement-a-vilanova-i-la-geltru\/#article","isPartOf":{"@id":"https:\/\/www.studiogatto.es\/fr\/renovation-complete-dun-appartement-a-vilanova-i-la-geltru\/"},"author":{"name":"soniso-gatto","@id":"https:\/\/www.studiogatto.es\/fr\/#\/schema\/person\/27b057d9eeec105e75921345073c07bb"},"headline":"R\u00e9novation compl\u00e8te d&rsquo;un appartement \u00e0 Vilanova i la Geltr\u00fa","datePublished":"2023-08-30T07:54:19+00:00","dateModified":"2023-08-30T07:54:33+00:00","mainEntityOfPage":{"@id":"https:\/\/www.studiogatto.es\/fr\/renovation-complete-dun-appartement-a-vilanova-i-la-geltru\/"},"wordCount":1196,"publisher":{"@id":"https:\/\/www.studiogatto.es\/fr\/#organization"},"image":{"@id":"https:\/\/www.studiogatto.es\/fr\/renovation-complete-dun-appartement-a-vilanova-i-la-geltru\/#primaryimage"},"thumbnailUrl":"https:\/\/www.studiogatto.es\/wp-content\/uploads\/IMAGEN-DESTACADA-5.jpg","articleSection":["Projets"],"inLanguage":"fr-FR"},{"@type":"WebPage","@id":"https:\/\/www.studiogatto.es\/fr\/renovation-complete-dun-appartement-a-vilanova-i-la-geltru\/","url":"https:\/\/www.studiogatto.es\/fr\/renovation-complete-dun-appartement-a-vilanova-i-la-geltru\/","name":"R\u00e9novation compl\u00e8te \u00e0 Vilanova i la Geltr\u00fa","isPartOf":{"@id":"https:\/\/www.studiogatto.es\/fr\/#website"},"primaryImageOfPage":{"@id":"https:\/\/www.studiogatto.es\/fr\/renovation-complete-dun-appartement-a-vilanova-i-la-geltru\/#primaryimage"},"image":{"@id":"https:\/\/www.studiogatto.es\/fr\/renovation-complete-dun-appartement-a-vilanova-i-la-geltru\/#primaryimage"},"thumbnailUrl":"https:\/\/www.studiogatto.es\/wp-content\/uploads\/IMAGEN-DESTACADA-5.jpg","datePublished":"2023-08-30T07:54:19+00:00","dateModified":"2023-08-30T07:54:33+00:00","description":"Dans ce projet, l'appartement a \u00e9t\u00e9 enti\u00e8rement r\u00e9nov\u00e9. R\u00e9novation de la cuisine, des 2 salles de bains, des portes int\u00e9rieures et l'ensemble de l'appartement a \u00e9t\u00e9 enti\u00e8rement repeint.","breadcrumb":{"@id":"https:\/\/www.studiogatto.es\/fr\/renovation-complete-dun-appartement-a-vilanova-i-la-geltru\/#breadcrumb"},"inLanguage":"fr-FR","potentialAction":[{"@type":"ReadAction","target":["https:\/\/www.studiogatto.es\/fr\/renovation-complete-dun-appartement-a-vilanova-i-la-geltru\/"]}]},{"@type":"ImageObject","inLanguage":"fr-FR","@id":"https:\/\/www.studiogatto.es\/fr\/renovation-complete-dun-appartement-a-vilanova-i-la-geltru\/#primaryimage","url":"https:\/\/www.studiogatto.es\/wp-content\/uploads\/IMAGEN-DESTACADA-5.jpg","contentUrl":"https:\/\/www.studiogatto.es\/wp-content\/uploads\/IMAGEN-DESTACADA-5.jpg","width":764,"height":430},{"@type":"BreadcrumbList","@id":"https:\/\/www.studiogatto.es\/fr\/renovation-complete-dun-appartement-a-vilanova-i-la-geltru\/#breadcrumb","itemListElement":[{"@type":"ListItem","position":1,"name":"Portada","item":"https:\/\/www.studiogatto.es\/fr\/"},{"@type":"ListItem","position":2,"name":"R\u00e9novation compl\u00e8te d&#8217;un appartement \u00e0 Vilanova i la Geltr\u00fa"}]},{"@type":"WebSite","@id":"https:\/\/www.studiogatto.es\/fr\/#website","url":"https:\/\/www.studiogatto.es\/fr\/","name":"Studio Gatto - Reformas, Cocinas, Ba\u00f1os","description":"Reformas integrales de Cocinas y ba\u00f1os. Interiorismo. Dise\u00f1o.","publisher":{"@id":"https:\/\/www.studiogatto.es\/fr\/#organization"},"potentialAction":[{"@type":"SearchAction","target":{"@type":"EntryPoint","urlTemplate":"https:\/\/www.studiogatto.es\/fr\/?s={search_term_string}"},"query-input":{"@type":"PropertyValueSpecification","valueRequired":true,"valueName":"search_term_string"}}],"inLanguage":"fr-FR"},{"@type":"Organization","@id":"https:\/\/www.studiogatto.es\/fr\/#organization","name":"Studio Gatto","url":"https:\/\/www.studiogatto.es\/fr\/","logo":{"@type":"ImageObject","inLanguage":"fr-FR","@id":"https:\/\/www.studiogatto.es\/fr\/#\/schema\/logo\/image\/","url":"https:\/\/www.studiogatto.es\/wp-content\/uploads\/Nuevo-logotipo.jpg","contentUrl":"https:\/\/www.studiogatto.es\/wp-content\/uploads\/Nuevo-logotipo.jpg","width":300,"height":167,"caption":"Studio Gatto"},"image":{"@id":"https:\/\/www.studiogatto.es\/fr\/#\/schema\/logo\/image\/"},"sameAs":["https:\/\/www.facebook.com\/studiogattocucine","https:\/\/x.com\/studiogattosl"]},{"@type":"Person","@id":"https:\/\/www.studiogatto.es\/fr\/#\/schema\/person\/27b057d9eeec105e75921345073c07bb","name":"soniso-gatto"}]}},"_links":{"self":[{"href":"https:\/\/www.studiogatto.es\/fr\/wp-json\/wp\/v2\/posts\/46173","targetHints":{"allow":["GET"]}}],"collection":[{"href":"https:\/\/www.studiogatto.es\/fr\/wp-json\/wp\/v2\/posts"}],"about":[{"href":"https:\/\/www.studiogatto.es\/fr\/wp-json\/wp\/v2\/types\/post"}],"author":[{"embeddable":true,"href":"https:\/\/www.studiogatto.es\/fr\/wp-json\/wp\/v2\/users\/2"}],"replies":[{"embeddable":true,"href":"https:\/\/www.studiogatto.es\/fr\/wp-json\/wp\/v2\/comments?post=46173"}],"version-history":[{"count":0,"href":"https:\/\/www.studiogatto.es\/fr\/wp-json\/wp\/v2\/posts\/46173\/revisions"}],"wp:featuredmedia":[{"embeddable":true,"href":"https:\/\/www.studiogatto.es\/fr\/wp-json\/wp\/v2\/media\/46250"}],"wp:attachment":[{"href":"https:\/\/www.studiogatto.es\/fr\/wp-json\/wp\/v2\/media?parent=46173"}],"wp:term":[{"taxonomy":"category","embeddable":true,"href":"https:\/\/www.studiogatto.es\/fr\/wp-json\/wp\/v2\/categories?post=46173"},{"taxonomy":"post_tag","embeddable":true,"href":"https:\/\/www.studiogatto.es\/fr\/wp-json\/wp\/v2\/tags?post=46173"}],"curies":[{"name":"wp","href":"https:\/\/api.w.org\/{rel}","templated":true}]}}