{"id":10421,"date":"2016-04-07T16:49:39","date_gmt":"2016-04-07T16:49:39","guid":{"rendered":"http:\/\/studiogatto.es\/oferta-cocina-samal-negra-y-blanca\/"},"modified":"2019-06-22T07:34:07","modified_gmt":"2019-06-22T07:34:07","slug":"oferta-cocina-samal-negra-y-blanca","status":"publish","type":"post","link":"https:\/\/www.studiogatto.es\/en\/oferta-cocina-samal-negra-y-blanca\/","title":{"rendered":"Oferta cocina modelo Samal madera lacada"},"content":{"rendered":"<p>&nbsp;<\/p>\n<p><strong>OFERTA COCINA DISE\u00d1O ITALIANO DE LA MARCA GATTO &nbsp;MADERA LACADA EN BLANCO Y NEGRO<\/strong><\/p>\n<p>Mobiliario en madera fresno lacado blanco y negro con Armazones gris material hidr\u00f3fugo e ign\u00edfugo<\/p>\n<p>MODULACI\u00d3N:<\/p>\n<ul>\n<li>Mueble base 70 alto x 90 ancho con 2 cestos caceroleros extraibles apertura extraccion total + freno<\/li>\n<li>Mueble base 70 alto x 90 ancho con 2 cestos caceroleros extraibles apertura extracci\u00f3n total + freno<\/li>\n<li>Mueble base 70 x 60 ancho x 30 fondo con 1 puerta<\/li>\n<li>1 columna 200 alto x 60 ancho con 1 puerta superior + puerta inferior con 2 cajones internos<\/li>\n<li>2 columna &nbsp;apoyo 130 alto x 60 ancho con puerta parte superior + hueco integracion hornos compactos<\/li>\n<li>Mueble base 70 x 90 ancho con 2 cestos caceroleros extracci\u00f3n total + freno<\/li>\n<li>1 columna apoyo 130 alto x 60 ancho con 1 puerta + cajon especial integracion lavavajillas + cajon inferior<\/li>\n<\/ul>\n<p><strong>El precio de oferta del mobiliario es de 2.398\u20ac.<\/strong><\/p>\n<p><strong>La oferta no incluye montaje ni transporte. Los electrodom\u00e9sticos que aparecen el la foto se pueden ofertar aparte.<\/strong><\/p>\n<p><a href=\"https:\/\/www.studiogatto.es\/wp-content\/uploads\/2015\/12\/samal-negra-1-1.jpg\" rel=\"attachment wp-att-5326\"><img loading=\"lazy\" decoding=\"async\" class=\"alignnone size-full wp-image-5326\" src=\"https:\/\/www.studiogatto.es\/wp-content\/uploads\/2015\/12\/samal-negra-1-1.jpg\" alt=\"cocina oferta samal blanco y negro\" width=\"430\" height=\"764\"><\/a>&nbsp;<a href=\"https:\/\/www.studiogatto.es\/wp-content\/uploads\/2015\/12\/samal-3.jpg\" rel=\"attachment wp-att-5314\"><img loading=\"lazy\" decoding=\"async\" class=\"alignnone size-full wp-image-5314\" src=\"https:\/\/www.studiogatto.es\/wp-content\/uploads\/2015\/12\/samal-3.jpg\" alt=\"samal 3\" width=\"764\" height=\"430\"><\/a><\/p>\n<p><a href=\"https:\/\/www.studiogatto.es\/wp-content\/uploads\/2015\/12\/smal-negra6.jpg\" rel=\"attachment wp-att-5317\"><img loading=\"lazy\" decoding=\"async\" class=\"alignnone size-full wp-image-5317\" src=\"https:\/\/www.studiogatto.es\/wp-content\/uploads\/2015\/12\/smal-negra6.jpg\" alt=\"cocina oferta samal negra y blanco\" width=\"764\" height=\"430\"><\/a>&nbsp;<a href=\"https:\/\/www.studiogatto.es\/wp-content\/uploads\/2015\/12\/samal-negra-2.jpg\" rel=\"attachment wp-att-5313\"><img loading=\"lazy\" decoding=\"async\" class=\"alignnone size-full wp-image-5313\" src=\"https:\/\/www.studiogatto.es\/wp-content\/uploads\/2015\/12\/samal-negra-2.jpg\" alt=\"samal negra 2\" width=\"764\" height=\"430\"><\/a><\/p>\n<p><a href=\"https:\/\/www.studiogatto.es\/wp-content\/uploads\/2015\/12\/samal-negra-4.jpg\" rel=\"attachment wp-att-5315\"><img loading=\"lazy\" decoding=\"async\" class=\"alignnone size-full wp-image-5315\" src=\"https:\/\/www.studiogatto.es\/wp-content\/uploads\/2015\/12\/samal-negra-4.jpg\" alt=\"samal negra 4\" width=\"764\" height=\"430\"><\/a><\/p>\n","protected":false},"excerpt":{"rendered":"<p>&nbsp; OFERTA COCINA DISE\u00d1O ITALIANO DE LA MARCA GATTO &nbsp;MADERA LACADA EN BLANCO Y NEGRO Mobiliario en madera fresno lacado blanco y negro con Armazones gris material hidr\u00f3fugo e ign\u00edfugo MODULACI\u00d3N: Mueble base 70 alto x 90 ancho con 2 cestos caceroleros extraibles apertura extraccion total + freno Mueble base 70 alto x 90 ancho [&hellip;]<\/p>\n","protected":false},"author":1,"featured_media":8326,"comment_status":"closed","ping_status":"closed","sticky":false,"template":"","format":"standard","meta":{"_et_pb_use_builder":"","_et_pb_old_content":"","_et_gb_content_width":"","footnotes":""},"categories":[46],"tags":[],"class_list":["post-10421","post","type-post","status-publish","format-standard","has-post-thumbnail","hentry","category-outlet-kitchens-furniture"],"yoast_head":"<!-- This site is optimized with the Yoast SEO plugin v27.5 - https:\/\/yoast.com\/product\/yoast-seo-wordpress\/ -->\n<title>Oferta cocina modelo Samal madera lacada<\/title>\n<meta name=\"robots\" content=\"index, follow, max-snippet:-1, max-image-preview:large, max-video-preview:-1\" \/>\n<link rel=\"canonical\" href=\"https:\/\/www.studiogatto.es\/en\/oferta-cocina-samal-negra-y-blanca\/\" \/>\n<meta property=\"og:locale\" content=\"en_US\" \/>\n<meta property=\"og:type\" content=\"article\" \/>\n<meta property=\"og:title\" content=\"Oferta cocina modelo Samal madera lacada\" \/>\n<meta property=\"og:description\" content=\"&nbsp; OFERTA COCINA DISE\u00d1O ITALIANO DE LA MARCA GATTO &nbsp;MADERA LACADA EN BLANCO Y NEGRO Mobiliario en madera fresno lacado blanco y negro con Armazones gris material hidr\u00f3fugo e ign\u00edfugo MODULACI\u00d3N: Mueble base 70 alto x 90 ancho con 2 cestos caceroleros extraibles apertura extraccion total + freno Mueble base 70 alto x 90 ancho [&hellip;]\" \/>\n<meta property=\"og:url\" content=\"https:\/\/www.studiogatto.es\/en\/oferta-cocina-samal-negra-y-blanca\/\" \/>\n<meta property=\"og:site_name\" content=\"Studio Gatto. Kitchen and bathroom reforms\" \/>\n<meta property=\"article:publisher\" content=\"https:\/\/www.facebook.com\/studiogattocucine\" \/>\n<meta property=\"article:published_time\" content=\"2016-04-07T16:49:39+00:00\" \/>\n<meta property=\"article:modified_time\" content=\"2019-06-22T07:34:07+00:00\" \/>\n<meta property=\"og:image\" content=\"https:\/\/www.studiogatto.es\/wp-content\/uploads\/Oferta-cocina-modelo-Samal-madera-lacada.jpg\" \/>\n\t<meta property=\"og:image:width\" content=\"300\" \/>\n\t<meta property=\"og:image:height\" content=\"169\" \/>\n\t<meta property=\"og:image:type\" content=\"image\/jpeg\" \/>\n<meta name=\"author\" content=\"admin\" \/>\n<meta name=\"twitter:card\" content=\"summary_large_image\" \/>\n<meta name=\"twitter:creator\" content=\"@studiogattosl\" \/>\n<meta name=\"twitter:site\" content=\"@studiogattosl\" \/>\n<meta name=\"twitter:label1\" content=\"Written by\" \/>\n\t<meta name=\"twitter:data1\" content=\"admin\" \/>\n\t<meta name=\"twitter:label2\" content=\"Est. reading time\" \/>\n\t<meta name=\"twitter:data2\" content=\"1 minute\" \/>\n<script type=\"application\/ld+json\" class=\"yoast-schema-graph\">{\"@context\":\"https:\\\/\\\/schema.org\",\"@graph\":[{\"@type\":\"Article\",\"@id\":\"https:\\\/\\\/www.studiogatto.es\\\/en\\\/oferta-cocina-samal-negra-y-blanca\\\/#article\",\"isPartOf\":{\"@id\":\"https:\\\/\\\/www.studiogatto.es\\\/en\\\/oferta-cocina-samal-negra-y-blanca\\\/\"},\"author\":{\"name\":\"admin\",\"@id\":\"https:\\\/\\\/www.studiogatto.es\\\/en\\\/#\\\/schema\\\/person\\\/4f471391b1e5fad2f529637583f16c01\"},\"headline\":\"Oferta cocina modelo Samal madera lacada\",\"datePublished\":\"2016-04-07T16:49:39+00:00\",\"dateModified\":\"2019-06-22T07:34:07+00:00\",\"mainEntityOfPage\":{\"@id\":\"https:\\\/\\\/www.studiogatto.es\\\/en\\\/oferta-cocina-samal-negra-y-blanca\\\/\"},\"wordCount\":156,\"publisher\":{\"@id\":\"https:\\\/\\\/www.studiogatto.es\\\/en\\\/#organization\"},\"image\":{\"@id\":\"https:\\\/\\\/www.studiogatto.es\\\/en\\\/oferta-cocina-samal-negra-y-blanca\\\/#primaryimage\"},\"thumbnailUrl\":\"https:\\\/\\\/www.studiogatto.es\\\/wp-content\\\/uploads\\\/Oferta-cocina-modelo-Samal-madera-lacada.jpg\",\"articleSection\":[\"Outlet Kitchens Furniture\"],\"inLanguage\":\"en-US\"},{\"@type\":\"WebPage\",\"@id\":\"https:\\\/\\\/www.studiogatto.es\\\/en\\\/oferta-cocina-samal-negra-y-blanca\\\/\",\"url\":\"https:\\\/\\\/www.studiogatto.es\\\/en\\\/oferta-cocina-samal-negra-y-blanca\\\/\",\"name\":\"Oferta cocina modelo Samal madera lacada\",\"isPartOf\":{\"@id\":\"https:\\\/\\\/www.studiogatto.es\\\/en\\\/#website\"},\"primaryImageOfPage\":{\"@id\":\"https:\\\/\\\/www.studiogatto.es\\\/en\\\/oferta-cocina-samal-negra-y-blanca\\\/#primaryimage\"},\"image\":{\"@id\":\"https:\\\/\\\/www.studiogatto.es\\\/en\\\/oferta-cocina-samal-negra-y-blanca\\\/#primaryimage\"},\"thumbnailUrl\":\"https:\\\/\\\/www.studiogatto.es\\\/wp-content\\\/uploads\\\/Oferta-cocina-modelo-Samal-madera-lacada.jpg\",\"datePublished\":\"2016-04-07T16:49:39+00:00\",\"dateModified\":\"2019-06-22T07:34:07+00:00\",\"breadcrumb\":{\"@id\":\"https:\\\/\\\/www.studiogatto.es\\\/en\\\/oferta-cocina-samal-negra-y-blanca\\\/#breadcrumb\"},\"inLanguage\":\"en-US\",\"potentialAction\":[{\"@type\":\"ReadAction\",\"target\":[\"https:\\\/\\\/www.studiogatto.es\\\/en\\\/oferta-cocina-samal-negra-y-blanca\\\/\"]}]},{\"@type\":\"ImageObject\",\"inLanguage\":\"en-US\",\"@id\":\"https:\\\/\\\/www.studiogatto.es\\\/en\\\/oferta-cocina-samal-negra-y-blanca\\\/#primaryimage\",\"url\":\"https:\\\/\\\/www.studiogatto.es\\\/wp-content\\\/uploads\\\/Oferta-cocina-modelo-Samal-madera-lacada.jpg\",\"contentUrl\":\"https:\\\/\\\/www.studiogatto.es\\\/wp-content\\\/uploads\\\/Oferta-cocina-modelo-Samal-madera-lacada.jpg\",\"width\":300,\"height\":169,\"caption\":\"oferta-cocina-madera\"},{\"@type\":\"BreadcrumbList\",\"@id\":\"https:\\\/\\\/www.studiogatto.es\\\/en\\\/oferta-cocina-samal-negra-y-blanca\\\/#breadcrumb\",\"itemListElement\":[{\"@type\":\"ListItem\",\"position\":1,\"name\":\"Portada\",\"item\":\"https:\\\/\\\/www.studiogatto.es\\\/en\\\/\"},{\"@type\":\"ListItem\",\"position\":2,\"name\":\"Oferta cocina modelo Samal madera lacada\"}]},{\"@type\":\"WebSite\",\"@id\":\"https:\\\/\\\/www.studiogatto.es\\\/en\\\/#website\",\"url\":\"https:\\\/\\\/www.studiogatto.es\\\/en\\\/\",\"name\":\"Studio Gatto. Kitchen and bathroom reforms\",\"description\":\"Reformas integrales de Cocinas y ba\u00f1os. Interiorismo. Dise\u00f1o.\",\"publisher\":{\"@id\":\"https:\\\/\\\/www.studiogatto.es\\\/en\\\/#organization\"},\"potentialAction\":[{\"@type\":\"SearchAction\",\"target\":{\"@type\":\"EntryPoint\",\"urlTemplate\":\"https:\\\/\\\/www.studiogatto.es\\\/en\\\/?s={search_term_string}\"},\"query-input\":{\"@type\":\"PropertyValueSpecification\",\"valueRequired\":true,\"valueName\":\"search_term_string\"}}],\"inLanguage\":\"en-US\"},{\"@type\":\"Organization\",\"@id\":\"https:\\\/\\\/www.studiogatto.es\\\/en\\\/#organization\",\"name\":\"Studio Gatto\",\"url\":\"https:\\\/\\\/www.studiogatto.es\\\/en\\\/\",\"logo\":{\"@type\":\"ImageObject\",\"inLanguage\":\"en-US\",\"@id\":\"https:\\\/\\\/www.studiogatto.es\\\/en\\\/#\\\/schema\\\/logo\\\/image\\\/\",\"url\":\"https:\\\/\\\/www.studiogatto.es\\\/wp-content\\\/uploads\\\/Nuevo-logotipo.jpg\",\"contentUrl\":\"https:\\\/\\\/www.studiogatto.es\\\/wp-content\\\/uploads\\\/Nuevo-logotipo.jpg\",\"width\":300,\"height\":167,\"caption\":\"Studio Gatto\"},\"image\":{\"@id\":\"https:\\\/\\\/www.studiogatto.es\\\/en\\\/#\\\/schema\\\/logo\\\/image\\\/\"},\"sameAs\":[\"https:\\\/\\\/www.facebook.com\\\/studiogattocucine\",\"https:\\\/\\\/x.com\\\/studiogattosl\"]},{\"@type\":\"Person\",\"@id\":\"https:\\\/\\\/www.studiogatto.es\\\/en\\\/#\\\/schema\\\/person\\\/4f471391b1e5fad2f529637583f16c01\",\"name\":\"admin\"}]}<\/script>\n<!-- \/ Yoast SEO plugin. -->","yoast_head_json":{"title":"Oferta cocina modelo Samal madera lacada","robots":{"index":"index","follow":"follow","max-snippet":"max-snippet:-1","max-image-preview":"max-image-preview:large","max-video-preview":"max-video-preview:-1"},"canonical":"https:\/\/www.studiogatto.es\/en\/oferta-cocina-samal-negra-y-blanca\/","og_locale":"en_US","og_type":"article","og_title":"Oferta cocina modelo Samal madera lacada","og_description":"&nbsp; OFERTA COCINA DISE\u00d1O ITALIANO DE LA MARCA GATTO &nbsp;MADERA LACADA EN BLANCO Y NEGRO Mobiliario en madera fresno lacado blanco y negro con Armazones gris material hidr\u00f3fugo e ign\u00edfugo MODULACI\u00d3N: Mueble base 70 alto x 90 ancho con 2 cestos caceroleros extraibles apertura extraccion total + freno Mueble base 70 alto x 90 ancho [&hellip;]","og_url":"https:\/\/www.studiogatto.es\/en\/oferta-cocina-samal-negra-y-blanca\/","og_site_name":"Studio Gatto. Kitchen and bathroom reforms","article_publisher":"https:\/\/www.facebook.com\/studiogattocucine","article_published_time":"2016-04-07T16:49:39+00:00","article_modified_time":"2019-06-22T07:34:07+00:00","og_image":[{"width":300,"height":169,"url":"https:\/\/www.studiogatto.es\/wp-content\/uploads\/Oferta-cocina-modelo-Samal-madera-lacada.jpg","type":"image\/jpeg"}],"author":"admin","twitter_card":"summary_large_image","twitter_creator":"@studiogattosl","twitter_site":"@studiogattosl","twitter_misc":{"Written by":"admin","Est. reading time":"1 minute"},"schema":{"@context":"https:\/\/schema.org","@graph":[{"@type":"Article","@id":"https:\/\/www.studiogatto.es\/en\/oferta-cocina-samal-negra-y-blanca\/#article","isPartOf":{"@id":"https:\/\/www.studiogatto.es\/en\/oferta-cocina-samal-negra-y-blanca\/"},"author":{"name":"admin","@id":"https:\/\/www.studiogatto.es\/en\/#\/schema\/person\/4f471391b1e5fad2f529637583f16c01"},"headline":"Oferta cocina modelo Samal madera lacada","datePublished":"2016-04-07T16:49:39+00:00","dateModified":"2019-06-22T07:34:07+00:00","mainEntityOfPage":{"@id":"https:\/\/www.studiogatto.es\/en\/oferta-cocina-samal-negra-y-blanca\/"},"wordCount":156,"publisher":{"@id":"https:\/\/www.studiogatto.es\/en\/#organization"},"image":{"@id":"https:\/\/www.studiogatto.es\/en\/oferta-cocina-samal-negra-y-blanca\/#primaryimage"},"thumbnailUrl":"https:\/\/www.studiogatto.es\/wp-content\/uploads\/Oferta-cocina-modelo-Samal-madera-lacada.jpg","articleSection":["Outlet Kitchens Furniture"],"inLanguage":"en-US"},{"@type":"WebPage","@id":"https:\/\/www.studiogatto.es\/en\/oferta-cocina-samal-negra-y-blanca\/","url":"https:\/\/www.studiogatto.es\/en\/oferta-cocina-samal-negra-y-blanca\/","name":"Oferta cocina modelo Samal madera lacada","isPartOf":{"@id":"https:\/\/www.studiogatto.es\/en\/#website"},"primaryImageOfPage":{"@id":"https:\/\/www.studiogatto.es\/en\/oferta-cocina-samal-negra-y-blanca\/#primaryimage"},"image":{"@id":"https:\/\/www.studiogatto.es\/en\/oferta-cocina-samal-negra-y-blanca\/#primaryimage"},"thumbnailUrl":"https:\/\/www.studiogatto.es\/wp-content\/uploads\/Oferta-cocina-modelo-Samal-madera-lacada.jpg","datePublished":"2016-04-07T16:49:39+00:00","dateModified":"2019-06-22T07:34:07+00:00","breadcrumb":{"@id":"https:\/\/www.studiogatto.es\/en\/oferta-cocina-samal-negra-y-blanca\/#breadcrumb"},"inLanguage":"en-US","potentialAction":[{"@type":"ReadAction","target":["https:\/\/www.studiogatto.es\/en\/oferta-cocina-samal-negra-y-blanca\/"]}]},{"@type":"ImageObject","inLanguage":"en-US","@id":"https:\/\/www.studiogatto.es\/en\/oferta-cocina-samal-negra-y-blanca\/#primaryimage","url":"https:\/\/www.studiogatto.es\/wp-content\/uploads\/Oferta-cocina-modelo-Samal-madera-lacada.jpg","contentUrl":"https:\/\/www.studiogatto.es\/wp-content\/uploads\/Oferta-cocina-modelo-Samal-madera-lacada.jpg","width":300,"height":169,"caption":"oferta-cocina-madera"},{"@type":"BreadcrumbList","@id":"https:\/\/www.studiogatto.es\/en\/oferta-cocina-samal-negra-y-blanca\/#breadcrumb","itemListElement":[{"@type":"ListItem","position":1,"name":"Portada","item":"https:\/\/www.studiogatto.es\/en\/"},{"@type":"ListItem","position":2,"name":"Oferta cocina modelo Samal madera lacada"}]},{"@type":"WebSite","@id":"https:\/\/www.studiogatto.es\/en\/#website","url":"https:\/\/www.studiogatto.es\/en\/","name":"Studio Gatto. Kitchen and bathroom reforms","description":"Reformas integrales de Cocinas y ba\u00f1os. Interiorismo. Dise\u00f1o.","publisher":{"@id":"https:\/\/www.studiogatto.es\/en\/#organization"},"potentialAction":[{"@type":"SearchAction","target":{"@type":"EntryPoint","urlTemplate":"https:\/\/www.studiogatto.es\/en\/?s={search_term_string}"},"query-input":{"@type":"PropertyValueSpecification","valueRequired":true,"valueName":"search_term_string"}}],"inLanguage":"en-US"},{"@type":"Organization","@id":"https:\/\/www.studiogatto.es\/en\/#organization","name":"Studio Gatto","url":"https:\/\/www.studiogatto.es\/en\/","logo":{"@type":"ImageObject","inLanguage":"en-US","@id":"https:\/\/www.studiogatto.es\/en\/#\/schema\/logo\/image\/","url":"https:\/\/www.studiogatto.es\/wp-content\/uploads\/Nuevo-logotipo.jpg","contentUrl":"https:\/\/www.studiogatto.es\/wp-content\/uploads\/Nuevo-logotipo.jpg","width":300,"height":167,"caption":"Studio Gatto"},"image":{"@id":"https:\/\/www.studiogatto.es\/en\/#\/schema\/logo\/image\/"},"sameAs":["https:\/\/www.facebook.com\/studiogattocucine","https:\/\/x.com\/studiogattosl"]},{"@type":"Person","@id":"https:\/\/www.studiogatto.es\/en\/#\/schema\/person\/4f471391b1e5fad2f529637583f16c01","name":"admin"}]}},"_links":{"self":[{"href":"https:\/\/www.studiogatto.es\/en\/wp-json\/wp\/v2\/posts\/10421","targetHints":{"allow":["GET"]}}],"collection":[{"href":"https:\/\/www.studiogatto.es\/en\/wp-json\/wp\/v2\/posts"}],"about":[{"href":"https:\/\/www.studiogatto.es\/en\/wp-json\/wp\/v2\/types\/post"}],"author":[{"embeddable":true,"href":"https:\/\/www.studiogatto.es\/en\/wp-json\/wp\/v2\/users\/1"}],"replies":[{"embeddable":true,"href":"https:\/\/www.studiogatto.es\/en\/wp-json\/wp\/v2\/comments?post=10421"}],"version-history":[{"count":0,"href":"https:\/\/www.studiogatto.es\/en\/wp-json\/wp\/v2\/posts\/10421\/revisions"}],"wp:featuredmedia":[{"embeddable":true,"href":"https:\/\/www.studiogatto.es\/en\/wp-json\/wp\/v2\/media\/8326"}],"wp:attachment":[{"href":"https:\/\/www.studiogatto.es\/en\/wp-json\/wp\/v2\/media?parent=10421"}],"wp:term":[{"taxonomy":"category","embeddable":true,"href":"https:\/\/www.studiogatto.es\/en\/wp-json\/wp\/v2\/categories?post=10421"},{"taxonomy":"post_tag","embeddable":true,"href":"https:\/\/www.studiogatto.es\/en\/wp-json\/wp\/v2\/tags?post=10421"}],"curies":[{"name":"wp","href":"https:\/\/api.w.org\/{rel}","templated":true}]}}