{"id":9823,"date":"2019-03-25T10:12:22","date_gmt":"2019-03-25T10:12:22","guid":{"rendered":"http:\/\/studiogatto.es\/una-cocina-con-estilo\/"},"modified":"2021-09-06T08:50:20","modified_gmt":"2021-09-06T06:50:20","slug":"una-cocina-con-estilo","status":"publish","type":"post","link":"https:\/\/www.studiogatto.es\/ca\/una-cocina-con-estilo\/","title":{"rendered":"Una cuina amb estil"},"content":{"rendered":"<p>Hem realitzat aquesta reforma integral de cuina a Vilanova i la Geltr\u00fa (Barcelona). Loreto, la proprietaria, volia que la cuina fos el m\u00e9s blanca i lluminosa possible. Aix\u00ed els mobles s\u00f3n del nostre prove\u00efdor <strong> Inko <\/ strong> de el model <strong> GOURMET CHANTILLY <\/ strong> i el silestone \u00e9s el color blanc <strong> ICONIC WHITE <\/ strong>.<\/p>\n<p>En primer lloc el nostre equip d&#8217;industrials van retirar el paviment i rajoles de les parets per col\u00b7locar en el seu lloc un paviment imitaci\u00f3 parquet molt m\u00e9s clar per guanyar lluminositat, ia les parets es va optar per pintura, en lloc de rajoles, sobre superf\u00edcie enguixada per donar sensaci\u00f3 de major amplitud, aix\u00ed com un contrast entre els mobles i parets blanques i terra color fusta.<\/p>\n<p>La zona de l&#8217;office t\u00e9 leds sota dels mobles regulables en intensitat. Els mobles en aquesta zona s\u00f3n de profunditat redu\u00efda per crear m\u00e9s espai per a la taula i alleugerir l&#8217;espai.<\/p>\n<p>En la reforma integral d&#8217;aquesta cuina a Vilanova i la Geltr\u00fa, el lampista va ser l&#8217;encarregat de donar llum amb tecnologia led a petici\u00f3 de client que va sol\u00b7licitar una zona office per esmorzars, cafetera i petits electrodom\u00e8stics.<\/p>\n<p>Tamb\u00e9 es va usar il\u00b7luminaci\u00f3 led sota els mobles alts que assegura una bona il\u00b7luminaci\u00f3 c\u00e0lida que diferencia l&#8217;espai de la resta de la cuina ia m\u00e9s assegura l&#8217;efici\u00e8ncia energ\u00e8tica de l&#8217;habitatge ja que la il\u00b7luminaci\u00f3 led \u00e9s de baix consum.<\/p>\n<p>Durant la reforma es va instal\u00b7lar sostre d&#8217;alumini amb focus d&#8217;enllumenat led de baix consum de llum blanca freda, per optimitzar una millor visibilitat en les zones de treball. A m\u00e9s va permetre amagar els tubs d&#8217;extracci\u00f3 de fums per canviar la localitzaci\u00f3 de la campana a la nova distribuci\u00f3 de la cuina, transformant aix\u00ed la repartiment de l&#8217;espai.<\/p>\n<p>La porta d&#8217;entrada de la cuina es va substituir per una porta corredissa de vidre transparent tal com volia la propiet\u00e0ria per donar sensaci\u00f3 de m\u00e9s amplitud a la cuina i per no restar espai i facilitar l&#8217;obertura de la nevera que just se situa a l&#8217;entrada de la cuina.<\/p>\n<p>Els electrodom\u00e8stics s\u00f3n de la marca <strong> SIEMENS <\/ strong>.<\/p>\n<p><Strong> La cuina abans de la Reforma: <\/ strong><\/p>\n\n\t\t<style type=\"text\/css\">\n\t\t\t#gallery-1 {\n\t\t\t\tmargin: auto;\n\t\t\t}\n\t\t\t#gallery-1 .gallery-item {\n\t\t\t\tfloat: left;\n\t\t\t\tmargin-top: 10px;\n\t\t\t\ttext-align: center;\n\t\t\t\twidth: 33%;\n\t\t\t}\n\t\t\t#gallery-1 img {\n\t\t\t\tborder: 2px solid #cfcfcf;\n\t\t\t}\n\t\t\t#gallery-1 .gallery-caption {\n\t\t\t\tmargin-left: 0;\n\t\t\t}\n\t\t\t\/* see gallery_shortcode() in wp-includes\/media.php *\/\n\t\t<\/style>\n\t\t<div id='gallery-1' class='gallery galleryid-9823 gallery-columns-3 gallery-size-full'><dl class='gallery-item'>\n\t\t\t<dt class='gallery-icon portrait'>\n\t\t\t\t<a href='https:\/\/www.studiogatto.es\/ca\/una-cocina-con-estilo\/1-24-2-2\/'><img loading=\"lazy\" decoding=\"async\" width=\"400\" height=\"532\" src=\"https:\/\/www.studiogatto.es\/wp-content\/uploads\/1-24-1.jpg\" class=\"attachment-full size-full\" alt=\"\" srcset=\"https:\/\/www.studiogatto.es\/wp-content\/uploads\/1-24-1.jpg 400w, https:\/\/www.studiogatto.es\/wp-content\/uploads\/1-24-1-226x300.jpg 226w\" sizes=\"(max-width: 400px) 100vw, 400px\" \/><\/a>\n\t\t\t<\/dt><\/dl><dl class='gallery-item'>\n\t\t\t<dt class='gallery-icon portrait'>\n\t\t\t\t<a href='https:\/\/www.studiogatto.es\/ca\/una-cocina-con-estilo\/2-20-2\/'><img loading=\"lazy\" decoding=\"async\" width=\"400\" height=\"533\" src=\"https:\/\/www.studiogatto.es\/wp-content\/uploads\/2-20.jpg\" class=\"attachment-full size-full\" alt=\"\" srcset=\"https:\/\/www.studiogatto.es\/wp-content\/uploads\/2-20.jpg 400w, https:\/\/www.studiogatto.es\/wp-content\/uploads\/2-20-225x300.jpg 225w\" sizes=\"(max-width: 400px) 100vw, 400px\" \/><\/a>\n\t\t\t<\/dt><\/dl><dl class='gallery-item'>\n\t\t\t<dt class='gallery-icon portrait'>\n\t\t\t\t<a href='https:\/\/www.studiogatto.es\/ca\/una-cocina-con-estilo\/4-19-2-2\/'><img loading=\"lazy\" decoding=\"async\" width=\"400\" height=\"533\" src=\"https:\/\/www.studiogatto.es\/wp-content\/uploads\/4-19-1.jpg\" class=\"attachment-full size-full\" alt=\"\" srcset=\"https:\/\/www.studiogatto.es\/wp-content\/uploads\/4-19-1.jpg 400w, https:\/\/www.studiogatto.es\/wp-content\/uploads\/4-19-1-225x300.jpg 225w\" sizes=\"(max-width: 400px) 100vw, 400px\" \/><\/a>\n\t\t\t<\/dt><\/dl><br style=\"clear: both\" \/><dl class='gallery-item'>\n\t\t\t<dt class='gallery-icon landscape'>\n\t\t\t\t<a href='https:\/\/www.studiogatto.es\/ca\/una-cocina-con-estilo\/3-22-2\/'><img loading=\"lazy\" decoding=\"async\" width=\"400\" height=\"300\" src=\"https:\/\/www.studiogatto.es\/wp-content\/uploads\/3-22.jpg\" class=\"attachment-full size-full\" alt=\"\" srcset=\"https:\/\/www.studiogatto.es\/wp-content\/uploads\/3-22.jpg 400w, https:\/\/www.studiogatto.es\/wp-content\/uploads\/3-22-300x225.jpg 300w\" sizes=\"(max-width: 400px) 100vw, 400px\" \/><\/a>\n\t\t\t<\/dt><\/dl><dl class='gallery-item'>\n\t\t\t<dt class='gallery-icon landscape'>\n\t\t\t\t<a href='https:\/\/www.studiogatto.es\/ca\/una-cocina-con-estilo\/5-24-2\/'><img loading=\"lazy\" decoding=\"async\" width=\"400\" height=\"300\" src=\"https:\/\/www.studiogatto.es\/wp-content\/uploads\/5-24.jpg\" class=\"attachment-full size-full\" alt=\"\" srcset=\"https:\/\/www.studiogatto.es\/wp-content\/uploads\/5-24.jpg 400w, https:\/\/www.studiogatto.es\/wp-content\/uploads\/5-24-300x225.jpg 300w\" sizes=\"(max-width: 400px) 100vw, 400px\" \/><\/a>\n\t\t\t<\/dt><\/dl>\n\t\t\t<br style='clear: both' \/>\n\t\t<\/div>\n\n<p>&nbsp;<\/p>\n<p><Strong> La cuina despr\u00e9s de la reforma: <\/ strong><\/p>\n\n\t\t<style type=\"text\/css\">\n\t\t\t#gallery-2 {\n\t\t\t\tmargin: auto;\n\t\t\t}\n\t\t\t#gallery-2 .gallery-item {\n\t\t\t\tfloat: left;\n\t\t\t\tmargin-top: 10px;\n\t\t\t\ttext-align: center;\n\t\t\t\twidth: 50%;\n\t\t\t}\n\t\t\t#gallery-2 img {\n\t\t\t\tborder: 2px solid #cfcfcf;\n\t\t\t}\n\t\t\t#gallery-2 .gallery-caption {\n\t\t\t\tmargin-left: 0;\n\t\t\t}\n\t\t\t\/* see gallery_shortcode() in wp-includes\/media.php *\/\n\t\t<\/style>\n\t\t<div id='gallery-2' class='gallery galleryid-9823 gallery-columns-2 gallery-size-full'><dl class='gallery-item'>\n\t\t\t<dt class='gallery-icon portrait'>\n\t\t\t\t<a href='https:\/\/www.studiogatto.es\/ca\/una-cocina-con-estilo\/6-19-2\/'><img loading=\"lazy\" decoding=\"async\" width=\"400\" height=\"533\" src=\"https:\/\/www.studiogatto.es\/wp-content\/uploads\/6-19.jpg\" class=\"attachment-full size-full\" alt=\"\" srcset=\"https:\/\/www.studiogatto.es\/wp-content\/uploads\/6-19.jpg 400w, https:\/\/www.studiogatto.es\/wp-content\/uploads\/6-19-225x300.jpg 225w\" sizes=\"(max-width: 400px) 100vw, 400px\" \/><\/a>\n\t\t\t<\/dt><\/dl><dl class='gallery-item'>\n\t\t\t<dt class='gallery-icon portrait'>\n\t\t\t\t<a href='https:\/\/www.studiogatto.es\/ca\/una-cocina-con-estilo\/10-13-2\/'><img loading=\"lazy\" decoding=\"async\" width=\"400\" height=\"533\" src=\"https:\/\/www.studiogatto.es\/wp-content\/uploads\/10-13.jpg\" class=\"attachment-full size-full\" alt=\"\" srcset=\"https:\/\/www.studiogatto.es\/wp-content\/uploads\/10-13.jpg 400w, https:\/\/www.studiogatto.es\/wp-content\/uploads\/10-13-225x300.jpg 225w\" sizes=\"(max-width: 400px) 100vw, 400px\" \/><\/a>\n\t\t\t<\/dt><\/dl><br style=\"clear: both\" \/><dl class='gallery-item'>\n\t\t\t<dt class='gallery-icon portrait'>\n\t\t\t\t<a href='https:\/\/www.studiogatto.es\/ca\/una-cocina-con-estilo\/11-9-2\/'><img loading=\"lazy\" decoding=\"async\" width=\"400\" height=\"533\" src=\"https:\/\/www.studiogatto.es\/wp-content\/uploads\/11-9.jpg\" class=\"attachment-full size-full\" alt=\"\" srcset=\"https:\/\/www.studiogatto.es\/wp-content\/uploads\/11-9.jpg 400w, https:\/\/www.studiogatto.es\/wp-content\/uploads\/11-9-225x300.jpg 225w\" sizes=\"(max-width: 400px) 100vw, 400px\" \/><\/a>\n\t\t\t<\/dt><\/dl><dl class='gallery-item'>\n\t\t\t<dt class='gallery-icon portrait'>\n\t\t\t\t<a href='https:\/\/www.studiogatto.es\/ca\/una-cocina-con-estilo\/12-7-2\/'><img loading=\"lazy\" decoding=\"async\" width=\"400\" height=\"533\" src=\"https:\/\/www.studiogatto.es\/wp-content\/uploads\/12-7.jpg\" class=\"attachment-full size-full\" alt=\"\" srcset=\"https:\/\/www.studiogatto.es\/wp-content\/uploads\/12-7.jpg 400w, https:\/\/www.studiogatto.es\/wp-content\/uploads\/12-7-225x300.jpg 225w\" sizes=\"(max-width: 400px) 100vw, 400px\" \/><\/a>\n\t\t\t<\/dt><\/dl><br style=\"clear: both\" \/><dl class='gallery-item'>\n\t\t\t<dt class='gallery-icon portrait'>\n\t\t\t\t<a href='https:\/\/www.studiogatto.es\/ca\/una-cocina-con-estilo\/13-2-2-2\/'><img loading=\"lazy\" decoding=\"async\" width=\"400\" height=\"533\" src=\"https:\/\/www.studiogatto.es\/wp-content\/uploads\/13-2-1.jpg\" class=\"attachment-full size-full\" alt=\"\" srcset=\"https:\/\/www.studiogatto.es\/wp-content\/uploads\/13-2-1.jpg 400w, https:\/\/www.studiogatto.es\/wp-content\/uploads\/13-2-1-225x300.jpg 225w\" sizes=\"(max-width: 400px) 100vw, 400px\" \/><\/a>\n\t\t\t<\/dt><\/dl><dl class='gallery-item'>\n\t\t\t<dt class='gallery-icon landscape'>\n\t\t\t\t<a href='https:\/\/www.studiogatto.es\/ca\/una-cocina-con-estilo\/9-14-2\/'><img loading=\"lazy\" decoding=\"async\" width=\"400\" height=\"300\" src=\"https:\/\/www.studiogatto.es\/wp-content\/uploads\/9-14.jpg\" class=\"attachment-full size-full\" alt=\"\" srcset=\"https:\/\/www.studiogatto.es\/wp-content\/uploads\/9-14.jpg 400w, https:\/\/www.studiogatto.es\/wp-content\/uploads\/9-14-300x225.jpg 300w\" sizes=\"(max-width: 400px) 100vw, 400px\" \/><\/a>\n\t\t\t<\/dt><\/dl><br style=\"clear: both\" \/>\n\t\t<\/div>\n\n<p>&nbsp;<\/p>\n","protected":false},"excerpt":{"rendered":"<p>Hem realitzat aquesta reforma integral de cuina a Vilanova i la Geltr\u00fa (Barcelona). Loreto, la proprietaria, volia que la cuina fos el m\u00e9s blanca i lluminosa possible. Aix\u00ed els mobles s\u00f3n del nostre prove\u00efdor Inko de el model GOURMET CHANTILLY i el silestone \u00e9s el color blanc ICONIC WHITE . En primer lloc el nostre [&hellip;]<\/p>\n","protected":false},"author":1,"featured_media":8022,"comment_status":"closed","ping_status":"closed","sticky":false,"template":"","format":"standard","meta":{"_et_pb_use_builder":"","_et_pb_old_content":"","_et_gb_content_width":"","footnotes":""},"categories":[32],"tags":[],"class_list":["post-9823","post","type-post","status-publish","format-standard","has-post-thumbnail","hentry","category-projectes"],"yoast_head":"<!-- This site is optimized with the Yoast SEO plugin v27.5 - https:\/\/yoast.com\/product\/yoast-seo-wordpress\/ -->\n<title>Una cuina amb estil<\/title>\n<meta name=\"description\" content=\"Reforma integral de cuina a Vilanova i la Geltr\u00fa.\" \/>\n<meta name=\"robots\" content=\"index, follow, max-snippet:-1, max-image-preview:large, max-video-preview:-1\" \/>\n<link rel=\"canonical\" href=\"https:\/\/www.studiogatto.es\/ca\/una-cocina-con-estilo\/\" \/>\n<meta property=\"og:locale\" content=\"ca_ES\" \/>\n<meta property=\"og:type\" content=\"article\" \/>\n<meta property=\"og:title\" content=\"Una cuina amb estil\" \/>\n<meta property=\"og:description\" content=\"Reforma integral de cuina a Vilanova i la Geltr\u00fa.\" \/>\n<meta property=\"og:url\" content=\"https:\/\/www.studiogatto.es\/ca\/una-cocina-con-estilo\/\" \/>\n<meta property=\"og:site_name\" content=\"Studio Gatto - Cuines i Banys\" \/>\n<meta property=\"article:publisher\" content=\"https:\/\/www.facebook.com\/studiogattocucine\" \/>\n<meta property=\"article:published_time\" content=\"2019-03-25T10:12:22+00:00\" \/>\n<meta property=\"article:modified_time\" content=\"2021-09-06T06:50:20+00:00\" \/>\n<meta property=\"og:image\" content=\"https:\/\/www.studiogatto.es\/wp-content\/uploads\/Una-cocina-con-estilo.jpg\" \/>\n\t<meta property=\"og:image:width\" content=\"300\" \/>\n\t<meta property=\"og:image:height\" content=\"169\" \/>\n\t<meta property=\"og:image:type\" content=\"image\/jpeg\" \/>\n<meta name=\"author\" content=\"admin\" \/>\n<meta name=\"twitter:card\" content=\"summary_large_image\" \/>\n<meta name=\"twitter:creator\" content=\"@studiogattosl\" \/>\n<meta name=\"twitter:site\" content=\"@studiogattosl\" \/>\n<meta name=\"twitter:label1\" content=\"Escrit per\" \/>\n\t<meta name=\"twitter:data1\" content=\"admin\" \/>\n\t<meta name=\"twitter:label2\" content=\"Temps estimat de lectura\" \/>\n\t<meta name=\"twitter:data2\" content=\"2 minuts\" \/>\n<script type=\"application\/ld+json\" class=\"yoast-schema-graph\">{\"@context\":\"https:\\\/\\\/schema.org\",\"@graph\":[{\"@type\":\"Article\",\"@id\":\"https:\\\/\\\/www.studiogatto.es\\\/ca\\\/una-cocina-con-estilo\\\/#article\",\"isPartOf\":{\"@id\":\"https:\\\/\\\/www.studiogatto.es\\\/ca\\\/una-cocina-con-estilo\\\/\"},\"author\":{\"name\":\"admin\",\"@id\":\"https:\\\/\\\/www.studiogatto.es\\\/ca\\\/#\\\/schema\\\/person\\\/4f471391b1e5fad2f529637583f16c01\"},\"headline\":\"Una cuina amb estil\",\"datePublished\":\"2019-03-25T10:12:22+00:00\",\"dateModified\":\"2021-09-06T06:50:20+00:00\",\"mainEntityOfPage\":{\"@id\":\"https:\\\/\\\/www.studiogatto.es\\\/ca\\\/una-cocina-con-estilo\\\/\"},\"wordCount\":410,\"publisher\":{\"@id\":\"https:\\\/\\\/www.studiogatto.es\\\/ca\\\/#organization\"},\"image\":{\"@id\":\"https:\\\/\\\/www.studiogatto.es\\\/ca\\\/una-cocina-con-estilo\\\/#primaryimage\"},\"thumbnailUrl\":\"https:\\\/\\\/www.studiogatto.es\\\/wp-content\\\/uploads\\\/Una-cocina-con-estilo.jpg\",\"articleSection\":[\"Projectes\"],\"inLanguage\":\"ca\"},{\"@type\":\"WebPage\",\"@id\":\"https:\\\/\\\/www.studiogatto.es\\\/ca\\\/una-cocina-con-estilo\\\/\",\"url\":\"https:\\\/\\\/www.studiogatto.es\\\/ca\\\/una-cocina-con-estilo\\\/\",\"name\":\"Una cuina amb estil\",\"isPartOf\":{\"@id\":\"https:\\\/\\\/www.studiogatto.es\\\/ca\\\/#website\"},\"primaryImageOfPage\":{\"@id\":\"https:\\\/\\\/www.studiogatto.es\\\/ca\\\/una-cocina-con-estilo\\\/#primaryimage\"},\"image\":{\"@id\":\"https:\\\/\\\/www.studiogatto.es\\\/ca\\\/una-cocina-con-estilo\\\/#primaryimage\"},\"thumbnailUrl\":\"https:\\\/\\\/www.studiogatto.es\\\/wp-content\\\/uploads\\\/Una-cocina-con-estilo.jpg\",\"datePublished\":\"2019-03-25T10:12:22+00:00\",\"dateModified\":\"2021-09-06T06:50:20+00:00\",\"description\":\"Reforma integral de cuina a Vilanova i la Geltr\u00fa.\",\"breadcrumb\":{\"@id\":\"https:\\\/\\\/www.studiogatto.es\\\/ca\\\/una-cocina-con-estilo\\\/#breadcrumb\"},\"inLanguage\":\"ca\",\"potentialAction\":[{\"@type\":\"ReadAction\",\"target\":[\"https:\\\/\\\/www.studiogatto.es\\\/ca\\\/una-cocina-con-estilo\\\/\"]}]},{\"@type\":\"ImageObject\",\"inLanguage\":\"ca\",\"@id\":\"https:\\\/\\\/www.studiogatto.es\\\/ca\\\/una-cocina-con-estilo\\\/#primaryimage\",\"url\":\"https:\\\/\\\/www.studiogatto.es\\\/wp-content\\\/uploads\\\/Una-cocina-con-estilo.jpg\",\"contentUrl\":\"https:\\\/\\\/www.studiogatto.es\\\/wp-content\\\/uploads\\\/Una-cocina-con-estilo.jpg\",\"width\":300,\"height\":169,\"caption\":\"reforma-cocina\"},{\"@type\":\"BreadcrumbList\",\"@id\":\"https:\\\/\\\/www.studiogatto.es\\\/ca\\\/una-cocina-con-estilo\\\/#breadcrumb\",\"itemListElement\":[{\"@type\":\"ListItem\",\"position\":1,\"name\":\"Portada\",\"item\":\"https:\\\/\\\/www.studiogatto.es\\\/ca\\\/\"},{\"@type\":\"ListItem\",\"position\":2,\"name\":\"Una cuina amb estil\"}]},{\"@type\":\"WebSite\",\"@id\":\"https:\\\/\\\/www.studiogatto.es\\\/ca\\\/#website\",\"url\":\"https:\\\/\\\/www.studiogatto.es\\\/ca\\\/\",\"name\":\"Studio Gatto - Cuines i Banys\",\"description\":\"Reformas integrales de Cocinas y ba\u00f1os. Interiorismo. Dise\u00f1o.\",\"publisher\":{\"@id\":\"https:\\\/\\\/www.studiogatto.es\\\/ca\\\/#organization\"},\"potentialAction\":[{\"@type\":\"SearchAction\",\"target\":{\"@type\":\"EntryPoint\",\"urlTemplate\":\"https:\\\/\\\/www.studiogatto.es\\\/ca\\\/?s={search_term_string}\"},\"query-input\":{\"@type\":\"PropertyValueSpecification\",\"valueRequired\":true,\"valueName\":\"search_term_string\"}}],\"inLanguage\":\"ca\"},{\"@type\":\"Organization\",\"@id\":\"https:\\\/\\\/www.studiogatto.es\\\/ca\\\/#organization\",\"name\":\"Studio Gatto\",\"url\":\"https:\\\/\\\/www.studiogatto.es\\\/ca\\\/\",\"logo\":{\"@type\":\"ImageObject\",\"inLanguage\":\"ca\",\"@id\":\"https:\\\/\\\/www.studiogatto.es\\\/ca\\\/#\\\/schema\\\/logo\\\/image\\\/\",\"url\":\"https:\\\/\\\/www.studiogatto.es\\\/wp-content\\\/uploads\\\/Nuevo-logotipo.jpg\",\"contentUrl\":\"https:\\\/\\\/www.studiogatto.es\\\/wp-content\\\/uploads\\\/Nuevo-logotipo.jpg\",\"width\":300,\"height\":167,\"caption\":\"Studio Gatto\"},\"image\":{\"@id\":\"https:\\\/\\\/www.studiogatto.es\\\/ca\\\/#\\\/schema\\\/logo\\\/image\\\/\"},\"sameAs\":[\"https:\\\/\\\/www.facebook.com\\\/studiogattocucine\",\"https:\\\/\\\/x.com\\\/studiogattosl\"]},{\"@type\":\"Person\",\"@id\":\"https:\\\/\\\/www.studiogatto.es\\\/ca\\\/#\\\/schema\\\/person\\\/4f471391b1e5fad2f529637583f16c01\",\"name\":\"admin\"}]}<\/script>\n<!-- \/ Yoast SEO plugin. -->","yoast_head_json":{"title":"Una cuina amb estil","description":"Reforma integral de cuina a Vilanova i la Geltr\u00fa.","robots":{"index":"index","follow":"follow","max-snippet":"max-snippet:-1","max-image-preview":"max-image-preview:large","max-video-preview":"max-video-preview:-1"},"canonical":"https:\/\/www.studiogatto.es\/ca\/una-cocina-con-estilo\/","og_locale":"ca_ES","og_type":"article","og_title":"Una cuina amb estil","og_description":"Reforma integral de cuina a Vilanova i la Geltr\u00fa.","og_url":"https:\/\/www.studiogatto.es\/ca\/una-cocina-con-estilo\/","og_site_name":"Studio Gatto - Cuines i Banys","article_publisher":"https:\/\/www.facebook.com\/studiogattocucine","article_published_time":"2019-03-25T10:12:22+00:00","article_modified_time":"2021-09-06T06:50:20+00:00","og_image":[{"width":300,"height":169,"url":"https:\/\/www.studiogatto.es\/wp-content\/uploads\/Una-cocina-con-estilo.jpg","type":"image\/jpeg"}],"author":"admin","twitter_card":"summary_large_image","twitter_creator":"@studiogattosl","twitter_site":"@studiogattosl","twitter_misc":{"Escrit per":"admin","Temps estimat de lectura":"2 minuts"},"schema":{"@context":"https:\/\/schema.org","@graph":[{"@type":"Article","@id":"https:\/\/www.studiogatto.es\/ca\/una-cocina-con-estilo\/#article","isPartOf":{"@id":"https:\/\/www.studiogatto.es\/ca\/una-cocina-con-estilo\/"},"author":{"name":"admin","@id":"https:\/\/www.studiogatto.es\/ca\/#\/schema\/person\/4f471391b1e5fad2f529637583f16c01"},"headline":"Una cuina amb estil","datePublished":"2019-03-25T10:12:22+00:00","dateModified":"2021-09-06T06:50:20+00:00","mainEntityOfPage":{"@id":"https:\/\/www.studiogatto.es\/ca\/una-cocina-con-estilo\/"},"wordCount":410,"publisher":{"@id":"https:\/\/www.studiogatto.es\/ca\/#organization"},"image":{"@id":"https:\/\/www.studiogatto.es\/ca\/una-cocina-con-estilo\/#primaryimage"},"thumbnailUrl":"https:\/\/www.studiogatto.es\/wp-content\/uploads\/Una-cocina-con-estilo.jpg","articleSection":["Projectes"],"inLanguage":"ca"},{"@type":"WebPage","@id":"https:\/\/www.studiogatto.es\/ca\/una-cocina-con-estilo\/","url":"https:\/\/www.studiogatto.es\/ca\/una-cocina-con-estilo\/","name":"Una cuina amb estil","isPartOf":{"@id":"https:\/\/www.studiogatto.es\/ca\/#website"},"primaryImageOfPage":{"@id":"https:\/\/www.studiogatto.es\/ca\/una-cocina-con-estilo\/#primaryimage"},"image":{"@id":"https:\/\/www.studiogatto.es\/ca\/una-cocina-con-estilo\/#primaryimage"},"thumbnailUrl":"https:\/\/www.studiogatto.es\/wp-content\/uploads\/Una-cocina-con-estilo.jpg","datePublished":"2019-03-25T10:12:22+00:00","dateModified":"2021-09-06T06:50:20+00:00","description":"Reforma integral de cuina a Vilanova i la Geltr\u00fa.","breadcrumb":{"@id":"https:\/\/www.studiogatto.es\/ca\/una-cocina-con-estilo\/#breadcrumb"},"inLanguage":"ca","potentialAction":[{"@type":"ReadAction","target":["https:\/\/www.studiogatto.es\/ca\/una-cocina-con-estilo\/"]}]},{"@type":"ImageObject","inLanguage":"ca","@id":"https:\/\/www.studiogatto.es\/ca\/una-cocina-con-estilo\/#primaryimage","url":"https:\/\/www.studiogatto.es\/wp-content\/uploads\/Una-cocina-con-estilo.jpg","contentUrl":"https:\/\/www.studiogatto.es\/wp-content\/uploads\/Una-cocina-con-estilo.jpg","width":300,"height":169,"caption":"reforma-cocina"},{"@type":"BreadcrumbList","@id":"https:\/\/www.studiogatto.es\/ca\/una-cocina-con-estilo\/#breadcrumb","itemListElement":[{"@type":"ListItem","position":1,"name":"Portada","item":"https:\/\/www.studiogatto.es\/ca\/"},{"@type":"ListItem","position":2,"name":"Una cuina amb estil"}]},{"@type":"WebSite","@id":"https:\/\/www.studiogatto.es\/ca\/#website","url":"https:\/\/www.studiogatto.es\/ca\/","name":"Studio Gatto - Cuines i Banys","description":"Reformas integrales de Cocinas y ba\u00f1os. Interiorismo. Dise\u00f1o.","publisher":{"@id":"https:\/\/www.studiogatto.es\/ca\/#organization"},"potentialAction":[{"@type":"SearchAction","target":{"@type":"EntryPoint","urlTemplate":"https:\/\/www.studiogatto.es\/ca\/?s={search_term_string}"},"query-input":{"@type":"PropertyValueSpecification","valueRequired":true,"valueName":"search_term_string"}}],"inLanguage":"ca"},{"@type":"Organization","@id":"https:\/\/www.studiogatto.es\/ca\/#organization","name":"Studio Gatto","url":"https:\/\/www.studiogatto.es\/ca\/","logo":{"@type":"ImageObject","inLanguage":"ca","@id":"https:\/\/www.studiogatto.es\/ca\/#\/schema\/logo\/image\/","url":"https:\/\/www.studiogatto.es\/wp-content\/uploads\/Nuevo-logotipo.jpg","contentUrl":"https:\/\/www.studiogatto.es\/wp-content\/uploads\/Nuevo-logotipo.jpg","width":300,"height":167,"caption":"Studio Gatto"},"image":{"@id":"https:\/\/www.studiogatto.es\/ca\/#\/schema\/logo\/image\/"},"sameAs":["https:\/\/www.facebook.com\/studiogattocucine","https:\/\/x.com\/studiogattosl"]},{"@type":"Person","@id":"https:\/\/www.studiogatto.es\/ca\/#\/schema\/person\/4f471391b1e5fad2f529637583f16c01","name":"admin"}]}},"_links":{"self":[{"href":"https:\/\/www.studiogatto.es\/ca\/wp-json\/wp\/v2\/posts\/9823","targetHints":{"allow":["GET"]}}],"collection":[{"href":"https:\/\/www.studiogatto.es\/ca\/wp-json\/wp\/v2\/posts"}],"about":[{"href":"https:\/\/www.studiogatto.es\/ca\/wp-json\/wp\/v2\/types\/post"}],"author":[{"embeddable":true,"href":"https:\/\/www.studiogatto.es\/ca\/wp-json\/wp\/v2\/users\/1"}],"replies":[{"embeddable":true,"href":"https:\/\/www.studiogatto.es\/ca\/wp-json\/wp\/v2\/comments?post=9823"}],"version-history":[{"count":0,"href":"https:\/\/www.studiogatto.es\/ca\/wp-json\/wp\/v2\/posts\/9823\/revisions"}],"wp:featuredmedia":[{"embeddable":true,"href":"https:\/\/www.studiogatto.es\/ca\/wp-json\/wp\/v2\/media\/8022"}],"wp:attachment":[{"href":"https:\/\/www.studiogatto.es\/ca\/wp-json\/wp\/v2\/media?parent=9823"}],"wp:term":[{"taxonomy":"category","embeddable":true,"href":"https:\/\/www.studiogatto.es\/ca\/wp-json\/wp\/v2\/categories?post=9823"},{"taxonomy":"post_tag","embeddable":true,"href":"https:\/\/www.studiogatto.es\/ca\/wp-json\/wp\/v2\/tags?post=9823"}],"curies":[{"name":"wp","href":"https:\/\/api.w.org\/{rel}","templated":true}]}}