{"id":7400,"date":"2018-04-04T10:34:06","date_gmt":"2018-04-04T08:34:06","guid":{"rendered":"https:\/\/www.studiogatto.es\/ca\/?p=7400"},"modified":"2022-03-13T13:45:45","modified_gmt":"2022-03-13T12:45:45","slug":"reforma-cuina-2-en-1-a-vilanova-i-la-geltru-2","status":"publish","type":"post","link":"https:\/\/www.studiogatto.es\/ca\/reforma-cuina-2-en-1-a-vilanova-i-la-geltru-2\/","title":{"rendered":"Reforma Cuina 2 en 1 a Vilanova i la Geltr\u00fa"},"content":{"rendered":"<p>En aquesta reforma de la cuina, els clients necessitaven crear un espai en el qual estiguessin compartits al rebedor del pis i amb la cuina per falta d&#8217;espai. Per aconseguir-ho es va idear una soluci\u00f3 molt pr\u00e0ctica en la qual els armaris per a la nevera integrada, el rebost i la columna per a la integraci\u00f3 del forn i microones servissin de paret divis\u00f2ria entre el rebedor i la cuina. Aix\u00ed en la part del darrere de totes aquestes columnes es va deixar un buit per prestatgeries i armari d&#8217;utilitat per al rebedor. Tot est\u00e0 fet del mateix material i color de la cuina.<\/p>\n<p>El s\u00f2l de la cuina t\u00e9 rajoles hidr\u00e0ulics diferents a la resta de l&#8217;espai sal\u00f3-menjador per a separar els dos espais. S&#8217;ha creat una pen\u00ednsula a la cuina que, a m\u00e9s de separar els espais, serveix com a barra d&#8217;esmorzar o menjar.<\/p>\n<p>La cuina \u00e9s de Inko color Gourmet Fumet mat combinat amb la s\u00e8rie Habitat color fusta Fiord. El taulell de la cuina \u00e9s de Dekton color Halo en acabat brillant. Els electrodom\u00e8stics s\u00f3n de la marca De Dietrich i la campana de la marca FALMEC model Llacuna. Els llums encastades a la prestatgeria s\u00f3n leds de baix consum. Juntament amb els llums de la pen\u00ednsula, els leds de llum en to groc li confereixen a l&#8217;espai una il\u00b7luminaci\u00f3 i un ambient molt c\u00e0lid.<\/p>\n<p>El conjunt queda lleuger, fresc i funcional.<\/p>\n<p><a href=\"https:\/\/www.studiogatto.es\/wp-content\/uploads\/2018\/02\/203.jpg\"><img loading=\"lazy\" decoding=\"async\" class=\"alignnone size-full wp-image-7132\" src=\"https:\/\/www.studiogatto.es\/wp-content\/uploads\/2018\/02\/203.jpg\" alt=\"\" width=\"600\" height=\"400\" \/><\/a> <a href=\"https:\/\/www.studiogatto.es\/wp-content\/uploads\/2018\/02\/207.jpg\"><img loading=\"lazy\" decoding=\"async\" class=\"alignnone size-full wp-image-7136\" src=\"https:\/\/www.studiogatto.es\/wp-content\/uploads\/2018\/02\/207.jpg\" alt=\"\" width=\"600\" height=\"400\" \/><\/a> <a href=\"https:\/\/www.studiogatto.es\/wp-content\/uploads\/2018\/02\/205.jpg\"><img loading=\"lazy\" decoding=\"async\" class=\"alignnone size-full wp-image-7134\" src=\"https:\/\/www.studiogatto.es\/wp-content\/uploads\/2018\/02\/205.jpg\" alt=\"\" width=\"600\" height=\"400\" \/><\/a> <a href=\"https:\/\/www.studiogatto.es\/wp-content\/uploads\/2018\/02\/208.jpg\"><img loading=\"lazy\" decoding=\"async\" class=\"alignnone size-full wp-image-7137\" src=\"https:\/\/www.studiogatto.es\/wp-content\/uploads\/2018\/02\/208.jpg\" alt=\"\" width=\"600\" height=\"400\" \/><\/a><a href=\"https:\/\/www.studiogatto.es\/wp-content\/uploads\/2018\/02\/211.jpg\"><img loading=\"lazy\" decoding=\"async\" class=\"alignnone size-full wp-image-7139\" src=\"https:\/\/www.studiogatto.es\/wp-content\/uploads\/2018\/02\/211.jpg\" alt=\"\" width=\"500\" height=\"333\" \/><\/a>\u00a0 <a href=\"https:\/\/www.studiogatto.es\/wp-content\/uploads\/2018\/02\/206.jpg\"><img loading=\"lazy\" decoding=\"async\" class=\"alignnone size-full wp-image-7135\" src=\"https:\/\/www.studiogatto.es\/wp-content\/uploads\/2018\/02\/206.jpg\" alt=\"\" width=\"500\" height=\"749\" \/><\/a> <a href=\"https:\/\/www.studiogatto.es\/wp-content\/uploads\/2018\/02\/213.jpg\"><img loading=\"lazy\" decoding=\"async\" class=\"alignnone size-full wp-image-7141\" src=\"https:\/\/www.studiogatto.es\/wp-content\/uploads\/2018\/02\/213.jpg\" alt=\"\" width=\"500\" height=\"749\" \/><\/a>\u00a0\u00a0<a href=\"https:\/\/www.studiogatto.es\/wp-content\/uploads\/2018\/02\/204.jpg\"><img loading=\"lazy\" decoding=\"async\" class=\"alignnone size-full wp-image-7133\" src=\"https:\/\/www.studiogatto.es\/wp-content\/uploads\/2018\/02\/204.jpg\" alt=\"\" width=\"500\" height=\"749\" \/><\/a> <a href=\"https:\/\/www.studiogatto.es\/wp-content\/uploads\/2018\/02\/202.jpg\"><img loading=\"lazy\" decoding=\"async\" class=\"alignnone size-full wp-image-7131\" src=\"https:\/\/www.studiogatto.es\/wp-content\/uploads\/2018\/02\/202.jpg\" alt=\"\" width=\"500\" height=\"666\" \/><\/a> <a href=\"https:\/\/www.studiogatto.es\/wp-content\/uploads\/2018\/02\/201.jpg\"><img loading=\"lazy\" decoding=\"async\" class=\"alignnone size-full wp-image-7130\" src=\"https:\/\/www.studiogatto.es\/wp-content\/uploads\/2018\/02\/201.jpg\" alt=\"\" width=\"500\" height=\"375\" \/><\/a><\/p>\n<p>&nbsp;<\/p>\n","protected":false},"excerpt":{"rendered":"<p>En aquesta reforma de la cuina, els clients necessitaven crear un espai en el qual estiguessin compartits al rebedor del pis i amb la cuina per falta d&#8217;espai. Per aconseguir-ho es va idear una soluci\u00f3 molt pr\u00e0ctica en la qual els armaris per a la nevera integrada, el rebost i la columna per a la [&hellip;]<\/p>\n","protected":false},"author":1,"featured_media":7132,"comment_status":"closed","ping_status":"open","sticky":false,"template":"","format":"standard","meta":{"_et_pb_use_builder":"","_et_pb_old_content":"","_et_gb_content_width":"","footnotes":""},"categories":[32],"tags":[],"class_list":["post-7400","post","type-post","status-publish","format-standard","has-post-thumbnail","hentry","category-projectes"],"yoast_head":"<!-- This site is optimized with the Yoast SEO plugin v27.5 - https:\/\/yoast.com\/product\/yoast-seo-wordpress\/ -->\n<title>Reforma Cuina 2 en 1 a Vilanova i la Geltr\u00fa<\/title>\n<meta name=\"robots\" content=\"index, follow, max-snippet:-1, max-image-preview:large, max-video-preview:-1\" \/>\n<link rel=\"canonical\" href=\"https:\/\/www.studiogatto.es\/ca\/reforma-cuina-2-en-1-a-vilanova-i-la-geltru-2\/\" \/>\n<meta property=\"og:locale\" content=\"ca_ES\" \/>\n<meta property=\"og:type\" content=\"article\" \/>\n<meta property=\"og:title\" content=\"Reforma Cuina 2 en 1 a Vilanova i la Geltr\u00fa\" \/>\n<meta property=\"og:description\" content=\"En aquesta reforma de la cuina, els clients necessitaven crear un espai en el qual estiguessin compartits al rebedor del pis i amb la cuina per falta d&#8217;espai. Per aconseguir-ho es va idear una soluci\u00f3 molt pr\u00e0ctica en la qual els armaris per a la nevera integrada, el rebost i la columna per a la [&hellip;]\" \/>\n<meta property=\"og:url\" content=\"https:\/\/www.studiogatto.es\/ca\/reforma-cuina-2-en-1-a-vilanova-i-la-geltru-2\/\" \/>\n<meta property=\"og:site_name\" content=\"Studio Gatto - Cuines i Banys\" \/>\n<meta property=\"article:publisher\" content=\"https:\/\/www.facebook.com\/studiogattocucine\" \/>\n<meta property=\"article:published_time\" content=\"2018-04-04T08:34:06+00:00\" \/>\n<meta property=\"article:modified_time\" content=\"2022-03-13T12:45:45+00:00\" \/>\n<meta name=\"author\" content=\"admin\" \/>\n<meta name=\"twitter:card\" content=\"summary_large_image\" \/>\n<meta name=\"twitter:creator\" content=\"@studiogattosl\" \/>\n<meta name=\"twitter:site\" content=\"@studiogattosl\" \/>\n<meta name=\"twitter:label1\" content=\"Escrit per\" \/>\n\t<meta name=\"twitter:data1\" content=\"admin\" \/>\n\t<meta name=\"twitter:label2\" content=\"Temps estimat de lectura\" \/>\n\t<meta name=\"twitter:data2\" content=\"1 minut\" \/>\n<script type=\"application\/ld+json\" class=\"yoast-schema-graph\">{\"@context\":\"https:\\\/\\\/schema.org\",\"@graph\":[{\"@type\":\"Article\",\"@id\":\"https:\\\/\\\/www.studiogatto.es\\\/ca\\\/reforma-cuina-2-en-1-a-vilanova-i-la-geltru-2\\\/#article\",\"isPartOf\":{\"@id\":\"https:\\\/\\\/www.studiogatto.es\\\/ca\\\/reforma-cuina-2-en-1-a-vilanova-i-la-geltru-2\\\/\"},\"author\":{\"name\":\"admin\",\"@id\":\"https:\\\/\\\/www.studiogatto.es\\\/ca\\\/#\\\/schema\\\/person\\\/4f471391b1e5fad2f529637583f16c01\"},\"headline\":\"Reforma Cuina 2 en 1 a Vilanova i la Geltr\u00fa\",\"datePublished\":\"2018-04-04T08:34:06+00:00\",\"dateModified\":\"2022-03-13T12:45:45+00:00\",\"mainEntityOfPage\":{\"@id\":\"https:\\\/\\\/www.studiogatto.es\\\/ca\\\/reforma-cuina-2-en-1-a-vilanova-i-la-geltru-2\\\/\"},\"wordCount\":265,\"publisher\":{\"@id\":\"https:\\\/\\\/www.studiogatto.es\\\/ca\\\/#organization\"},\"image\":{\"@id\":\"https:\\\/\\\/www.studiogatto.es\\\/ca\\\/reforma-cuina-2-en-1-a-vilanova-i-la-geltru-2\\\/#primaryimage\"},\"thumbnailUrl\":\"\",\"articleSection\":[\"Projectes\"],\"inLanguage\":\"ca\"},{\"@type\":\"WebPage\",\"@id\":\"https:\\\/\\\/www.studiogatto.es\\\/ca\\\/reforma-cuina-2-en-1-a-vilanova-i-la-geltru-2\\\/\",\"url\":\"https:\\\/\\\/www.studiogatto.es\\\/ca\\\/reforma-cuina-2-en-1-a-vilanova-i-la-geltru-2\\\/\",\"name\":\"Reforma Cuina 2 en 1 a Vilanova i la Geltr\u00fa\",\"isPartOf\":{\"@id\":\"https:\\\/\\\/www.studiogatto.es\\\/ca\\\/#website\"},\"primaryImageOfPage\":{\"@id\":\"https:\\\/\\\/www.studiogatto.es\\\/ca\\\/reforma-cuina-2-en-1-a-vilanova-i-la-geltru-2\\\/#primaryimage\"},\"image\":{\"@id\":\"https:\\\/\\\/www.studiogatto.es\\\/ca\\\/reforma-cuina-2-en-1-a-vilanova-i-la-geltru-2\\\/#primaryimage\"},\"thumbnailUrl\":\"\",\"datePublished\":\"2018-04-04T08:34:06+00:00\",\"dateModified\":\"2022-03-13T12:45:45+00:00\",\"breadcrumb\":{\"@id\":\"https:\\\/\\\/www.studiogatto.es\\\/ca\\\/reforma-cuina-2-en-1-a-vilanova-i-la-geltru-2\\\/#breadcrumb\"},\"inLanguage\":\"ca\",\"potentialAction\":[{\"@type\":\"ReadAction\",\"target\":[\"https:\\\/\\\/www.studiogatto.es\\\/ca\\\/reforma-cuina-2-en-1-a-vilanova-i-la-geltru-2\\\/\"]}]},{\"@type\":\"ImageObject\",\"inLanguage\":\"ca\",\"@id\":\"https:\\\/\\\/www.studiogatto.es\\\/ca\\\/reforma-cuina-2-en-1-a-vilanova-i-la-geltru-2\\\/#primaryimage\",\"url\":\"\",\"contentUrl\":\"\"},{\"@type\":\"BreadcrumbList\",\"@id\":\"https:\\\/\\\/www.studiogatto.es\\\/ca\\\/reforma-cuina-2-en-1-a-vilanova-i-la-geltru-2\\\/#breadcrumb\",\"itemListElement\":[{\"@type\":\"ListItem\",\"position\":1,\"name\":\"Portada\",\"item\":\"https:\\\/\\\/www.studiogatto.es\\\/ca\\\/\"},{\"@type\":\"ListItem\",\"position\":2,\"name\":\"Reforma Cuina 2 en 1 a Vilanova i la Geltr\u00fa\"}]},{\"@type\":\"WebSite\",\"@id\":\"https:\\\/\\\/www.studiogatto.es\\\/ca\\\/#website\",\"url\":\"https:\\\/\\\/www.studiogatto.es\\\/ca\\\/\",\"name\":\"Studio Gatto - Cuines i Banys\",\"description\":\"Reformas integrales de Cocinas y ba\u00f1os. Interiorismo. Dise\u00f1o.\",\"publisher\":{\"@id\":\"https:\\\/\\\/www.studiogatto.es\\\/ca\\\/#organization\"},\"potentialAction\":[{\"@type\":\"SearchAction\",\"target\":{\"@type\":\"EntryPoint\",\"urlTemplate\":\"https:\\\/\\\/www.studiogatto.es\\\/ca\\\/?s={search_term_string}\"},\"query-input\":{\"@type\":\"PropertyValueSpecification\",\"valueRequired\":true,\"valueName\":\"search_term_string\"}}],\"inLanguage\":\"ca\"},{\"@type\":\"Organization\",\"@id\":\"https:\\\/\\\/www.studiogatto.es\\\/ca\\\/#organization\",\"name\":\"Studio Gatto\",\"url\":\"https:\\\/\\\/www.studiogatto.es\\\/ca\\\/\",\"logo\":{\"@type\":\"ImageObject\",\"inLanguage\":\"ca\",\"@id\":\"https:\\\/\\\/www.studiogatto.es\\\/ca\\\/#\\\/schema\\\/logo\\\/image\\\/\",\"url\":\"https:\\\/\\\/www.studiogatto.es\\\/wp-content\\\/uploads\\\/Nuevo-logotipo.jpg\",\"contentUrl\":\"https:\\\/\\\/www.studiogatto.es\\\/wp-content\\\/uploads\\\/Nuevo-logotipo.jpg\",\"width\":300,\"height\":167,\"caption\":\"Studio Gatto\"},\"image\":{\"@id\":\"https:\\\/\\\/www.studiogatto.es\\\/ca\\\/#\\\/schema\\\/logo\\\/image\\\/\"},\"sameAs\":[\"https:\\\/\\\/www.facebook.com\\\/studiogattocucine\",\"https:\\\/\\\/x.com\\\/studiogattosl\"]},{\"@type\":\"Person\",\"@id\":\"https:\\\/\\\/www.studiogatto.es\\\/ca\\\/#\\\/schema\\\/person\\\/4f471391b1e5fad2f529637583f16c01\",\"name\":\"admin\"}]}<\/script>\n<!-- \/ Yoast SEO plugin. -->","yoast_head_json":{"title":"Reforma Cuina 2 en 1 a Vilanova i la Geltr\u00fa","robots":{"index":"index","follow":"follow","max-snippet":"max-snippet:-1","max-image-preview":"max-image-preview:large","max-video-preview":"max-video-preview:-1"},"canonical":"https:\/\/www.studiogatto.es\/ca\/reforma-cuina-2-en-1-a-vilanova-i-la-geltru-2\/","og_locale":"ca_ES","og_type":"article","og_title":"Reforma Cuina 2 en 1 a Vilanova i la Geltr\u00fa","og_description":"En aquesta reforma de la cuina, els clients necessitaven crear un espai en el qual estiguessin compartits al rebedor del pis i amb la cuina per falta d&#8217;espai. Per aconseguir-ho es va idear una soluci\u00f3 molt pr\u00e0ctica en la qual els armaris per a la nevera integrada, el rebost i la columna per a la [&hellip;]","og_url":"https:\/\/www.studiogatto.es\/ca\/reforma-cuina-2-en-1-a-vilanova-i-la-geltru-2\/","og_site_name":"Studio Gatto - Cuines i Banys","article_publisher":"https:\/\/www.facebook.com\/studiogattocucine","article_published_time":"2018-04-04T08:34:06+00:00","article_modified_time":"2022-03-13T12:45:45+00:00","author":"admin","twitter_card":"summary_large_image","twitter_creator":"@studiogattosl","twitter_site":"@studiogattosl","twitter_misc":{"Escrit per":"admin","Temps estimat de lectura":"1 minut"},"schema":{"@context":"https:\/\/schema.org","@graph":[{"@type":"Article","@id":"https:\/\/www.studiogatto.es\/ca\/reforma-cuina-2-en-1-a-vilanova-i-la-geltru-2\/#article","isPartOf":{"@id":"https:\/\/www.studiogatto.es\/ca\/reforma-cuina-2-en-1-a-vilanova-i-la-geltru-2\/"},"author":{"name":"admin","@id":"https:\/\/www.studiogatto.es\/ca\/#\/schema\/person\/4f471391b1e5fad2f529637583f16c01"},"headline":"Reforma Cuina 2 en 1 a Vilanova i la Geltr\u00fa","datePublished":"2018-04-04T08:34:06+00:00","dateModified":"2022-03-13T12:45:45+00:00","mainEntityOfPage":{"@id":"https:\/\/www.studiogatto.es\/ca\/reforma-cuina-2-en-1-a-vilanova-i-la-geltru-2\/"},"wordCount":265,"publisher":{"@id":"https:\/\/www.studiogatto.es\/ca\/#organization"},"image":{"@id":"https:\/\/www.studiogatto.es\/ca\/reforma-cuina-2-en-1-a-vilanova-i-la-geltru-2\/#primaryimage"},"thumbnailUrl":"","articleSection":["Projectes"],"inLanguage":"ca"},{"@type":"WebPage","@id":"https:\/\/www.studiogatto.es\/ca\/reforma-cuina-2-en-1-a-vilanova-i-la-geltru-2\/","url":"https:\/\/www.studiogatto.es\/ca\/reforma-cuina-2-en-1-a-vilanova-i-la-geltru-2\/","name":"Reforma Cuina 2 en 1 a Vilanova i la Geltr\u00fa","isPartOf":{"@id":"https:\/\/www.studiogatto.es\/ca\/#website"},"primaryImageOfPage":{"@id":"https:\/\/www.studiogatto.es\/ca\/reforma-cuina-2-en-1-a-vilanova-i-la-geltru-2\/#primaryimage"},"image":{"@id":"https:\/\/www.studiogatto.es\/ca\/reforma-cuina-2-en-1-a-vilanova-i-la-geltru-2\/#primaryimage"},"thumbnailUrl":"","datePublished":"2018-04-04T08:34:06+00:00","dateModified":"2022-03-13T12:45:45+00:00","breadcrumb":{"@id":"https:\/\/www.studiogatto.es\/ca\/reforma-cuina-2-en-1-a-vilanova-i-la-geltru-2\/#breadcrumb"},"inLanguage":"ca","potentialAction":[{"@type":"ReadAction","target":["https:\/\/www.studiogatto.es\/ca\/reforma-cuina-2-en-1-a-vilanova-i-la-geltru-2\/"]}]},{"@type":"ImageObject","inLanguage":"ca","@id":"https:\/\/www.studiogatto.es\/ca\/reforma-cuina-2-en-1-a-vilanova-i-la-geltru-2\/#primaryimage","url":"","contentUrl":""},{"@type":"BreadcrumbList","@id":"https:\/\/www.studiogatto.es\/ca\/reforma-cuina-2-en-1-a-vilanova-i-la-geltru-2\/#breadcrumb","itemListElement":[{"@type":"ListItem","position":1,"name":"Portada","item":"https:\/\/www.studiogatto.es\/ca\/"},{"@type":"ListItem","position":2,"name":"Reforma Cuina 2 en 1 a Vilanova i la Geltr\u00fa"}]},{"@type":"WebSite","@id":"https:\/\/www.studiogatto.es\/ca\/#website","url":"https:\/\/www.studiogatto.es\/ca\/","name":"Studio Gatto - Cuines i Banys","description":"Reformas integrales de Cocinas y ba\u00f1os. Interiorismo. Dise\u00f1o.","publisher":{"@id":"https:\/\/www.studiogatto.es\/ca\/#organization"},"potentialAction":[{"@type":"SearchAction","target":{"@type":"EntryPoint","urlTemplate":"https:\/\/www.studiogatto.es\/ca\/?s={search_term_string}"},"query-input":{"@type":"PropertyValueSpecification","valueRequired":true,"valueName":"search_term_string"}}],"inLanguage":"ca"},{"@type":"Organization","@id":"https:\/\/www.studiogatto.es\/ca\/#organization","name":"Studio Gatto","url":"https:\/\/www.studiogatto.es\/ca\/","logo":{"@type":"ImageObject","inLanguage":"ca","@id":"https:\/\/www.studiogatto.es\/ca\/#\/schema\/logo\/image\/","url":"https:\/\/www.studiogatto.es\/wp-content\/uploads\/Nuevo-logotipo.jpg","contentUrl":"https:\/\/www.studiogatto.es\/wp-content\/uploads\/Nuevo-logotipo.jpg","width":300,"height":167,"caption":"Studio Gatto"},"image":{"@id":"https:\/\/www.studiogatto.es\/ca\/#\/schema\/logo\/image\/"},"sameAs":["https:\/\/www.facebook.com\/studiogattocucine","https:\/\/x.com\/studiogattosl"]},{"@type":"Person","@id":"https:\/\/www.studiogatto.es\/ca\/#\/schema\/person\/4f471391b1e5fad2f529637583f16c01","name":"admin"}]}},"_links":{"self":[{"href":"https:\/\/www.studiogatto.es\/ca\/wp-json\/wp\/v2\/posts\/7400","targetHints":{"allow":["GET"]}}],"collection":[{"href":"https:\/\/www.studiogatto.es\/ca\/wp-json\/wp\/v2\/posts"}],"about":[{"href":"https:\/\/www.studiogatto.es\/ca\/wp-json\/wp\/v2\/types\/post"}],"author":[{"embeddable":true,"href":"https:\/\/www.studiogatto.es\/ca\/wp-json\/wp\/v2\/users\/1"}],"replies":[{"embeddable":true,"href":"https:\/\/www.studiogatto.es\/ca\/wp-json\/wp\/v2\/comments?post=7400"}],"version-history":[{"count":0,"href":"https:\/\/www.studiogatto.es\/ca\/wp-json\/wp\/v2\/posts\/7400\/revisions"}],"wp:featuredmedia":[{"embeddable":true,"href":"https:\/\/www.studiogatto.es\/ca\/wp-json\/"}],"wp:attachment":[{"href":"https:\/\/www.studiogatto.es\/ca\/wp-json\/wp\/v2\/media?parent=7400"}],"wp:term":[{"taxonomy":"category","embeddable":true,"href":"https:\/\/www.studiogatto.es\/ca\/wp-json\/wp\/v2\/categories?post=7400"},{"taxonomy":"post_tag","embeddable":true,"href":"https:\/\/www.studiogatto.es\/ca\/wp-json\/wp\/v2\/tags?post=7400"}],"curies":[{"name":"wp","href":"https:\/\/api.w.org\/{rel}","templated":true}]}}