{"id":65300,"date":"2025-04-10T15:11:20","date_gmt":"2025-04-10T13:11:20","guid":{"rendered":"https:\/\/www.studiogatto.es\/tendencies-en-el-disseny-de-cuines-al-llarg-de-les-decades\/"},"modified":"2025-04-10T15:11:22","modified_gmt":"2025-04-10T13:11:22","slug":"tendencies-en-el-disseny-de-cuines-al-llarg-de-les-decades","status":"publish","type":"post","link":"https:\/\/www.studiogatto.es\/ca\/tendencies-en-el-disseny-de-cuines-al-llarg-de-les-decades\/","title":{"rendered":"Tend\u00e8ncies en el disseny de cuines al llarg de les d\u00e8cades"},"content":{"rendered":"<p>[et_pb_section fb_built=&#8221;1&#8243; _builder_version=&#8221;4.23.1&#8243; _module_preset=&#8221;default&#8221; custom_margin=&#8221;0px||||false|false&#8221; custom_padding=&#8221;0px||||false|false&#8221; da_disable_devices=&#8221;off|off|off&#8221; global_colors_info=&#8221;{}&#8221; da_is_popup=&#8221;off&#8221; da_exit_intent=&#8221;off&#8221; da_has_close=&#8221;on&#8221; da_alt_close=&#8221;off&#8221; da_dark_close=&#8221;off&#8221; da_not_modal=&#8221;on&#8221; da_is_singular=&#8221;off&#8221; da_with_loader=&#8221;off&#8221; da_has_shadow=&#8221;on&#8221;][et_pb_row _builder_version=&#8221;4.21.0&#8243; _module_preset=&#8221;default&#8221; custom_padding=&#8221;|4px||||&#8221; global_colors_info=&#8221;{}&#8221;][et_pb_column type=&#8221;4_4&#8243; _builder_version=&#8221;4.21.0&#8243; _module_preset=&#8221;default&#8221; global_colors_info=&#8221;{}&#8221;][et_pb_image src=&#8221;https:\/\/www.studiogatto.es\/wp-content\/uploads\/2024\/07\/ArchDigest_NeelMorley9819_Gemmola_copy1.jpg&#8221; title_text=&#8221;ArchDigest_NeelMorley9819_Gemmola_copy %911% 93&#8243; align=&#8221;center&#8221; _builder_version=&#8221;4.25.1&#8243; _module_preset=&#8221;default&#8221; global_colors_info=&#8221;{}&#8221;][\/et_pb_image][et_pb_text _builder_version=&#8221;4.25.1&#8243; _module_preset=&#8221;default&#8221; global_colors_info=&#8221;{}&#8221;]Un dels llocs m\u00e9s destacats per observar el canvi d&#8217;actituds, tant en el pla social com del disseny, ha estat la cuina dom\u00e8stica. A l&#8217;\u00faltim segle, les tend\u00e8ncies en disseny de cuines han oscil\u00b7lat entre all\u00f2 \u00abdivertit i modern\u00bb i \u00abelegant i sobri\u00bb. Des de les est\u00e8rils porcellanes blanques dels anys 20 fins als penjadors de macram\u00e9 dels 70, la cuina era una representaci\u00f3 f\u00edsica de la psique nord-americana: un lloc de reuni\u00f3, un lloc on gaudir de la fam\u00edlia i tenir una sensaci\u00f3 de pertinen\u00e7a i comoditat.  <\/p>\n<p>Ho vaig aprendre per les dolentes quan vivia en un pis sense cuina. Com que no cuinava gaire, al principi no li vaig donar import\u00e0ncia. Per\u00f2 no sabia que viure sense acc\u00e9s f\u00e0cil a una cuina -encara que nom\u00e9s sigui per preparar-te un caf\u00e8 i desconnectar-se als matins- \u00e9s un gran emprenyament. Despr\u00e9s de deixar aquest apartament, em vaig proposar trobar un lloc on realment pogu\u00e9s abra\u00e7ar la idea de fer el meu propi menjar. I va ser llavors quan vaig comen\u00e7ar a veure la cuina com alguna cosa m\u00e9s que un lloc per escalfar al microones una tassa de macarrons amb formatge: \u00e9s el cor de la llar.    <\/p>\n<p>No \u00e9s f\u00e0cil mantenir una cuina: S&#8217;embruten! Les coses es descontrolen r\u00e0pidament. Per\u00f2 com m\u00e9s temps he passat a la meva, m\u00e9s he apr\u00e8s a voler-la. He comen\u00e7at a enfornar galetes ia preparar el sopar. Continuo vivint de lloguer, per\u00f2 fantasiejo amb treure alguns dels armaris de contractista i pintar-ho tot d&#8217;un divertit to verd. Fins aleshores viur\u00e9 a trav\u00e9s de les tend\u00e8ncies de disseny de cuines del passat gr\u00e0cies a cat\u00e0legs antics i anuncis d&#8217;electrodom\u00e8stics.[\/et_pb_text][et_pb_image src=&#8221;https:\/\/www.studiogatto.es\/wp-content\/uploads\/2024\/07\/1003471336.webp&#8221; title_text=&#8221;1003471336&#8243; _builder_version=&#8221;4.25.1&#8243; _module_preset=&#8221;default&#8221; global_colors_info=&#8221;{}&#8221;][\/et_pb_image][et_pb_text _builder_version=&#8221;4.25.1&#8243; _module_preset=&#8221;default&#8221; global_colors_info=&#8221;{}&#8221;]<\/p>\n<h3>Anys 1920-1930: Preparant el futur<\/h3>\n<p>A les d\u00e8cades de 1920 i 1930 es van comen\u00e7ar a abandonar les formes arrodonides, efusives i decoratives de finals de l&#8217;\u00e8poca victoriana i eduardiana per un estil m\u00e9s sobri i elegant. L&#8217;Art D\u00e9co va ser el m\u00e9s popular, sobretot en edificis p\u00fablics com els gratacels de Nova York. Tot i aix\u00f2, davant d&#8217;un disseny tan espectacular, els propietaris nord-americans van haver de trobar la manera d&#8217;aplicar els elements Art D\u00e9co a casa seva, que solien ser molt m\u00e9s modestes que l&#8217;edifici Chrysler.[\/et_pb_text][et_pb_text _builder_version=&#8221;4.25.1&#8243; _module_preset=&#8221;default&#8221; global_colors_info=&#8221;{}&#8221;]Durant aquest per\u00edode, les cuines van utilitzar m\u00e9s l&#8217;enrajolat, tant a terres com a parets. Igual que passava als banys, les rajoles mantenien les superf\u00edcies m\u00e9s netes perqu\u00e8 no eren absorbents com la fusta i podien netejar-se f\u00e0cilment. Els terres van oferir als propietaris l&#8217;oportunitat d&#8217;expressar l&#8217;Art D\u00e9co que duien a dins, amb l&#8217;aparici\u00f3 de les formes geom\u00e8triques. Els terres de lin\u00f2leum oferien l&#8217;oportunitat d&#8217;afegir una mica de dinamisme al que abans hauria estat una fusta dura avorrida: el cl\u00e0ssic tauler d&#8217;escacs era l&#8217;opci\u00f3 m\u00e9s popular, per\u00f2 a la d\u00e8cada de 1930, els dissenys colorits i angulosos es van posar m\u00e9s de moda. \u00abM?inspiro en la barreja de dissenys i en les atrevides opcions de color de l?\u00e8poca de l?Art D\u00e9co\u00bb, diu Sapna Aggarwal, dissenyadora i fundadora de Bungalowe, que treballa sovint amb cases d?estil Craftsman de l?era del 1920.    <\/p>\n<p>Un dels components m\u00e9s buscats i estimats de les cuines dels anys 20 i 30 \u00e9s l&#8217;esmorzar. Els esmorzars, petits racons de la cuina sovint amb dos bancs encastats i una taula, eren els llocs de reuni\u00f3 perfectes per a les fam\u00edlies durant tot el dia, no nom\u00e9s al mat\u00ed. Durant molt de temps, les cuines es van considerar \u00abterreny de dones\u00bb, per\u00f2 a poc a poc les actituds van anar canviant. Aquesta divisi\u00f3 de l&#8217;espai va permetre que les cuines fossin alhora un lloc de treball i d&#8217;esbarjo, en lloc de limitar-se a menjar en un menjador adjacent.[\/et_pb_text][et_pb_image src=&#8221;https:\/\/www.studiogatto.es\/wp-content\/uploads\/2024\/07\/186607648.webp&#8221; title_text=&#8221;186607648&#8243; _builder_version=&#8221;4.25.1&#8243; _module_preset=&#8221;default&#8221; global_colors_info=&#8221;{}&#8221;][\/et_pb_image][et_pb_text _builder_version=&#8221;4.25.1&#8243; _module_preset=&#8221;default&#8221; global_colors_info=&#8221;{}&#8221;]<\/p>\n<h3>1940s: Simplicitat i dol\u00e7or<\/h3>\n<p>Els interiors dels anys 40 eren sobris i minimalistes, tot i que no s&#8217;escatimaven detalls decoratius, com les cortines amb motius de guinga que adornaven la finestra sobre l&#8217;aig\u00fcera o els cachivaches com pots de galetes i cer\u00e0mica que omplien les prestatgeries encastades. El vermell cirera, el blau mar\u00ed, el groc mantega i el verd kelly ressalten sobre un fons blanc n\u00edtid, ja sigui en el paper pintat o en unes estovalles brodades. <\/p>\n<p>Mentre que el moviment Art D\u00e9co era progressista i avantguardista, la d\u00e8cada de 1940 va adoptar un enfocament decididament m\u00e9s tradicional. L&#8217;eleg\u00e0ncia de les parets i els terres de rajoles i els nous electrodom\u00e8stics, com el forn el\u00e8ctric Monarch i el frigor\u00edfic Gibson, arrodonit i llustr\u00f3s, es mantenien intactes. Es feia menys \u00e8mfasi en el crom futurista, i es veien motius m\u00e9s org\u00e0nics -com flors, fruites i galls- per tot arreu, des de les paneres fins a les estoretes.[\/et_pb_text][et_pb_image src=&#8221;https:\/\/www.studiogatto.es\/wp-content\/uploads\/2024\/07\/3246515.webp&#8221; title_text=&#8221;3246515&#8243; _builder_version=&#8221;4.25.1&#8243; _module_preset=&#8221;default&#8221; global_colors_info=&#8221;{}&#8221;][\/et_pb_image][et_pb_text _builder_version=&#8221;4.25.1&#8243; _module_preset=&#8221;default&#8221; global_colors_info=&#8221;{}&#8221;]<\/p>\n<h3>D\u00e8cada de 1950-1960: Innovacions de l&#8217;era at\u00f2mica<\/h3>\n<p>Alguns dels estils m\u00e9s conservadors dels anys 40 van desapar\u00e8ixer quan les fam\u00edlies van poder finalment \u00abviure el somni americ\u00e0\u00bb. Amb l&#8217;arribada dels viatges espacials, els interiors es van inundar de l&#8217;estil de mitjan segle de l&#8217;Era At\u00f2mica, ple d&#8217;esclats d&#8217;estrelles, bumerans i patrons explosius d&#8217;asteriscs. Viv\u00edem en el futur, i aquests motius estaven presents a totes les cuines de mitjans de segle: armaris de fusta rossa, taulells de formica i tiradors de calaixos en forma de chevron. La tecnologia i els electrodom\u00e8stics m\u00e9s moderns tornaven a estar a l&#8217;avantguarda, no pas per guardar-los en armaris, sin\u00f3 per exhibir-los amb orgull.   <\/p>\n<p>\u00abHi ha certes coses a la cuina de mitjans de segle que estan decididament en desacord amb les tend\u00e8ncies actuals, sobretot el desig de mostrar i emfatitzar la tecnologia, que avui dia s&#8217;evita en la mesura del possible\u00bb, diu Sarah Archer, experta en cuines vintage i autora de The Midcentury Kitchen: America&#8217;s Favorite. \u00abLa cuina de l&#8217;Era Espacial solia ser un aparador de ginys perqu\u00e8 eren una manera que els propietaris de classe mitjana demostressin que estaven a l&#8217;\u00faltima\u00bb. <\/p>\n<p>Les dones de la casa encara s&#8217;havien d&#8217;ocupar de tot, fins i tot de preparar el rostit per al sopar o l&#8217;\u00e0spic per dinar. No calia avergonyir-se de fer servir els artefactes m\u00e9s nous per preparar un \u00e0pat delici\u00f3s o, almenys, d&#8217;aspecte interessant. Els colors predominants a les cuines de mitjans de segle al\u00b7ludien no tan subtilment als valors familiars populars: el blau ou de pit-roig, el rosa nad\u00f3 i el groc assolellat contrastaven amb la fusta m\u00e9s \u00abnatural\u00bb dels armaris o les bigues vistes.[\/et_pb_text][et_pb_image src=&#8221;https:\/\/www.studiogatto.es\/wp-content\/uploads\/2024\/07\/img321.jpg&#8221; title_text=&#8221;img321&#8243; _builder_version=&#8221;4.25.1&#8243; _module_preset=&#8221;default&#8221; global_colors_info=&#8221;{}&#8221;][\/et_pb_image][et_pb_text _builder_version=&#8221;4.25.1&#8243; _module_preset=&#8221;default&#8221; global_colors_info=&#8221;{}&#8221;]<\/p>\n<h3>1970s: Kitsch exagerat<\/h3>\n<p>Als anys setanta, els propietaris van deixar de centrar-se en els electrodom\u00e8stics i les innovacions tecnol\u00f2giques. En el seu lloc, la cuina era un lloc per relaxar-se amb els amics, bevent Tab i escoltant Three Dog Night en un 8 pistes.  <\/p>\n<p>\u00abCrec que les cuines reflectien realment la personalitat dels seus propietaris en aquella \u00e8poca, i crec que tots estem d&#8217;acord que els anys 70 es poden considerar la d\u00e8cada m\u00e9s meravellosament cridanera de totes\u00bb, diu Elrod, l&#8217;artista i entusiasta del disseny que hi ha darrere de Mexakitsch.<\/p>\n<p>La combinaci\u00f3 de colors dominant als 70 era, sens dubte, un arc de Sant Mart\u00ed apagat de colors terrosos, per\u00f2 fins i tot en els seus tons apagats, destacaven entre les parets amb panells de fusta i els armaris a joc. Els propietaris afortunats poden trobar que algunes d&#8217;aquestes rel\u00edquies segueixen vives a les seves cuines: forns de paret encastats marrons com la col\u00b7lecci\u00f3 Coppertone de Hotpoint, cuines Frigidaire a (ho has endevinat) verd alvocat i frigor\u00edfics GE en aquest assolellat daurat de la collita. <\/p>\n<p>Seria gaireb\u00e9 impossible deixar de banda els matisos folkl\u00f2rics de les cuines dels 70 sense afegir-hi un toc de decoraci\u00f3 i estil personal. \u00abM?encanta l?\u00fas de plantes penjants i enfiladisses en aquella \u00e8poca\u00bb, afegeix Elrod. \u00abDe fet, estima que llavors hi hagu\u00e9s molts elements de cuina &#8216;suspesos&#8217;: em v\u00e9nen al cap els penjadors de plantes de macram\u00e9, els llums swag i els armaris flotants\u00bb. Com que gran part de la decoraci\u00f3 de les cuines no era est\u00e0tica, els propietaris podien infondre personalitat simplement obrint una finestra i deixant que el vent buf\u00e9s a trav\u00e9s d&#8217;un penjoll de macram\u00e9.[\/et_pb_text][et_pb_image src=&#8221;https:\/\/www.studiogatto.es\/wp-content\/uploads\/2024\/07\/2487933.webp&#8221; title_text=&#8221;2487933&#8243; _builder_version=&#8221;4.25.1&#8243; _module_preset=&#8221;default&#8221; global_colors_info=&#8221;{}&#8221;][\/et_pb_image][et_pb_text _builder_version=&#8221;4.25.1&#8243; _module_preset=&#8221;default&#8221; global_colors_info=&#8221;{}&#8221;]<\/p>\n<h3>D\u00e8cada de 1980-1990: Postmodernitat a la ciutat<\/h3>\n<p>El postmodernisme va comen\u00e7ar a cobrar impuls a la d\u00e8cada de 1980, i els interiors m\u00e9s de moda es van veure als apartaments tipus loft de ciutats metropolitanes com Los Angeles i Nova York. A mesura que la tecnologia avan\u00e7ava r\u00e0pidament, les cuines es dissenyaven per emfatitzar l&#8217;avantguarda i la nova intensitat de la gastronomia dom\u00e8stica. <\/p>\n<p>\u00abPer aix\u00f2, quan parlem de disseny industrial o d&#8221;alta tecnologia&#8217;, hi ha molt de crom, brillantor i acer inoxidable pel mig\u00bb, diu Rock Herzog, dissenyador d&#8217;interiors de Cocaine Decor. <\/p>\n<p>El caprici i la personalitat dels anys 70 s&#8217;han deixat de banda per donar pas a la sensual textura de l&#8217;acer raspallat reflectant, la pres\u00e8ncia i la serietat d&#8217;un gran frigor\u00edfic de porta francesa amb congelador de calaix inferior i accessoris de cuina que imbueixen les sensuals l\u00ednies del disseny itali\u00e0, com la il\u00b7luminaci\u00f3 de riel fixada. El crom, el cuir negre i els electrodom\u00e8stics d&#8217;alta tecnologia van cobrar protagonisme a les cuines postmodernes d&#8217;estil loft dels anys 80 i 90. \u00abT\u00e9 molt de sentit pensar en aquests materials en relaci\u00f3 no nom\u00e9s amb el que quedaria b\u00e9 en aquest tipus d&#8217;espai, sin\u00f3 tamb\u00e9 amb el que estava disponible per utilitzar-lo\u00bb, afegeix Rock. L&#8217;elegant barreja de metalls brillants amb ma\u00f3 vist en brut va evitar que les cuines sembl\u00e9ssim massa recarregades o estirades.[\/et_pb_text][et_pb_image src=&#8221;https:\/\/www.studiogatto.es\/wp-content\/uploads\/2024\/07\/kelly-klein-house-3_copy.webp&#8221; title_text=&#8221;kelly-klein-house-3_copy&#8221; _builder_version=&#8221;4.25.1&#8243; _module_preset=&#8221;default&#8221; global_colors_info=&#8221;{}&#8221;][\/et_pb_image][et_pb_text _builder_version=&#8221;4.25.1&#8243; _module_preset=&#8221;default&#8221; global_colors_info=&#8221;{}&#8221;]<\/p>\n<h3>Anys 2000-2010: Una illa pr\u00f2pia<\/h3>\n<p>A les d\u00e8cades de 2000 i 2010, les cuines es van ampliar: a mesura que augmentava la mida de les parcel\u00b7les i els habitatges, podien albergar molt m\u00e9s. Les illes, llocs de reuni\u00f3 de facto amb un ampli espai de taulell de cuina, permetien als ocupants triar entre passar l&#8217;estona a la taula de la cuina oa l&#8217;oasi cobert de granit. Durant un temps va semblar que l&#8217;acer inoxidable era l&#8217;\u00fanic color acceptable per als electrodom\u00e8stics de cuina, i encara que comen\u00e7aven semblant futuristes i brillants, sempre acabaven amb algun tipus d&#8217;abonyegament. Per\u00f2 b\u00e9, almenys el frigor\u00edfic dispensava gel i aigua!   <\/p>\n<p>Potser fos la influ\u00e8ncia de Sota el sol de la Toscana, o simplement la romantitzaci\u00f3 de les cuines italianes en tons terracota. Fora quina fos la causa, es va produir un canvi massiu cap als tons de fusta natural (la majoria de roure color mel), de vegades real\u00e7ats per superf\u00edcies laminades de color crema o blanc trencat. Les ampolles decoratives amb oli d&#8217;oliva, pebrots en conserva i llimones s&#8217;exhibien juntament amb taulers d&#8217;anuncis d&#8217;inspiraci\u00f3 mediterr\u00e0nia fets amb suros de vi usats.[\/et_pb_text][et_pb_image src=&#8221;https:\/\/www.studiogatto.es\/wp-content\/uploads\/2024\/07\/AD0123_REATH_1-copy.webp&#8221; title_text=&#8221;AD0123_REATH_1 copy&#8221; _builder_version=&#8221;4.25.1&#8243; _module_preset=&#8221;default&#8221; global_colors_info=&#8221;{}&#8221;][\/et_pb_image][et_pb_text _builder_version=&#8221;4.25.1&#8243; _module_preset=&#8221;default&#8221; global_colors_info=&#8221;{}&#8221;]<\/p>\n<h3>Avui: Llumin\u00f3s i airejat<\/h3>\n<p>Som el 2023 i no hem renunciat a totes les tend\u00e8ncies dels darrers 20 anys. Aix\u00ed que hi ha molt menys beix i marr\u00f3 i la inspiraci\u00f3 toscana, per\u00f2 vost\u00e8 estaria en dificultats per trobar una cuina de recent construcci\u00f3 sense una illa d&#8217;estil cascada: S\u00f3n elegants, sexys, normalment de marbre blanc, i sovint es combinen amb un llum penjant industrial minimalista. Algunes de les cuines m\u00e9s populars avui dia tendeixen m\u00e9s cap a la ruta de la granja moderna, amb forts contrastos de marbre blanc brillant amb ferratges de metall negre mat.  <\/p>\n<p>A l&#8217;altre extrem de l&#8217;espectre de tend\u00e8ncies, he observat molta experimentaci\u00f3 amb colors com el groc i el verd, usos innovadors de fusta contraxapada o aglomerada de color clar i -per fi!- una volta als electrodom\u00e8stics de colors. Marques com Smeg i Samsung Bespoke us permeten prescindir de l&#8217;acer inoxidable i personalitzar la vostra cuina en tons divertits com el rosa flor de cirerer o el taronja mandarina.<\/p>\n<p>\u00abEl desig de color parla del canvi de la cuina com a espai de treball a una habitaci\u00f3 per viure, que es va consolidar a la postguerra i explica en part la necessitat de mostrar els utensilis de cuina de manera decorativa\u00bb, explica Sarah. \u00abAra que la gent anhela un aspecte m\u00e9s aerodin\u00e0mic i sobri, el color d&#8217;un electrodom\u00e8stic fa una declaraci\u00f3 i posa la cuina en un di\u00e0leg visual amb la resta de la casa que no dep\u00e8n de tenir un munt d&#8217;objectes i trastos desfets.\u00bb <\/p>\n<p>I per tallar amb tot all\u00f2 que pugui semblar massa antiquat, les idees de fa un segle tornen a apar\u00e8ixer a les cuines d&#8217;avui. \u00abRacons, moments d?humil intimitat\u00bb, diu la interiorista Hollie Velten, d?Spaces. \u00abSom grans fans de les banquetes, els petits encastats i els racons acollidors per convidar la interacci\u00f3 humana i l&#8217;experi\u00e8ncia al llarg de les etapes infantil i adulta\u00bb.  <\/p>\n<p>Tant si prefereixes la teva cuina curull de color com en brillant escala de grisos, les cuines modernes celebren la llum del sol, permetent que grans finestrals portin l&#8217;exterior a l&#8217;interior i ajudin a fer que els teus microgreens creixin. Al cap ia la fi, el m\u00e9s important de la teva cuina \u00e9s que hi gaudeixis.[\/et_pb_text][\/et_pb_column][\/et_pb_row][\/et_pb_section]<\/p>\n","protected":false},"excerpt":{"rendered":"<p>Perqu\u00e8 el cor de la llar sempre est\u00e0 al servei de les mirades<\/p>\n","protected":false},"author":2,"featured_media":58991,"comment_status":"closed","ping_status":"closed","sticky":false,"template":"","format":"standard","meta":{"_et_pb_use_builder":"on","_et_pb_old_content":"","_et_gb_content_width":"","footnotes":""},"categories":[69],"tags":[],"class_list":["post-65300","post","type-post","status-publish","format-standard","has-post-thumbnail","hentry","category-disseny"],"yoast_head":"<!-- This site is optimized with the Yoast SEO plugin v27.5 - https:\/\/yoast.com\/product\/yoast-seo-wordpress\/ -->\n<title>Recepta \u201cgalette des rois\u201d (el tortell de reis a Fran\u00e7a)<\/title>\n<meta name=\"description\" content=\"Ja estem de tornada amb una nova recepta molt de la \u201cfam\u00edglia\u201d encara que sigui una t\u00edpica recepta francesa per celebrar el dia de Reis.\" \/>\n<meta name=\"robots\" content=\"index, follow, max-snippet:-1, max-image-preview:large, max-video-preview:-1\" \/>\n<link rel=\"canonical\" href=\"https:\/\/www.studiogatto.es\/ca\/tendencies-en-el-disseny-de-cuines-al-llarg-de-les-decades\/\" \/>\n<meta property=\"og:locale\" content=\"ca_ES\" \/>\n<meta property=\"og:type\" content=\"article\" \/>\n<meta property=\"og:title\" content=\"Recepta \u201cgalette des rois\u201d (el tortell de reis a Fran\u00e7a)\" \/>\n<meta property=\"og:description\" content=\"Ja estem de tornada amb una nova recepta molt de la \u201cfam\u00edglia\u201d encara que sigui una t\u00edpica recepta francesa per celebrar el dia de Reis.\" \/>\n<meta property=\"og:url\" content=\"https:\/\/www.studiogatto.es\/ca\/tendencies-en-el-disseny-de-cuines-al-llarg-de-les-decades\/\" \/>\n<meta property=\"og:site_name\" content=\"Studio Gatto - Cuines i Banys\" \/>\n<meta property=\"article:publisher\" content=\"https:\/\/www.facebook.com\/studiogattocucine\" \/>\n<meta property=\"article:published_time\" content=\"2025-04-10T13:11:20+00:00\" \/>\n<meta property=\"article:modified_time\" content=\"2025-04-10T13:11:22+00:00\" \/>\n<meta property=\"og:image\" content=\"https:\/\/www.studiogatto.es\/wp-content\/uploads\/2024\/07\/ArchDigest_NeelMorley9819_Gemmola_copy1.jpg\" \/>\n\t<meta property=\"og:image:width\" content=\"1920\" \/>\n\t<meta property=\"og:image:height\" content=\"1080\" \/>\n\t<meta property=\"og:image:type\" content=\"image\/jpeg\" \/>\n<meta name=\"author\" content=\"soniso-gatto\" \/>\n<meta name=\"twitter:card\" content=\"summary_large_image\" \/>\n<meta name=\"twitter:creator\" content=\"@studiogattosl\" \/>\n<meta name=\"twitter:site\" content=\"@studiogattosl\" \/>\n<meta name=\"twitter:label1\" content=\"Escrit per\" \/>\n\t<meta name=\"twitter:data1\" content=\"soniso-gatto\" \/>\n\t<meta name=\"twitter:label2\" content=\"Temps estimat de lectura\" \/>\n\t<meta name=\"twitter:data2\" content=\"13 minuts\" \/>\n<script type=\"application\/ld+json\" class=\"yoast-schema-graph\">{\"@context\":\"https:\\\/\\\/schema.org\",\"@graph\":[{\"@type\":\"Article\",\"@id\":\"https:\\\/\\\/www.studiogatto.es\\\/ca\\\/tendencies-en-el-disseny-de-cuines-al-llarg-de-les-decades\\\/#article\",\"isPartOf\":{\"@id\":\"https:\\\/\\\/www.studiogatto.es\\\/ca\\\/tendencies-en-el-disseny-de-cuines-al-llarg-de-les-decades\\\/\"},\"author\":{\"name\":\"soniso-gatto\",\"@id\":\"https:\\\/\\\/www.studiogatto.es\\\/ca\\\/#\\\/schema\\\/person\\\/27b057d9eeec105e75921345073c07bb\"},\"headline\":\"Tend\u00e8ncies en el disseny de cuines al llarg de les d\u00e8cades\",\"datePublished\":\"2025-04-10T13:11:20+00:00\",\"dateModified\":\"2025-04-10T13:11:22+00:00\",\"mainEntityOfPage\":{\"@id\":\"https:\\\/\\\/www.studiogatto.es\\\/ca\\\/tendencies-en-el-disseny-de-cuines-al-llarg-de-les-decades\\\/\"},\"wordCount\":2731,\"publisher\":{\"@id\":\"https:\\\/\\\/www.studiogatto.es\\\/ca\\\/#organization\"},\"image\":{\"@id\":\"https:\\\/\\\/www.studiogatto.es\\\/ca\\\/tendencies-en-el-disseny-de-cuines-al-llarg-de-les-decades\\\/#primaryimage\"},\"thumbnailUrl\":\"https:\\\/\\\/www.studiogatto.es\\\/wp-content\\\/uploads\\\/2024\\\/07\\\/ArchDigest_NeelMorley9819_Gemmola_copy1.jpg\",\"articleSection\":[\"Disseny\"],\"inLanguage\":\"ca\"},{\"@type\":\"WebPage\",\"@id\":\"https:\\\/\\\/www.studiogatto.es\\\/ca\\\/tendencies-en-el-disseny-de-cuines-al-llarg-de-les-decades\\\/\",\"url\":\"https:\\\/\\\/www.studiogatto.es\\\/ca\\\/tendencies-en-el-disseny-de-cuines-al-llarg-de-les-decades\\\/\",\"name\":\"Recepta \u201cgalette des rois\u201d (el tortell de reis a Fran\u00e7a)\",\"isPartOf\":{\"@id\":\"https:\\\/\\\/www.studiogatto.es\\\/ca\\\/#website\"},\"primaryImageOfPage\":{\"@id\":\"https:\\\/\\\/www.studiogatto.es\\\/ca\\\/tendencies-en-el-disseny-de-cuines-al-llarg-de-les-decades\\\/#primaryimage\"},\"image\":{\"@id\":\"https:\\\/\\\/www.studiogatto.es\\\/ca\\\/tendencies-en-el-disseny-de-cuines-al-llarg-de-les-decades\\\/#primaryimage\"},\"thumbnailUrl\":\"https:\\\/\\\/www.studiogatto.es\\\/wp-content\\\/uploads\\\/2024\\\/07\\\/ArchDigest_NeelMorley9819_Gemmola_copy1.jpg\",\"datePublished\":\"2025-04-10T13:11:20+00:00\",\"dateModified\":\"2025-04-10T13:11:22+00:00\",\"description\":\"Ja estem de tornada amb una nova recepta molt de la \u201cfam\u00edglia\u201d encara que sigui una t\u00edpica recepta francesa per celebrar el dia de Reis.\",\"breadcrumb\":{\"@id\":\"https:\\\/\\\/www.studiogatto.es\\\/ca\\\/tendencies-en-el-disseny-de-cuines-al-llarg-de-les-decades\\\/#breadcrumb\"},\"inLanguage\":\"ca\",\"potentialAction\":[{\"@type\":\"ReadAction\",\"target\":[\"https:\\\/\\\/www.studiogatto.es\\\/ca\\\/tendencies-en-el-disseny-de-cuines-al-llarg-de-les-decades\\\/\"]}]},{\"@type\":\"ImageObject\",\"inLanguage\":\"ca\",\"@id\":\"https:\\\/\\\/www.studiogatto.es\\\/ca\\\/tendencies-en-el-disseny-de-cuines-al-llarg-de-les-decades\\\/#primaryimage\",\"url\":\"https:\\\/\\\/www.studiogatto.es\\\/wp-content\\\/uploads\\\/2024\\\/07\\\/ArchDigest_NeelMorley9819_Gemmola_copy1.jpg\",\"contentUrl\":\"https:\\\/\\\/www.studiogatto.es\\\/wp-content\\\/uploads\\\/2024\\\/07\\\/ArchDigest_NeelMorley9819_Gemmola_copy1.jpg\",\"width\":1920,\"height\":1080},{\"@type\":\"BreadcrumbList\",\"@id\":\"https:\\\/\\\/www.studiogatto.es\\\/ca\\\/tendencies-en-el-disseny-de-cuines-al-llarg-de-les-decades\\\/#breadcrumb\",\"itemListElement\":[{\"@type\":\"ListItem\",\"position\":1,\"name\":\"Portada\",\"item\":\"https:\\\/\\\/www.studiogatto.es\\\/ca\\\/\"},{\"@type\":\"ListItem\",\"position\":2,\"name\":\"Tend\u00e8ncies en el disseny de cuines al llarg de les d\u00e8cades\"}]},{\"@type\":\"WebSite\",\"@id\":\"https:\\\/\\\/www.studiogatto.es\\\/ca\\\/#website\",\"url\":\"https:\\\/\\\/www.studiogatto.es\\\/ca\\\/\",\"name\":\"Studio Gatto - Cuines i Banys\",\"description\":\"Reformas integrales de Cocinas y ba\u00f1os. Interiorismo. Dise\u00f1o.\",\"publisher\":{\"@id\":\"https:\\\/\\\/www.studiogatto.es\\\/ca\\\/#organization\"},\"potentialAction\":[{\"@type\":\"SearchAction\",\"target\":{\"@type\":\"EntryPoint\",\"urlTemplate\":\"https:\\\/\\\/www.studiogatto.es\\\/ca\\\/?s={search_term_string}\"},\"query-input\":{\"@type\":\"PropertyValueSpecification\",\"valueRequired\":true,\"valueName\":\"search_term_string\"}}],\"inLanguage\":\"ca\"},{\"@type\":\"Organization\",\"@id\":\"https:\\\/\\\/www.studiogatto.es\\\/ca\\\/#organization\",\"name\":\"Studio Gatto\",\"url\":\"https:\\\/\\\/www.studiogatto.es\\\/ca\\\/\",\"logo\":{\"@type\":\"ImageObject\",\"inLanguage\":\"ca\",\"@id\":\"https:\\\/\\\/www.studiogatto.es\\\/ca\\\/#\\\/schema\\\/logo\\\/image\\\/\",\"url\":\"https:\\\/\\\/www.studiogatto.es\\\/wp-content\\\/uploads\\\/Nuevo-logotipo.jpg\",\"contentUrl\":\"https:\\\/\\\/www.studiogatto.es\\\/wp-content\\\/uploads\\\/Nuevo-logotipo.jpg\",\"width\":300,\"height\":167,\"caption\":\"Studio Gatto\"},\"image\":{\"@id\":\"https:\\\/\\\/www.studiogatto.es\\\/ca\\\/#\\\/schema\\\/logo\\\/image\\\/\"},\"sameAs\":[\"https:\\\/\\\/www.facebook.com\\\/studiogattocucine\",\"https:\\\/\\\/x.com\\\/studiogattosl\"]},{\"@type\":\"Person\",\"@id\":\"https:\\\/\\\/www.studiogatto.es\\\/ca\\\/#\\\/schema\\\/person\\\/27b057d9eeec105e75921345073c07bb\",\"name\":\"soniso-gatto\"}]}<\/script>\n<!-- \/ Yoast SEO plugin. -->","yoast_head_json":{"title":"Recepta \u201cgalette des rois\u201d (el tortell de reis a Fran\u00e7a)","description":"Ja estem de tornada amb una nova recepta molt de la \u201cfam\u00edglia\u201d encara que sigui una t\u00edpica recepta francesa per celebrar el dia de Reis.","robots":{"index":"index","follow":"follow","max-snippet":"max-snippet:-1","max-image-preview":"max-image-preview:large","max-video-preview":"max-video-preview:-1"},"canonical":"https:\/\/www.studiogatto.es\/ca\/tendencies-en-el-disseny-de-cuines-al-llarg-de-les-decades\/","og_locale":"ca_ES","og_type":"article","og_title":"Recepta \u201cgalette des rois\u201d (el tortell de reis a Fran\u00e7a)","og_description":"Ja estem de tornada amb una nova recepta molt de la \u201cfam\u00edglia\u201d encara que sigui una t\u00edpica recepta francesa per celebrar el dia de Reis.","og_url":"https:\/\/www.studiogatto.es\/ca\/tendencies-en-el-disseny-de-cuines-al-llarg-de-les-decades\/","og_site_name":"Studio Gatto - Cuines i Banys","article_publisher":"https:\/\/www.facebook.com\/studiogattocucine","article_published_time":"2025-04-10T13:11:20+00:00","article_modified_time":"2025-04-10T13:11:22+00:00","og_image":[{"width":1920,"height":1080,"url":"https:\/\/www.studiogatto.es\/wp-content\/uploads\/2024\/07\/ArchDigest_NeelMorley9819_Gemmola_copy1.jpg","type":"image\/jpeg"}],"author":"soniso-gatto","twitter_card":"summary_large_image","twitter_creator":"@studiogattosl","twitter_site":"@studiogattosl","twitter_misc":{"Escrit per":"soniso-gatto","Temps estimat de lectura":"13 minuts"},"schema":{"@context":"https:\/\/schema.org","@graph":[{"@type":"Article","@id":"https:\/\/www.studiogatto.es\/ca\/tendencies-en-el-disseny-de-cuines-al-llarg-de-les-decades\/#article","isPartOf":{"@id":"https:\/\/www.studiogatto.es\/ca\/tendencies-en-el-disseny-de-cuines-al-llarg-de-les-decades\/"},"author":{"name":"soniso-gatto","@id":"https:\/\/www.studiogatto.es\/ca\/#\/schema\/person\/27b057d9eeec105e75921345073c07bb"},"headline":"Tend\u00e8ncies en el disseny de cuines al llarg de les d\u00e8cades","datePublished":"2025-04-10T13:11:20+00:00","dateModified":"2025-04-10T13:11:22+00:00","mainEntityOfPage":{"@id":"https:\/\/www.studiogatto.es\/ca\/tendencies-en-el-disseny-de-cuines-al-llarg-de-les-decades\/"},"wordCount":2731,"publisher":{"@id":"https:\/\/www.studiogatto.es\/ca\/#organization"},"image":{"@id":"https:\/\/www.studiogatto.es\/ca\/tendencies-en-el-disseny-de-cuines-al-llarg-de-les-decades\/#primaryimage"},"thumbnailUrl":"https:\/\/www.studiogatto.es\/wp-content\/uploads\/2024\/07\/ArchDigest_NeelMorley9819_Gemmola_copy1.jpg","articleSection":["Disseny"],"inLanguage":"ca"},{"@type":"WebPage","@id":"https:\/\/www.studiogatto.es\/ca\/tendencies-en-el-disseny-de-cuines-al-llarg-de-les-decades\/","url":"https:\/\/www.studiogatto.es\/ca\/tendencies-en-el-disseny-de-cuines-al-llarg-de-les-decades\/","name":"Recepta \u201cgalette des rois\u201d (el tortell de reis a Fran\u00e7a)","isPartOf":{"@id":"https:\/\/www.studiogatto.es\/ca\/#website"},"primaryImageOfPage":{"@id":"https:\/\/www.studiogatto.es\/ca\/tendencies-en-el-disseny-de-cuines-al-llarg-de-les-decades\/#primaryimage"},"image":{"@id":"https:\/\/www.studiogatto.es\/ca\/tendencies-en-el-disseny-de-cuines-al-llarg-de-les-decades\/#primaryimage"},"thumbnailUrl":"https:\/\/www.studiogatto.es\/wp-content\/uploads\/2024\/07\/ArchDigest_NeelMorley9819_Gemmola_copy1.jpg","datePublished":"2025-04-10T13:11:20+00:00","dateModified":"2025-04-10T13:11:22+00:00","description":"Ja estem de tornada amb una nova recepta molt de la \u201cfam\u00edglia\u201d encara que sigui una t\u00edpica recepta francesa per celebrar el dia de Reis.","breadcrumb":{"@id":"https:\/\/www.studiogatto.es\/ca\/tendencies-en-el-disseny-de-cuines-al-llarg-de-les-decades\/#breadcrumb"},"inLanguage":"ca","potentialAction":[{"@type":"ReadAction","target":["https:\/\/www.studiogatto.es\/ca\/tendencies-en-el-disseny-de-cuines-al-llarg-de-les-decades\/"]}]},{"@type":"ImageObject","inLanguage":"ca","@id":"https:\/\/www.studiogatto.es\/ca\/tendencies-en-el-disseny-de-cuines-al-llarg-de-les-decades\/#primaryimage","url":"https:\/\/www.studiogatto.es\/wp-content\/uploads\/2024\/07\/ArchDigest_NeelMorley9819_Gemmola_copy1.jpg","contentUrl":"https:\/\/www.studiogatto.es\/wp-content\/uploads\/2024\/07\/ArchDigest_NeelMorley9819_Gemmola_copy1.jpg","width":1920,"height":1080},{"@type":"BreadcrumbList","@id":"https:\/\/www.studiogatto.es\/ca\/tendencies-en-el-disseny-de-cuines-al-llarg-de-les-decades\/#breadcrumb","itemListElement":[{"@type":"ListItem","position":1,"name":"Portada","item":"https:\/\/www.studiogatto.es\/ca\/"},{"@type":"ListItem","position":2,"name":"Tend\u00e8ncies en el disseny de cuines al llarg de les d\u00e8cades"}]},{"@type":"WebSite","@id":"https:\/\/www.studiogatto.es\/ca\/#website","url":"https:\/\/www.studiogatto.es\/ca\/","name":"Studio Gatto - Cuines i Banys","description":"Reformas integrales de Cocinas y ba\u00f1os. Interiorismo. Dise\u00f1o.","publisher":{"@id":"https:\/\/www.studiogatto.es\/ca\/#organization"},"potentialAction":[{"@type":"SearchAction","target":{"@type":"EntryPoint","urlTemplate":"https:\/\/www.studiogatto.es\/ca\/?s={search_term_string}"},"query-input":{"@type":"PropertyValueSpecification","valueRequired":true,"valueName":"search_term_string"}}],"inLanguage":"ca"},{"@type":"Organization","@id":"https:\/\/www.studiogatto.es\/ca\/#organization","name":"Studio Gatto","url":"https:\/\/www.studiogatto.es\/ca\/","logo":{"@type":"ImageObject","inLanguage":"ca","@id":"https:\/\/www.studiogatto.es\/ca\/#\/schema\/logo\/image\/","url":"https:\/\/www.studiogatto.es\/wp-content\/uploads\/Nuevo-logotipo.jpg","contentUrl":"https:\/\/www.studiogatto.es\/wp-content\/uploads\/Nuevo-logotipo.jpg","width":300,"height":167,"caption":"Studio Gatto"},"image":{"@id":"https:\/\/www.studiogatto.es\/ca\/#\/schema\/logo\/image\/"},"sameAs":["https:\/\/www.facebook.com\/studiogattocucine","https:\/\/x.com\/studiogattosl"]},{"@type":"Person","@id":"https:\/\/www.studiogatto.es\/ca\/#\/schema\/person\/27b057d9eeec105e75921345073c07bb","name":"soniso-gatto"}]}},"_links":{"self":[{"href":"https:\/\/www.studiogatto.es\/ca\/wp-json\/wp\/v2\/posts\/65300","targetHints":{"allow":["GET"]}}],"collection":[{"href":"https:\/\/www.studiogatto.es\/ca\/wp-json\/wp\/v2\/posts"}],"about":[{"href":"https:\/\/www.studiogatto.es\/ca\/wp-json\/wp\/v2\/types\/post"}],"author":[{"embeddable":true,"href":"https:\/\/www.studiogatto.es\/ca\/wp-json\/wp\/v2\/users\/2"}],"replies":[{"embeddable":true,"href":"https:\/\/www.studiogatto.es\/ca\/wp-json\/wp\/v2\/comments?post=65300"}],"version-history":[{"count":2,"href":"https:\/\/www.studiogatto.es\/ca\/wp-json\/wp\/v2\/posts\/65300\/revisions"}],"predecessor-version":[{"id":65305,"href":"https:\/\/www.studiogatto.es\/ca\/wp-json\/wp\/v2\/posts\/65300\/revisions\/65305"}],"wp:featuredmedia":[{"embeddable":true,"href":"https:\/\/www.studiogatto.es\/ca\/wp-json\/wp\/v2\/media\/58991"}],"wp:attachment":[{"href":"https:\/\/www.studiogatto.es\/ca\/wp-json\/wp\/v2\/media?parent=65300"}],"wp:term":[{"taxonomy":"category","embeddable":true,"href":"https:\/\/www.studiogatto.es\/ca\/wp-json\/wp\/v2\/categories?post=65300"},{"taxonomy":"post_tag","embeddable":true,"href":"https:\/\/www.studiogatto.es\/ca\/wp-json\/wp\/v2\/tags?post=65300"}],"curies":[{"name":"wp","href":"https:\/\/api.w.org\/{rel}","templated":true}]}}