{"id":59413,"date":"2024-09-07T20:34:47","date_gmt":"2024-09-07T18:34:47","guid":{"rendered":"https:\/\/www.studiogatto.es\/els-colors-de-moda-a-les-cuines\/"},"modified":"2024-09-07T20:34:53","modified_gmt":"2024-09-07T18:34:53","slug":"els-colors-de-moda-a-les-cuines","status":"publish","type":"post","link":"https:\/\/www.studiogatto.es\/ca\/els-colors-de-moda-a-les-cuines\/","title":{"rendered":"Els colors de moda a les cuines"},"content":{"rendered":"<p>[et_pb_section fb_built=&#8221;1&#8243; _builder_version=&#8221;4.23.1&#8243; _module_preset=&#8221;default&#8221; custom_margin=&#8221;0px||0px||false|false&#8221; custom_padding=&#8221;0px||||false|false&#8221; da_disable_devices=&#8221;off|off|off&#8221; global_colors_info=&#8221;{}&#8221; da_is_popup=&#8221;off&#8221; da_exit_intent=&#8221;off&#8221; da_has_close=&#8221;on&#8221; da_alt_close=&#8221;off&#8221; da_dark_close=&#8221;off&#8221; da_not_modal=&#8221;on&#8221; da_is_singular=&#8221;off&#8221; da_with_loader=&#8221;off&#8221; da_has_shadow=&#8221;on&#8221;][et_pb_row _builder_version=&#8221;4.21.0&#8243; _module_preset=&#8221;default&#8221; custom_padding=&#8221;|4px||||&#8221; global_colors_info=&#8221;{}&#8221;][et_pb_column type=&#8221;4_4&#8243; _builder_version=&#8221;4.21.0&#8243; _module_preset=&#8221;default&#8221; global_colors_info=&#8221;{}&#8221;][et_pb_text _builder_version=&#8221;4.25.1&#8243; _module_preset=&#8221;default&#8221; global_colors_info=&#8221;{}&#8221;]A m\u00e9s de a les passarel\u00b7les, els colors de moda ho impregnen tot, tamb\u00e9 el disseny de les nostres llars i, especialment, les cuines, cor de la llar. M\u00e9s enll\u00e0 de meres tonalitats a parets, mobles o complements, els colors formen part indissoluble de la personalitat dels seus usuaris i habitants, expressant la seva forma de ser i mostrant clarament els seus gustos.[\/et_pb_text][et_pb_image src=&#8221;https:\/\/www.studiogatto.es\/wp-content\/uploads\/2024\/05\/2024_05_01.-2AKUCHEN-BY-COSAPA-TENDENCIA.jpg&#8221; title_text=&#8221;2024_05_01.-2AKUCHEN-BY-COSAPA-TEND\u00c8NCIA&#8221; _builder_version=&#8221;4.25.1&#8243; _module_preset=&#8221;default&#8221; global_colors_info=&#8221;{}&#8221;][\/et_pb_image][et_pb_text _builder_version=&#8221;4.25.1&#8243; _module_preset=&#8221;default&#8221; hover_enabled=&#8221;0&#8243; global_colors_info=&#8221;{}&#8221; sticky_enabled=&#8221;0&#8243;]<\/p>\n<p>Des de l&#8217; <a href=\"https:\/\/www.amcocina.com\/a\" target=\"_blank\" rel=\"noopener\">Associaci\u00f3 de Mobiliari de Cuines (AMC)<\/a> , que promou \u201cla bona cuina feta a casa\u201d, destaquen com les empreses associades tenen en compte aquestes tend\u00e8ncies crom\u00e0tiques i les reflecteixen en les solucions d&#8217;equipament per a la cuina.<\/p>\n<h2>El vermell, vitamina per a la vista<\/h2>\n<p>La for\u00e7a i energia del color vermell han irromput amb for\u00e7a a l&#8217;escena de la moda aquest any. Les seves connotacions de passi\u00f3 i energia no nom\u00e9s es transmeten a trav\u00e9s de la roba. Aix\u00ed constitueix una opci\u00f3 cada cop m\u00e9s popular entre aquells que busquen aportar dinamisme a les seves cuines. D&#8217;aquesta manera, taules, cadires, complements i fins i tot electrodom\u00e8stics poden adoptar aquesta tonalitat captant clarament l&#8217;atenci\u00f3 i aportant el toc diferenciador a l&#8217;espai.   <\/p>\n<p>[\/et_pb_text][et_pb_image src=&#8221;https:\/\/www.studiogatto.es\/wp-content\/uploads\/2024\/05\/2024_05_02.-SMEG-FRIGORIFICO-ROJO-1.jpg&#8221; title_text=&#8221;2024_05_02.-SMEG-FRIGORIFICO-VERMELL&#8221; _builder_version=&#8221;4.25.1&#8243; _module_preset=&#8221;default&#8221; global_colors_info=&#8221;{}&#8221;][\/et_pb_image][et_pb_text _builder_version=&#8221;4.25.1&#8243; _module_preset=&#8221;default&#8221; global_colors_info=&#8221;{}&#8221;]<\/p>\n<h2>El blau past\u00eds, refrescant i ser\u00e8<\/h2>\n<p>  Per la seva banda, el to blau past\u00eds, suau i ser\u00e8, es troba a gust tant a l&#8217;interior dels armaris com a parets, mobles, aixetes o altres accessoris. \u00c9s clar i refrescant, aquest color aporta sensaci\u00f3 de calma i tranquil\u00b7litat a la cuina.[\/et_pb_text][et_pb_image src=&#8221;https:\/\/www.studiogatto.es\/wp-content\/uploads\/2024\/05\/2024_05_03.-NIVEL-DIEZ-DECOR-AZUL-PASTEL-02.jpg&#8221; title_text=&#8221;2024_05_03.-NIVELL-DEU-DECOR-BLAU-PASTEL-02&#8243; _builder_version=&#8221;4.25.1&#8243; _module_preset=&#8221;default&#8221; global_colors_info=&#8221;{}&#8221;][\/et_pb_image][et_pb_text _builder_version=&#8221;4.25.1&#8243; _module_preset=&#8221;default&#8221; global_colors_info=&#8221;{}&#8221;]<\/p>\n<h2>Colors neutres<\/h2>\n<p>  Pel que fa als acabats neutres, com el beix i els tons terrosos, segueixen marcant tend\u00e8ncia tant al sector de la moda, com a l&#8217;interiorisme. I \u00e9s que la seva versatilitat i capacitat de combinaci\u00f3 els fan perfectes per a dissenys atemporals de qualsevol estil. Aix\u00ed, per exemple, a la cuina, combinats amb materials naturals com la fusta i el marbre, els tons neutres configuren espais acollidors que mai passen de moda.[\/et_pb_text][et_pb_image src=&#8221;https:\/\/www.studiogatto.es\/wp-content\/uploads\/2024\/05\/2024_05_04.-LOGOS-SUELO-HIDRAULICO-01.jpg&#8221; title_text=&#8221;2024_05_04.-LOGOS-S\u00d2L-HIDRAULICO-01&#8243; _builder_version=&#8221;4.25.1&#8243; _module_preset=&#8221;default&#8221; global_colors_info=&#8221;{}&#8221;][\/et_pb_image][et_pb_text _builder_version=&#8221;4.25.1&#8243; _module_preset=&#8221;default&#8221; global_colors_info=&#8221;{}&#8221;]<\/p>\n<h2>Verd i pr\u00e9ssec per a aquest 2024<\/h2>\n<p>  El verd menta o mint i el to pr\u00e9ssec (Peach Fuzz), color de l&#8217;any segons Pantone, tamb\u00e9 s\u00f3n una aposta segura per a l&#8217;interiorisme. Es tracta, aix\u00ed mateix, de tons suaus i acollidors que aporten frescor i vitalitat a qualsevol espai.[\/et_pb_text][et_pb_image src=&#8221;https:\/\/www.studiogatto.es\/wp-content\/uploads\/2024\/05\/2024_05_05.-AREA-4-MINT-03.jpg&#8221; title_text=&#8221;2024_05_05.-AREA-4-MINT-03&#8243; _builder_version=&#8221;4.25.1&#8243; _module_preset=&#8221;default&#8221; global_colors_info=&#8221;{}&#8221;][\/et_pb_image][et_pb_text _builder_version=&#8221;4.25.1&#8243; _module_preset=&#8221;default&#8221; global_colors_info=&#8221;{}&#8221;]<\/p>\n<h2>Malva i rosa past\u00eds<\/h2>\n<p>  Aquests colors s\u00f3n perfectes per als outfits daquesta primavera i estiu. Aplicats al disseny d&#8217;interiors, ofereixen opcions contempor\u00e0nies al nivell m\u00e9s alt. Suaus i delicats, han esdevingut una alternativa que triomfa entre els que aposten per portar l&#8217;estil fashion a la seva cuina.[\/et_pb_text][\/et_pb_column][\/et_pb_row][et_pb_row column_structure=&#8221;1_2,1_2&#8243; _builder_version=&#8221;4.21.0&#8243; _module_preset=&#8221;default&#8221; custom_padding=&#8221;|4px||||&#8221; global_colors_info=&#8221;{}&#8221;][et_pb_column type=&#8221;1_2&#8243; _builder_version=&#8221;4.21.0&#8243; _module_preset=&#8221;default&#8221; global_colors_info=&#8221;{}&#8221;][et_pb_image src=&#8221;https:\/\/www.studiogatto.es\/wp-content\/uploads\/2024\/05\/2024_05_BARPIMOmalva-664f1096bc42e.png&#8221; title_text=&#8221;2024_05_BARPIMOmalva-664f1096bc42e&#8221; _builder_version=&#8221;4.25.1&#8243; _module_preset=&#8221;default&#8221; global_colors_info=&#8221;{}&#8221;][\/et_pb_image][\/et_pb_column][et_pb_column type=&#8221;1_2&#8243; _builder_version=&#8221;4.21.0&#8243; _module_preset=&#8221;default&#8221; global_colors_info=&#8221;{}&#8221;][et_pb_image src=&#8221;https:\/\/www.studiogatto.es\/wp-content\/uploads\/2024\/05\/2024_05_CANCIO.jpg&#8221; title_text=&#8221;2024_05_CANCIO&#8221; _builder_version=&#8221;4.25.1&#8243; _module_preset=&#8221;default&#8221; global_colors_info=&#8221;{}&#8221;][\/et_pb_image][\/et_pb_column][\/et_pb_row][et_pb_row _builder_version=&#8221;4.21.0&#8243; _module_preset=&#8221;default&#8221; custom_padding=&#8221;|4px||||&#8221; global_colors_info=&#8221;{}&#8221;][et_pb_column type=&#8221;4_4&#8243; _builder_version=&#8221;4.21.0&#8243; _module_preset=&#8221;default&#8221; global_colors_info=&#8221;{}&#8221;][et_pb_text _builder_version=&#8221;4.25.1&#8243; _module_preset=&#8221;default&#8221; global_colors_info=&#8221;{}&#8221;]<\/p>\n<h2>Els metal\u00b7litzats, tend\u00e8ncia<\/h2>\n<p>  Els tons metal\u00b7litzats que reconeguts dissenyadors han llu\u00eft a les passarel\u00b7les d&#8217;aquest any i que arriben per quedar-s&#8217;hi, tamb\u00e9 es reflecteixen en el disseny de cuines. Els acabats brillants i sofisticats aporten un toc modern, elegant i distingit. Ja sigui en electrodom\u00e8stics, aixetes, accessoris o fins i tot al moble, l&#8217;est\u00e8tica metal\u00b7litzada resulta for\u00e7a trencadora, aportant un toc futurista i glamur\u00f3s.[\/et_pb_text][et_pb_image src=&#8221;https:\/\/www.studiogatto.es\/wp-content\/uploads\/2024\/05\/2024_05_08.-MOBALCO-CHEF-INOX-01-editada.jpg&#8221; title_text=&#8221;2024_05_08.-MOBALCO-CHEF-INOX-01-editada&#8221; _builder_version=&#8221;4.25.1&#8243; _module_preset=&#8221;default&#8221; global_colors_info=&#8221;{}&#8221;][\/et_pb_image][\/et_pb_column][\/et_pb_row][\/et_pb_section]<\/p>\n","protected":false},"excerpt":{"rendered":"<p>Des de l&#8217;Associaci\u00f3 de Mobiliari de Cuines (AMC), que promou \u201cla bona cuina feta a casa\u201d, destaquen com les empreses associades tenen en compte aquestes tend\u00e8ncies crom\u00e0tiques i les reflecteixen en les solucions d&#8217;equipament per a la cuina.<\/p>\n","protected":false},"author":2,"featured_media":57882,"comment_status":"closed","ping_status":"closed","sticky":false,"template":"","format":"standard","meta":{"_et_pb_use_builder":"on","_et_pb_old_content":"","_et_gb_content_width":"","footnotes":""},"categories":[34,69],"tags":[],"class_list":["post-59413","post","type-post","status-publish","format-standard","has-post-thumbnail","hentry","category-actualidat","category-disseny"],"yoast_head":"<!-- This site is optimized with the Yoast SEO plugin v27.5 - https:\/\/yoast.com\/product\/yoast-seo-wordpress\/ -->\n<title>AMC assenyala els colors de moda a les cuines<\/title>\n<meta name=\"description\" content=\"Comen les passarel\u00b7les, els colors de moda ho impregnen tot, tamb\u00e9 el disseny de les nostres llars i, especialment, les cuines, cor de la llar.\" \/>\n<meta name=\"robots\" content=\"index, follow, max-snippet:-1, max-image-preview:large, max-video-preview:-1\" \/>\n<link rel=\"canonical\" href=\"https:\/\/www.studiogatto.es\/ca\/els-colors-de-moda-a-les-cuines\/\" \/>\n<meta property=\"og:locale\" content=\"ca_ES\" \/>\n<meta property=\"og:type\" content=\"article\" \/>\n<meta property=\"og:title\" content=\"AMC assenyala els colors de moda a les cuines\" \/>\n<meta property=\"og:description\" content=\"Comen les passarel\u00b7les, els colors de moda ho impregnen tot, tamb\u00e9 el disseny de les nostres llars i, especialment, les cuines, cor de la llar.\" \/>\n<meta property=\"og:url\" content=\"https:\/\/www.studiogatto.es\/ca\/els-colors-de-moda-a-les-cuines\/\" \/>\n<meta property=\"og:site_name\" content=\"Studio Gatto - Cuines i Banys\" \/>\n<meta property=\"article:publisher\" content=\"https:\/\/www.facebook.com\/studiogattocucine\" \/>\n<meta property=\"article:published_time\" content=\"2024-09-07T18:34:47+00:00\" \/>\n<meta property=\"article:modified_time\" content=\"2024-09-07T18:34:53+00:00\" \/>\n<meta property=\"og:image\" content=\"https:\/\/www.studiogatto.es\/wp-content\/uploads\/2024\/05\/2024_05_02.-SMEG-FRIGORIFICO-ROJO.jpg\" \/>\n\t<meta property=\"og:image:width\" content=\"700\" \/>\n\t<meta property=\"og:image:height\" content=\"532\" \/>\n\t<meta property=\"og:image:type\" content=\"image\/jpeg\" \/>\n<meta name=\"author\" content=\"soniso-gatto\" \/>\n<meta name=\"twitter:card\" content=\"summary_large_image\" \/>\n<meta name=\"twitter:creator\" content=\"@studiogattosl\" \/>\n<meta name=\"twitter:site\" content=\"@studiogattosl\" \/>\n<meta name=\"twitter:label1\" content=\"Escrit per\" \/>\n\t<meta name=\"twitter:data1\" content=\"soniso-gatto\" \/>\n\t<meta name=\"twitter:label2\" content=\"Temps estimat de lectura\" \/>\n\t<meta name=\"twitter:data2\" content=\"5 minuts\" \/>\n<script type=\"application\/ld+json\" class=\"yoast-schema-graph\">{\"@context\":\"https:\\\/\\\/schema.org\",\"@graph\":[{\"@type\":\"Article\",\"@id\":\"https:\\\/\\\/www.studiogatto.es\\\/ca\\\/els-colors-de-moda-a-les-cuines\\\/#article\",\"isPartOf\":{\"@id\":\"https:\\\/\\\/www.studiogatto.es\\\/ca\\\/els-colors-de-moda-a-les-cuines\\\/\"},\"author\":{\"name\":\"soniso-gatto\",\"@id\":\"https:\\\/\\\/www.studiogatto.es\\\/ca\\\/#\\\/schema\\\/person\\\/27b057d9eeec105e75921345073c07bb\"},\"headline\":\"Els colors de moda a les cuines\",\"datePublished\":\"2024-09-07T18:34:47+00:00\",\"dateModified\":\"2024-09-07T18:34:53+00:00\",\"mainEntityOfPage\":{\"@id\":\"https:\\\/\\\/www.studiogatto.es\\\/ca\\\/els-colors-de-moda-a-les-cuines\\\/\"},\"wordCount\":1025,\"publisher\":{\"@id\":\"https:\\\/\\\/www.studiogatto.es\\\/ca\\\/#organization\"},\"image\":{\"@id\":\"https:\\\/\\\/www.studiogatto.es\\\/ca\\\/els-colors-de-moda-a-les-cuines\\\/#primaryimage\"},\"thumbnailUrl\":\"https:\\\/\\\/www.studiogatto.es\\\/wp-content\\\/uploads\\\/2024\\\/05\\\/2024_05_02.-SMEG-FRIGORIFICO-ROJO.jpg\",\"articleSection\":[\"Actualitat\",\"Disseny\"],\"inLanguage\":\"ca\"},{\"@type\":\"WebPage\",\"@id\":\"https:\\\/\\\/www.studiogatto.es\\\/ca\\\/els-colors-de-moda-a-les-cuines\\\/\",\"url\":\"https:\\\/\\\/www.studiogatto.es\\\/ca\\\/els-colors-de-moda-a-les-cuines\\\/\",\"name\":\"AMC assenyala els colors de moda a les cuines\",\"isPartOf\":{\"@id\":\"https:\\\/\\\/www.studiogatto.es\\\/ca\\\/#website\"},\"primaryImageOfPage\":{\"@id\":\"https:\\\/\\\/www.studiogatto.es\\\/ca\\\/els-colors-de-moda-a-les-cuines\\\/#primaryimage\"},\"image\":{\"@id\":\"https:\\\/\\\/www.studiogatto.es\\\/ca\\\/els-colors-de-moda-a-les-cuines\\\/#primaryimage\"},\"thumbnailUrl\":\"https:\\\/\\\/www.studiogatto.es\\\/wp-content\\\/uploads\\\/2024\\\/05\\\/2024_05_02.-SMEG-FRIGORIFICO-ROJO.jpg\",\"datePublished\":\"2024-09-07T18:34:47+00:00\",\"dateModified\":\"2024-09-07T18:34:53+00:00\",\"description\":\"Comen les passarel\u00b7les, els colors de moda ho impregnen tot, tamb\u00e9 el disseny de les nostres llars i, especialment, les cuines, cor de la llar.\",\"breadcrumb\":{\"@id\":\"https:\\\/\\\/www.studiogatto.es\\\/ca\\\/els-colors-de-moda-a-les-cuines\\\/#breadcrumb\"},\"inLanguage\":\"ca\",\"potentialAction\":[{\"@type\":\"ReadAction\",\"target\":[\"https:\\\/\\\/www.studiogatto.es\\\/ca\\\/els-colors-de-moda-a-les-cuines\\\/\"]}]},{\"@type\":\"ImageObject\",\"inLanguage\":\"ca\",\"@id\":\"https:\\\/\\\/www.studiogatto.es\\\/ca\\\/els-colors-de-moda-a-les-cuines\\\/#primaryimage\",\"url\":\"https:\\\/\\\/www.studiogatto.es\\\/wp-content\\\/uploads\\\/2024\\\/05\\\/2024_05_02.-SMEG-FRIGORIFICO-ROJO.jpg\",\"contentUrl\":\"https:\\\/\\\/www.studiogatto.es\\\/wp-content\\\/uploads\\\/2024\\\/05\\\/2024_05_02.-SMEG-FRIGORIFICO-ROJO.jpg\",\"width\":700,\"height\":532},{\"@type\":\"BreadcrumbList\",\"@id\":\"https:\\\/\\\/www.studiogatto.es\\\/ca\\\/els-colors-de-moda-a-les-cuines\\\/#breadcrumb\",\"itemListElement\":[{\"@type\":\"ListItem\",\"position\":1,\"name\":\"Portada\",\"item\":\"https:\\\/\\\/www.studiogatto.es\\\/ca\\\/\"},{\"@type\":\"ListItem\",\"position\":2,\"name\":\"Els colors de moda a les cuines\"}]},{\"@type\":\"WebSite\",\"@id\":\"https:\\\/\\\/www.studiogatto.es\\\/ca\\\/#website\",\"url\":\"https:\\\/\\\/www.studiogatto.es\\\/ca\\\/\",\"name\":\"Studio Gatto - Cuines i Banys\",\"description\":\"Reformas integrales de Cocinas y ba\u00f1os. Interiorismo. Dise\u00f1o.\",\"publisher\":{\"@id\":\"https:\\\/\\\/www.studiogatto.es\\\/ca\\\/#organization\"},\"potentialAction\":[{\"@type\":\"SearchAction\",\"target\":{\"@type\":\"EntryPoint\",\"urlTemplate\":\"https:\\\/\\\/www.studiogatto.es\\\/ca\\\/?s={search_term_string}\"},\"query-input\":{\"@type\":\"PropertyValueSpecification\",\"valueRequired\":true,\"valueName\":\"search_term_string\"}}],\"inLanguage\":\"ca\"},{\"@type\":\"Organization\",\"@id\":\"https:\\\/\\\/www.studiogatto.es\\\/ca\\\/#organization\",\"name\":\"Studio Gatto\",\"url\":\"https:\\\/\\\/www.studiogatto.es\\\/ca\\\/\",\"logo\":{\"@type\":\"ImageObject\",\"inLanguage\":\"ca\",\"@id\":\"https:\\\/\\\/www.studiogatto.es\\\/ca\\\/#\\\/schema\\\/logo\\\/image\\\/\",\"url\":\"https:\\\/\\\/www.studiogatto.es\\\/wp-content\\\/uploads\\\/Nuevo-logotipo.jpg\",\"contentUrl\":\"https:\\\/\\\/www.studiogatto.es\\\/wp-content\\\/uploads\\\/Nuevo-logotipo.jpg\",\"width\":300,\"height\":167,\"caption\":\"Studio Gatto\"},\"image\":{\"@id\":\"https:\\\/\\\/www.studiogatto.es\\\/ca\\\/#\\\/schema\\\/logo\\\/image\\\/\"},\"sameAs\":[\"https:\\\/\\\/www.facebook.com\\\/studiogattocucine\",\"https:\\\/\\\/x.com\\\/studiogattosl\"]},{\"@type\":\"Person\",\"@id\":\"https:\\\/\\\/www.studiogatto.es\\\/ca\\\/#\\\/schema\\\/person\\\/27b057d9eeec105e75921345073c07bb\",\"name\":\"soniso-gatto\"}]}<\/script>\n<!-- \/ Yoast SEO plugin. -->","yoast_head_json":{"title":"AMC assenyala els colors de moda a les cuines","description":"Comen les passarel\u00b7les, els colors de moda ho impregnen tot, tamb\u00e9 el disseny de les nostres llars i, especialment, les cuines, cor de la llar.","robots":{"index":"index","follow":"follow","max-snippet":"max-snippet:-1","max-image-preview":"max-image-preview:large","max-video-preview":"max-video-preview:-1"},"canonical":"https:\/\/www.studiogatto.es\/ca\/els-colors-de-moda-a-les-cuines\/","og_locale":"ca_ES","og_type":"article","og_title":"AMC assenyala els colors de moda a les cuines","og_description":"Comen les passarel\u00b7les, els colors de moda ho impregnen tot, tamb\u00e9 el disseny de les nostres llars i, especialment, les cuines, cor de la llar.","og_url":"https:\/\/www.studiogatto.es\/ca\/els-colors-de-moda-a-les-cuines\/","og_site_name":"Studio Gatto - Cuines i Banys","article_publisher":"https:\/\/www.facebook.com\/studiogattocucine","article_published_time":"2024-09-07T18:34:47+00:00","article_modified_time":"2024-09-07T18:34:53+00:00","og_image":[{"width":700,"height":532,"url":"https:\/\/www.studiogatto.es\/wp-content\/uploads\/2024\/05\/2024_05_02.-SMEG-FRIGORIFICO-ROJO.jpg","type":"image\/jpeg"}],"author":"soniso-gatto","twitter_card":"summary_large_image","twitter_creator":"@studiogattosl","twitter_site":"@studiogattosl","twitter_misc":{"Escrit per":"soniso-gatto","Temps estimat de lectura":"5 minuts"},"schema":{"@context":"https:\/\/schema.org","@graph":[{"@type":"Article","@id":"https:\/\/www.studiogatto.es\/ca\/els-colors-de-moda-a-les-cuines\/#article","isPartOf":{"@id":"https:\/\/www.studiogatto.es\/ca\/els-colors-de-moda-a-les-cuines\/"},"author":{"name":"soniso-gatto","@id":"https:\/\/www.studiogatto.es\/ca\/#\/schema\/person\/27b057d9eeec105e75921345073c07bb"},"headline":"Els colors de moda a les cuines","datePublished":"2024-09-07T18:34:47+00:00","dateModified":"2024-09-07T18:34:53+00:00","mainEntityOfPage":{"@id":"https:\/\/www.studiogatto.es\/ca\/els-colors-de-moda-a-les-cuines\/"},"wordCount":1025,"publisher":{"@id":"https:\/\/www.studiogatto.es\/ca\/#organization"},"image":{"@id":"https:\/\/www.studiogatto.es\/ca\/els-colors-de-moda-a-les-cuines\/#primaryimage"},"thumbnailUrl":"https:\/\/www.studiogatto.es\/wp-content\/uploads\/2024\/05\/2024_05_02.-SMEG-FRIGORIFICO-ROJO.jpg","articleSection":["Actualitat","Disseny"],"inLanguage":"ca"},{"@type":"WebPage","@id":"https:\/\/www.studiogatto.es\/ca\/els-colors-de-moda-a-les-cuines\/","url":"https:\/\/www.studiogatto.es\/ca\/els-colors-de-moda-a-les-cuines\/","name":"AMC assenyala els colors de moda a les cuines","isPartOf":{"@id":"https:\/\/www.studiogatto.es\/ca\/#website"},"primaryImageOfPage":{"@id":"https:\/\/www.studiogatto.es\/ca\/els-colors-de-moda-a-les-cuines\/#primaryimage"},"image":{"@id":"https:\/\/www.studiogatto.es\/ca\/els-colors-de-moda-a-les-cuines\/#primaryimage"},"thumbnailUrl":"https:\/\/www.studiogatto.es\/wp-content\/uploads\/2024\/05\/2024_05_02.-SMEG-FRIGORIFICO-ROJO.jpg","datePublished":"2024-09-07T18:34:47+00:00","dateModified":"2024-09-07T18:34:53+00:00","description":"Comen les passarel\u00b7les, els colors de moda ho impregnen tot, tamb\u00e9 el disseny de les nostres llars i, especialment, les cuines, cor de la llar.","breadcrumb":{"@id":"https:\/\/www.studiogatto.es\/ca\/els-colors-de-moda-a-les-cuines\/#breadcrumb"},"inLanguage":"ca","potentialAction":[{"@type":"ReadAction","target":["https:\/\/www.studiogatto.es\/ca\/els-colors-de-moda-a-les-cuines\/"]}]},{"@type":"ImageObject","inLanguage":"ca","@id":"https:\/\/www.studiogatto.es\/ca\/els-colors-de-moda-a-les-cuines\/#primaryimage","url":"https:\/\/www.studiogatto.es\/wp-content\/uploads\/2024\/05\/2024_05_02.-SMEG-FRIGORIFICO-ROJO.jpg","contentUrl":"https:\/\/www.studiogatto.es\/wp-content\/uploads\/2024\/05\/2024_05_02.-SMEG-FRIGORIFICO-ROJO.jpg","width":700,"height":532},{"@type":"BreadcrumbList","@id":"https:\/\/www.studiogatto.es\/ca\/els-colors-de-moda-a-les-cuines\/#breadcrumb","itemListElement":[{"@type":"ListItem","position":1,"name":"Portada","item":"https:\/\/www.studiogatto.es\/ca\/"},{"@type":"ListItem","position":2,"name":"Els colors de moda a les cuines"}]},{"@type":"WebSite","@id":"https:\/\/www.studiogatto.es\/ca\/#website","url":"https:\/\/www.studiogatto.es\/ca\/","name":"Studio Gatto - Cuines i Banys","description":"Reformas integrales de Cocinas y ba\u00f1os. Interiorismo. Dise\u00f1o.","publisher":{"@id":"https:\/\/www.studiogatto.es\/ca\/#organization"},"potentialAction":[{"@type":"SearchAction","target":{"@type":"EntryPoint","urlTemplate":"https:\/\/www.studiogatto.es\/ca\/?s={search_term_string}"},"query-input":{"@type":"PropertyValueSpecification","valueRequired":true,"valueName":"search_term_string"}}],"inLanguage":"ca"},{"@type":"Organization","@id":"https:\/\/www.studiogatto.es\/ca\/#organization","name":"Studio Gatto","url":"https:\/\/www.studiogatto.es\/ca\/","logo":{"@type":"ImageObject","inLanguage":"ca","@id":"https:\/\/www.studiogatto.es\/ca\/#\/schema\/logo\/image\/","url":"https:\/\/www.studiogatto.es\/wp-content\/uploads\/Nuevo-logotipo.jpg","contentUrl":"https:\/\/www.studiogatto.es\/wp-content\/uploads\/Nuevo-logotipo.jpg","width":300,"height":167,"caption":"Studio Gatto"},"image":{"@id":"https:\/\/www.studiogatto.es\/ca\/#\/schema\/logo\/image\/"},"sameAs":["https:\/\/www.facebook.com\/studiogattocucine","https:\/\/x.com\/studiogattosl"]},{"@type":"Person","@id":"https:\/\/www.studiogatto.es\/ca\/#\/schema\/person\/27b057d9eeec105e75921345073c07bb","name":"soniso-gatto"}]}},"_links":{"self":[{"href":"https:\/\/www.studiogatto.es\/ca\/wp-json\/wp\/v2\/posts\/59413","targetHints":{"allow":["GET"]}}],"collection":[{"href":"https:\/\/www.studiogatto.es\/ca\/wp-json\/wp\/v2\/posts"}],"about":[{"href":"https:\/\/www.studiogatto.es\/ca\/wp-json\/wp\/v2\/types\/post"}],"author":[{"embeddable":true,"href":"https:\/\/www.studiogatto.es\/ca\/wp-json\/wp\/v2\/users\/2"}],"replies":[{"embeddable":true,"href":"https:\/\/www.studiogatto.es\/ca\/wp-json\/wp\/v2\/comments?post=59413"}],"version-history":[{"count":6,"href":"https:\/\/www.studiogatto.es\/ca\/wp-json\/wp\/v2\/posts\/59413\/revisions"}],"predecessor-version":[{"id":59434,"href":"https:\/\/www.studiogatto.es\/ca\/wp-json\/wp\/v2\/posts\/59413\/revisions\/59434"}],"wp:featuredmedia":[{"embeddable":true,"href":"https:\/\/www.studiogatto.es\/ca\/wp-json\/wp\/v2\/media\/57882"}],"wp:attachment":[{"href":"https:\/\/www.studiogatto.es\/ca\/wp-json\/wp\/v2\/media?parent=59413"}],"wp:term":[{"taxonomy":"category","embeddable":true,"href":"https:\/\/www.studiogatto.es\/ca\/wp-json\/wp\/v2\/categories?post=59413"},{"taxonomy":"post_tag","embeddable":true,"href":"https:\/\/www.studiogatto.es\/ca\/wp-json\/wp\/v2\/tags?post=59413"}],"curies":[{"name":"wp","href":"https:\/\/api.w.org\/{rel}","templated":true}]}}