{"id":57557,"date":"2024-05-05T19:03:08","date_gmt":"2024-05-05T17:03:08","guid":{"rendered":"https:\/\/www.studiogatto.es\/reforma-de-cuina-al-vendrell\/"},"modified":"2026-02-22T19:11:52","modified_gmt":"2026-02-22T18:11:52","slug":"reforma-de-cuina-al-vendrell","status":"publish","type":"post","link":"https:\/\/www.studiogatto.es\/ca\/reforma-de-cuina-al-vendrell\/","title":{"rendered":"Reforma de cuina al Vendrell"},"content":{"rendered":"<p>[et_pb_section fb_built=&#8221;1&#8243; _builder_version=&#8221;4.16&#8243; _module_preset=&#8221;default&#8221; da_disable_devices=&#8221;off|off|off&#8221; locked=&#8221;off&#8221; global_colors_info=&#8221;{}&#8221; da_is_popup=&#8221;off&#8221; da_exit_intent=&#8221;off&#8221; da_has_close=&#8221;on&#8221; da_alt_close=&#8221;off&#8221; da_dark_close=&#8221;off&#8221; da_not_modal=&#8221;on&#8221; da_is_singular=&#8221;off&#8221; da_with_loader=&#8221;off&#8221; da_has_shadow=&#8221;on&#8221;][et_pb_row column_structure=&#8221;1_4,1_2,1_4&#8243; _builder_version=&#8221;4.18.0&#8243; _module_preset=&#8221;default&#8221; global_colors_info=&#8221;{}&#8221;][et_pb_column type=&#8221;1_4&#8243; _builder_version=&#8221;4.16&#8243; _module_preset=&#8221;default&#8221; global_colors_info=&#8221;{}&#8221;][\/et_pb_column][et_pb_column type=&#8221;1_2&#8243; _builder_version=&#8221;4.16&#8243; _module_preset=&#8221;default&#8221; global_colors_info=&#8221;{}&#8221;][et_pb_video src=&#8221;https:\/\/www.studiogatto.es\/wp-content\/uploads\/cubelles.silvia.mp4&#8243; _builder_version=&#8221;4.24.0&#8243; _module_preset=&#8221;default&#8221; global_colors_info=&#8221;{}&#8221;][\/et_pb_video][\/et_pb_column][et_pb_column type=&#8221;1_4&#8243; _builder_version=&#8221;4.16&#8243; _module_preset=&#8221;default&#8221; global_colors_info=&#8221;{}&#8221;][\/et_pb_column][\/et_pb_row][et_pb_row _builder_version=&#8221;4.24.0&#8243; _module_preset=&#8221;default&#8221; global_colors_info=&#8221;{}&#8221;][et_pb_column type=&#8221;4_4&#8243; _builder_version=&#8221;4.24.0&#8243; _module_preset=&#8221;default&#8221; global_colors_info=&#8221;{}&#8221;][et_pb_text _builder_version=&#8221;4.24.0&#8243; _module_preset=&#8221;default&#8221; global_colors_info=&#8221;{}&#8221;]<\/p>\n<p data-sourcepos=\"3:1-3:13\"><strong>El repte:<\/strong><\/p>\n<p data-sourcepos=\"5:1-5:78\">Convertir una cuina amb parets irregulars, escala de cargol i un espai tancat, en una cuina oberta, funcional i moderna, connectada amb el menjador i amb un marcat car\u00e0cter social.<\/p>\n<p data-sourcepos=\"7:1-7:25\"><strong>Els desitjos de Silvia:<\/strong><\/p>\n<ul data-sourcepos=\"9:1-9:5\">\n<li data-sourcepos=\"9:1-9:5\"><strong>Amplitud i lluminositat:<\/strong> Silvia somiava un espai obert on cuinar, menjar i socialitzar sense barreres.<\/li>\n<li data-sourcepos=\"10:1-10:33\"><strong>Integraci\u00f3:<\/strong> L&#8217;escala de cargol, un element singular de l&#8217;habitatge, s&#8217;havia d&#8217;integrar harm\u00f2nicament al nou espai.<\/li>\n<li data-sourcepos=\"11:1-11:40\"><strong>Funcionalitat:<\/strong> La cuina havia de ser pr\u00e0ctica i eficient, amb tot a m\u00e0 per facilitar el dia a dia.<\/li>\n<li data-sourcepos=\"12:1-13:0\"><strong>Estil:<\/strong> Un disseny modern i elegant, amb colors i materials que aportaran sofisticaci\u00f3 a l&#8217;ambient.<\/li>\n<\/ul>\n<p data-sourcepos=\"14:1-14:16\"><strong>La soluci\u00f3:<\/strong><\/p>\n<ul data-sourcepos=\"16:1-17:96\">\n<li data-sourcepos=\"16:1-16:124\"><strong>Enderrocament de l&#8217;env\u00e0:<\/strong> L&#8217;env\u00e0 que separava la cuina del menjador va ser enderrocat per crear un espai \u00fanic i di\u00e0fan.<\/li>\n<li data-sourcepos=\"17:1-17:96\"><strong>Paviment continu:<\/strong> Es va utilitzar el mateix paviment a tota la zona, unificant l&#8217;espai i aportant amplitud visual.<\/li>\n<li data-sourcepos=\"18:1-18:145\"><strong>Integraci\u00f3 de l&#8217;escala:<\/strong> L&#8217;escala de cargol es va convertir en un element decoratiu m\u00e9s, gr\u00e0cies al disseny i la ubicaci\u00f3 estrat\u00e8gica.<\/li>\n<li data-sourcepos=\"19:1-19:128\"><strong>Illa central:<\/strong> Es va instal\u00b7lar una illa central que funciona com a zona de treball, menjador informal i punt de trobada social.<\/li>\n<li data-sourcepos=\"20:1-20:175\"><strong>Cuina INKO SMART STORM:<\/strong> Una cuina de l\u00ednies depurades i color gris fosc, amb material antipetjada i acabat setinat, que aporta eleg\u00e0ncia i sofisticaci\u00f3 a lespai.<\/li>\n<li data-sourcepos=\"21:1-21:152\"><strong>Taulell LAMINAM NOIR SAHARA BOCCIARDATO:<\/strong> Un taulell porcel\u00e0nic de gran format i bellesa, amb un acabat texturitzat que li d\u00f3na un toc \u00fanic.<\/li>\n<li data-sourcepos=\"22:1-23:0\"><strong>Campana ELICA TUB PRO ISLAND:<\/strong> Una campana de disseny minimalista i alta efici\u00e8ncia, que s&#8217;integra perfectament a l&#8217;illa central.<\/li>\n<\/ul>\n<p data-sourcepos=\"24:1-24:17\"><strong>El resultat:<\/strong><\/p>\n<p style=\"text-align: center;\" data-sourcepos=\"26:1-26:180\">Un canvi radical! La cuina de Silvia \u00e9s ara un espai obert, llumin\u00f3s, funcional i ple d&#8217;estil. Un lloc perfecte per cuinar, menjar, socialitzar i gaudir de la llar.  <\/p>\n<p data-sourcepos=\"28:1-28:33\"><strong>Detalls que marquen la difer\u00e8ncia:<\/strong><\/p>\n<ul data-sourcepos=\"30:1-33:0\">\n<li data-sourcepos=\"30:1-30:166\"><strong>Il\u00b7luminaci\u00f3:<\/strong> S&#8217;ha cuidat la il\u00b7luminaci\u00f3 per crear diferents ambients, des d&#8217;una llum t\u00e8nue i acollidora fins a una llum m\u00e9s intensa per treballar a la cuina.<\/li>\n<li data-sourcepos=\"31:1-31:147\"><strong>Decoraci\u00f3:<\/strong> S&#8217;ha fet servir una decoraci\u00f3 minimalista i elegant, amb tocs de color i materials naturals que aporten calidesa a l&#8217;espai.<\/li>\n<li data-sourcepos=\"32:1-33:0\"><strong>Emmagatzematge:<\/strong> S&#8217;ha aprofitat al m\u00e0xim l&#8217;espai disponible per crear solucions d&#8217;emmagatzematge de pr\u00e0ctiques i funcionals.<\/li>\n<\/ul>\n<p data-sourcepos=\"34:1-34:15\"><strong>En resum:<\/strong><\/p>\n<p data-sourcepos=\"36:1-36:273\">La reforma de la cuina de Silvia \u00e9s un exemple de com un disseny ben pensat pot transformar completament un espai. Un projecte on s&#8217;han unit funcionalitat, est\u00e8tica i les necessitats de la propiet\u00e0ria, donant com a resultat un espai \u00fanic i ple de vida. <\/p>\n<p data-sourcepos=\"36:1-36:273\"><span style=\"color: #000000;\"><strong>Gr\u00e0cies Silvia per la teva ressenya:<\/strong><\/span><\/p>\n<p><em><span style=\"color: #3366ff;\">Un gran equip de professionals. El projecte s&#8217;ha dissenyat fins a l&#8217;\u00faltim detall.    <\/span><\/em><\/p>\n<p data-sourcepos=\"36:1-36:273\">[\/et_pb_text][\/et_pb_column][\/et_pb_row][et_pb_row column_structure=&#8221;1_2,1_2&#8243; _builder_version=&#8221;4.18.0&#8243; _module_preset=&#8221;default&#8221; global_colors_info=&#8221;{}&#8221;][et_pb_column type=&#8221;1_2&#8243; _builder_version=&#8221;4.16&#8243; _module_preset=&#8221;default&#8221; global_colors_info=&#8221;{}&#8221;][et_pb_image src=&#8221;https:\/\/www.studiogatto.es\/wp-content\/uploads\/cubelles-silvia-31.jpg&#8221; title_text=&#8221;cubells-silvia-31&#8243; _builder_version=&#8221;4.24.0&#8243; _module_preset=&#8221;default&#8221; global_colors_info=&#8221;{}&#8221;][\/et_pb_image][\/et_pb_column][et_pb_column type=&#8221;1_2&#8243; _builder_version=&#8221;4.16&#8243; _module_preset=&#8221;default&#8221; global_colors_info=&#8221;{}&#8221;][et_pb_image src=&#8221;https:\/\/www.studiogatto.es\/wp-content\/uploads\/cubelles-silvia-31-2.jpg&#8221; title_text=&#8221;cubells-silvia-31 2&#8243; _builder_version=&#8221;4.24.0&#8243; _module_preset=&#8221;default&#8221; global_colors_info=&#8221;{}&#8221;][\/et_pb_image][\/et_pb_column][\/et_pb_row][et_pb_row column_structure=&#8221;1_2,1_2&#8243; _builder_version=&#8221;4.18.0&#8243; _module_preset=&#8221;default&#8221; global_colors_info=&#8221;{}&#8221;][et_pb_column type=&#8221;1_2&#8243; _builder_version=&#8221;4.16&#8243; _module_preset=&#8221;default&#8221; global_colors_info=&#8221;{}&#8221;][et_pb_image src=&#8221;https:\/\/www.studiogatto.es\/wp-content\/uploads\/cubelles-silvia-32-2.jpg&#8221; title_text=&#8221;cubells-silvia-32 2&#8243; _builder_version=&#8221;4.24.0&#8243; _module_preset=&#8221;default&#8221; global_colors_info=&#8221;{}&#8221;][\/et_pb_image][\/et_pb_column][et_pb_column type=&#8221;1_2&#8243; _builder_version=&#8221;4.16&#8243; _module_preset=&#8221;default&#8221; global_colors_info=&#8221;{}&#8221;][et_pb_image src=&#8221;https:\/\/www.studiogatto.es\/wp-content\/uploads\/cubelles-silvia-31-1.jpg&#8221; title_text=&#8221;cubells-silvia-31 1&#8243; _builder_version=&#8221;4.24.0&#8243; _module_preset=&#8221;default&#8221; global_colors_info=&#8221;{}&#8221;][\/et_pb_image][\/et_pb_column][\/et_pb_row][et_pb_row _builder_version=&#8221;4.18.0&#8243; _module_preset=&#8221;default&#8221; global_colors_info=&#8221;{}&#8221; column_structure=&#8221;1_2,1_2&#8243;][et_pb_column type=&#8221;1_2&#8243; _builder_version=&#8221;4.16&#8243; _module_preset=&#8221;default&#8221; global_colors_info=&#8221;{}&#8221;][et_pb_image src=&#8221;https:\/\/www.studiogatto.es\/wp-content\/uploads\/cubelles-silvia-32-1.jpg&#8221; title_text=&#8221;cubells-silvia-32 1&#8243; _builder_version=&#8221;4.24.0&#8243; _module_preset=&#8221;default&#8221; global_colors_info=&#8221;{}&#8221;][\/et_pb_image][\/et_pb_column][et_pb_column type=&#8221;1_2&#8243; _builder_version=&#8221;4.16&#8243; _module_preset=&#8221;default&#8221; global_colors_info=&#8221;{}&#8221;][\/et_pb_column][\/et_pb_row][\/et_pb_section]<\/p>\n","protected":false},"excerpt":{"rendered":"<p>Sota el precepte d&#8217;aconseguir llum, espai, llum, habitabilitat i comoditat una combinaci\u00f3 de components moderns amb un toc cl\u00e0ssic<\/p>\n","protected":false},"author":2,"featured_media":57030,"comment_status":"closed","ping_status":"closed","sticky":false,"template":"","format":"standard","meta":{"_et_pb_use_builder":"on","_et_pb_old_content":"","_et_gb_content_width":"","footnotes":""},"categories":[32],"tags":[],"class_list":["post-57557","post","type-post","status-publish","format-standard","has-post-thumbnail","hentry","category-projectes"],"yoast_head":"<!-- This site is optimized with the Yoast SEO plugin v27.5 - https:\/\/yoast.com\/product\/yoast-seo-wordpress\/ -->\n<title>Cuina en obra Nova a Cubelles a casa de Silvia<\/title>\n<meta name=\"description\" content=\"Optimitzar espai, llum, habitabilitat, i comoditat a casa de Silvia\" \/>\n<meta name=\"robots\" content=\"index, follow, max-snippet:-1, max-image-preview:large, max-video-preview:-1\" \/>\n<link rel=\"canonical\" href=\"https:\/\/www.studiogatto.es\/ca\/reforma-de-cuina-al-vendrell\/\" \/>\n<meta property=\"og:locale\" content=\"ca_ES\" \/>\n<meta property=\"og:type\" content=\"article\" \/>\n<meta property=\"og:title\" content=\"Cuina en obra Nova a Cubelles a casa de Silvia\" \/>\n<meta property=\"og:description\" content=\"Optimitzar espai, llum, habitabilitat, i comoditat a casa de Silvia\" \/>\n<meta property=\"og:url\" content=\"https:\/\/www.studiogatto.es\/ca\/reforma-de-cuina-al-vendrell\/\" \/>\n<meta property=\"og:site_name\" content=\"Studio Gatto - Cuines i Banys\" \/>\n<meta property=\"article:publisher\" content=\"https:\/\/www.facebook.com\/studiogattocucine\" \/>\n<meta property=\"article:published_time\" content=\"2024-05-05T17:03:08+00:00\" \/>\n<meta property=\"article:modified_time\" content=\"2026-02-22T18:11:52+00:00\" \/>\n<meta property=\"og:image\" content=\"https:\/\/www.studiogatto.es\/wp-content\/uploads\/cubelles-silvia-32.jpg\" \/>\n\t<meta property=\"og:image:width\" content=\"1500\" \/>\n\t<meta property=\"og:image:height\" content=\"1125\" \/>\n\t<meta property=\"og:image:type\" content=\"image\/jpeg\" \/>\n<meta name=\"author\" content=\"soniso-gatto\" \/>\n<meta name=\"twitter:card\" content=\"summary_large_image\" \/>\n<meta name=\"twitter:creator\" content=\"@studiogattosl\" \/>\n<meta name=\"twitter:site\" content=\"@studiogattosl\" \/>\n<meta name=\"twitter:label1\" content=\"Escrit per\" \/>\n\t<meta name=\"twitter:data1\" content=\"soniso-gatto\" \/>\n\t<meta name=\"twitter:label2\" content=\"Temps estimat de lectura\" \/>\n\t<meta name=\"twitter:data2\" content=\"5 minuts\" \/>\n<script type=\"application\/ld+json\" class=\"yoast-schema-graph\">{\"@context\":\"https:\\\/\\\/schema.org\",\"@graph\":[{\"@type\":\"Article\",\"@id\":\"https:\\\/\\\/www.studiogatto.es\\\/ca\\\/reforma-de-cuina-al-vendrell\\\/#article\",\"isPartOf\":{\"@id\":\"https:\\\/\\\/www.studiogatto.es\\\/ca\\\/reforma-de-cuina-al-vendrell\\\/\"},\"author\":{\"name\":\"soniso-gatto\",\"@id\":\"https:\\\/\\\/www.studiogatto.es\\\/ca\\\/#\\\/schema\\\/person\\\/27b057d9eeec105e75921345073c07bb\"},\"headline\":\"Reforma de cuina al Vendrell\",\"datePublished\":\"2024-05-05T17:03:08+00:00\",\"dateModified\":\"2026-02-22T18:11:52+00:00\",\"mainEntityOfPage\":{\"@id\":\"https:\\\/\\\/www.studiogatto.es\\\/ca\\\/reforma-de-cuina-al-vendrell\\\/\"},\"wordCount\":927,\"publisher\":{\"@id\":\"https:\\\/\\\/www.studiogatto.es\\\/ca\\\/#organization\"},\"image\":{\"@id\":\"https:\\\/\\\/www.studiogatto.es\\\/ca\\\/reforma-de-cuina-al-vendrell\\\/#primaryimage\"},\"thumbnailUrl\":\"https:\\\/\\\/www.studiogatto.es\\\/wp-content\\\/uploads\\\/cubelles-silvia-32.jpg\",\"articleSection\":[\"Projectes\"],\"inLanguage\":\"ca\"},{\"@type\":\"WebPage\",\"@id\":\"https:\\\/\\\/www.studiogatto.es\\\/ca\\\/reforma-de-cuina-al-vendrell\\\/\",\"url\":\"https:\\\/\\\/www.studiogatto.es\\\/ca\\\/reforma-de-cuina-al-vendrell\\\/\",\"name\":\"Cuina en obra Nova a Cubelles a casa de Silvia\",\"isPartOf\":{\"@id\":\"https:\\\/\\\/www.studiogatto.es\\\/ca\\\/#website\"},\"primaryImageOfPage\":{\"@id\":\"https:\\\/\\\/www.studiogatto.es\\\/ca\\\/reforma-de-cuina-al-vendrell\\\/#primaryimage\"},\"image\":{\"@id\":\"https:\\\/\\\/www.studiogatto.es\\\/ca\\\/reforma-de-cuina-al-vendrell\\\/#primaryimage\"},\"thumbnailUrl\":\"https:\\\/\\\/www.studiogatto.es\\\/wp-content\\\/uploads\\\/cubelles-silvia-32.jpg\",\"datePublished\":\"2024-05-05T17:03:08+00:00\",\"dateModified\":\"2026-02-22T18:11:52+00:00\",\"description\":\"Optimitzar espai, llum, habitabilitat, i comoditat a casa de Silvia\",\"breadcrumb\":{\"@id\":\"https:\\\/\\\/www.studiogatto.es\\\/ca\\\/reforma-de-cuina-al-vendrell\\\/#breadcrumb\"},\"inLanguage\":\"ca\",\"potentialAction\":[{\"@type\":\"ReadAction\",\"target\":[\"https:\\\/\\\/www.studiogatto.es\\\/ca\\\/reforma-de-cuina-al-vendrell\\\/\"]}]},{\"@type\":\"ImageObject\",\"inLanguage\":\"ca\",\"@id\":\"https:\\\/\\\/www.studiogatto.es\\\/ca\\\/reforma-de-cuina-al-vendrell\\\/#primaryimage\",\"url\":\"https:\\\/\\\/www.studiogatto.es\\\/wp-content\\\/uploads\\\/cubelles-silvia-32.jpg\",\"contentUrl\":\"https:\\\/\\\/www.studiogatto.es\\\/wp-content\\\/uploads\\\/cubelles-silvia-32.jpg\",\"width\":1500,\"height\":1125},{\"@type\":\"BreadcrumbList\",\"@id\":\"https:\\\/\\\/www.studiogatto.es\\\/ca\\\/reforma-de-cuina-al-vendrell\\\/#breadcrumb\",\"itemListElement\":[{\"@type\":\"ListItem\",\"position\":1,\"name\":\"Portada\",\"item\":\"https:\\\/\\\/www.studiogatto.es\\\/ca\\\/\"},{\"@type\":\"ListItem\",\"position\":2,\"name\":\"Reforma de cuina al Vendrell\"}]},{\"@type\":\"WebSite\",\"@id\":\"https:\\\/\\\/www.studiogatto.es\\\/ca\\\/#website\",\"url\":\"https:\\\/\\\/www.studiogatto.es\\\/ca\\\/\",\"name\":\"Studio Gatto - Cuines i Banys\",\"description\":\"Reformas integrales de Cocinas y ba\u00f1os. Interiorismo. Dise\u00f1o.\",\"publisher\":{\"@id\":\"https:\\\/\\\/www.studiogatto.es\\\/ca\\\/#organization\"},\"potentialAction\":[{\"@type\":\"SearchAction\",\"target\":{\"@type\":\"EntryPoint\",\"urlTemplate\":\"https:\\\/\\\/www.studiogatto.es\\\/ca\\\/?s={search_term_string}\"},\"query-input\":{\"@type\":\"PropertyValueSpecification\",\"valueRequired\":true,\"valueName\":\"search_term_string\"}}],\"inLanguage\":\"ca\"},{\"@type\":\"Organization\",\"@id\":\"https:\\\/\\\/www.studiogatto.es\\\/ca\\\/#organization\",\"name\":\"Studio Gatto\",\"url\":\"https:\\\/\\\/www.studiogatto.es\\\/ca\\\/\",\"logo\":{\"@type\":\"ImageObject\",\"inLanguage\":\"ca\",\"@id\":\"https:\\\/\\\/www.studiogatto.es\\\/ca\\\/#\\\/schema\\\/logo\\\/image\\\/\",\"url\":\"https:\\\/\\\/www.studiogatto.es\\\/wp-content\\\/uploads\\\/Nuevo-logotipo.jpg\",\"contentUrl\":\"https:\\\/\\\/www.studiogatto.es\\\/wp-content\\\/uploads\\\/Nuevo-logotipo.jpg\",\"width\":300,\"height\":167,\"caption\":\"Studio Gatto\"},\"image\":{\"@id\":\"https:\\\/\\\/www.studiogatto.es\\\/ca\\\/#\\\/schema\\\/logo\\\/image\\\/\"},\"sameAs\":[\"https:\\\/\\\/www.facebook.com\\\/studiogattocucine\",\"https:\\\/\\\/x.com\\\/studiogattosl\"]},{\"@type\":\"Person\",\"@id\":\"https:\\\/\\\/www.studiogatto.es\\\/ca\\\/#\\\/schema\\\/person\\\/27b057d9eeec105e75921345073c07bb\",\"name\":\"soniso-gatto\"}]}<\/script>\n<!-- \/ Yoast SEO plugin. -->","yoast_head_json":{"title":"Cuina en obra Nova a Cubelles a casa de Silvia","description":"Optimitzar espai, llum, habitabilitat, i comoditat a casa de Silvia","robots":{"index":"index","follow":"follow","max-snippet":"max-snippet:-1","max-image-preview":"max-image-preview:large","max-video-preview":"max-video-preview:-1"},"canonical":"https:\/\/www.studiogatto.es\/ca\/reforma-de-cuina-al-vendrell\/","og_locale":"ca_ES","og_type":"article","og_title":"Cuina en obra Nova a Cubelles a casa de Silvia","og_description":"Optimitzar espai, llum, habitabilitat, i comoditat a casa de Silvia","og_url":"https:\/\/www.studiogatto.es\/ca\/reforma-de-cuina-al-vendrell\/","og_site_name":"Studio Gatto - Cuines i Banys","article_publisher":"https:\/\/www.facebook.com\/studiogattocucine","article_published_time":"2024-05-05T17:03:08+00:00","article_modified_time":"2026-02-22T18:11:52+00:00","og_image":[{"width":1500,"height":1125,"url":"https:\/\/www.studiogatto.es\/wp-content\/uploads\/cubelles-silvia-32.jpg","type":"image\/jpeg"}],"author":"soniso-gatto","twitter_card":"summary_large_image","twitter_creator":"@studiogattosl","twitter_site":"@studiogattosl","twitter_misc":{"Escrit per":"soniso-gatto","Temps estimat de lectura":"5 minuts"},"schema":{"@context":"https:\/\/schema.org","@graph":[{"@type":"Article","@id":"https:\/\/www.studiogatto.es\/ca\/reforma-de-cuina-al-vendrell\/#article","isPartOf":{"@id":"https:\/\/www.studiogatto.es\/ca\/reforma-de-cuina-al-vendrell\/"},"author":{"name":"soniso-gatto","@id":"https:\/\/www.studiogatto.es\/ca\/#\/schema\/person\/27b057d9eeec105e75921345073c07bb"},"headline":"Reforma de cuina al Vendrell","datePublished":"2024-05-05T17:03:08+00:00","dateModified":"2026-02-22T18:11:52+00:00","mainEntityOfPage":{"@id":"https:\/\/www.studiogatto.es\/ca\/reforma-de-cuina-al-vendrell\/"},"wordCount":927,"publisher":{"@id":"https:\/\/www.studiogatto.es\/ca\/#organization"},"image":{"@id":"https:\/\/www.studiogatto.es\/ca\/reforma-de-cuina-al-vendrell\/#primaryimage"},"thumbnailUrl":"https:\/\/www.studiogatto.es\/wp-content\/uploads\/cubelles-silvia-32.jpg","articleSection":["Projectes"],"inLanguage":"ca"},{"@type":"WebPage","@id":"https:\/\/www.studiogatto.es\/ca\/reforma-de-cuina-al-vendrell\/","url":"https:\/\/www.studiogatto.es\/ca\/reforma-de-cuina-al-vendrell\/","name":"Cuina en obra Nova a Cubelles a casa de Silvia","isPartOf":{"@id":"https:\/\/www.studiogatto.es\/ca\/#website"},"primaryImageOfPage":{"@id":"https:\/\/www.studiogatto.es\/ca\/reforma-de-cuina-al-vendrell\/#primaryimage"},"image":{"@id":"https:\/\/www.studiogatto.es\/ca\/reforma-de-cuina-al-vendrell\/#primaryimage"},"thumbnailUrl":"https:\/\/www.studiogatto.es\/wp-content\/uploads\/cubelles-silvia-32.jpg","datePublished":"2024-05-05T17:03:08+00:00","dateModified":"2026-02-22T18:11:52+00:00","description":"Optimitzar espai, llum, habitabilitat, i comoditat a casa de Silvia","breadcrumb":{"@id":"https:\/\/www.studiogatto.es\/ca\/reforma-de-cuina-al-vendrell\/#breadcrumb"},"inLanguage":"ca","potentialAction":[{"@type":"ReadAction","target":["https:\/\/www.studiogatto.es\/ca\/reforma-de-cuina-al-vendrell\/"]}]},{"@type":"ImageObject","inLanguage":"ca","@id":"https:\/\/www.studiogatto.es\/ca\/reforma-de-cuina-al-vendrell\/#primaryimage","url":"https:\/\/www.studiogatto.es\/wp-content\/uploads\/cubelles-silvia-32.jpg","contentUrl":"https:\/\/www.studiogatto.es\/wp-content\/uploads\/cubelles-silvia-32.jpg","width":1500,"height":1125},{"@type":"BreadcrumbList","@id":"https:\/\/www.studiogatto.es\/ca\/reforma-de-cuina-al-vendrell\/#breadcrumb","itemListElement":[{"@type":"ListItem","position":1,"name":"Portada","item":"https:\/\/www.studiogatto.es\/ca\/"},{"@type":"ListItem","position":2,"name":"Reforma de cuina al Vendrell"}]},{"@type":"WebSite","@id":"https:\/\/www.studiogatto.es\/ca\/#website","url":"https:\/\/www.studiogatto.es\/ca\/","name":"Studio Gatto - Cuines i Banys","description":"Reformas integrales de Cocinas y ba\u00f1os. Interiorismo. Dise\u00f1o.","publisher":{"@id":"https:\/\/www.studiogatto.es\/ca\/#organization"},"potentialAction":[{"@type":"SearchAction","target":{"@type":"EntryPoint","urlTemplate":"https:\/\/www.studiogatto.es\/ca\/?s={search_term_string}"},"query-input":{"@type":"PropertyValueSpecification","valueRequired":true,"valueName":"search_term_string"}}],"inLanguage":"ca"},{"@type":"Organization","@id":"https:\/\/www.studiogatto.es\/ca\/#organization","name":"Studio Gatto","url":"https:\/\/www.studiogatto.es\/ca\/","logo":{"@type":"ImageObject","inLanguage":"ca","@id":"https:\/\/www.studiogatto.es\/ca\/#\/schema\/logo\/image\/","url":"https:\/\/www.studiogatto.es\/wp-content\/uploads\/Nuevo-logotipo.jpg","contentUrl":"https:\/\/www.studiogatto.es\/wp-content\/uploads\/Nuevo-logotipo.jpg","width":300,"height":167,"caption":"Studio Gatto"},"image":{"@id":"https:\/\/www.studiogatto.es\/ca\/#\/schema\/logo\/image\/"},"sameAs":["https:\/\/www.facebook.com\/studiogattocucine","https:\/\/x.com\/studiogattosl"]},{"@type":"Person","@id":"https:\/\/www.studiogatto.es\/ca\/#\/schema\/person\/27b057d9eeec105e75921345073c07bb","name":"soniso-gatto"}]}},"_links":{"self":[{"href":"https:\/\/www.studiogatto.es\/ca\/wp-json\/wp\/v2\/posts\/57557","targetHints":{"allow":["GET"]}}],"collection":[{"href":"https:\/\/www.studiogatto.es\/ca\/wp-json\/wp\/v2\/posts"}],"about":[{"href":"https:\/\/www.studiogatto.es\/ca\/wp-json\/wp\/v2\/types\/post"}],"author":[{"embeddable":true,"href":"https:\/\/www.studiogatto.es\/ca\/wp-json\/wp\/v2\/users\/2"}],"replies":[{"embeddable":true,"href":"https:\/\/www.studiogatto.es\/ca\/wp-json\/wp\/v2\/comments?post=57557"}],"version-history":[{"count":6,"href":"https:\/\/www.studiogatto.es\/ca\/wp-json\/wp\/v2\/posts\/57557\/revisions"}],"predecessor-version":[{"id":84551,"href":"https:\/\/www.studiogatto.es\/ca\/wp-json\/wp\/v2\/posts\/57557\/revisions\/84551"}],"wp:featuredmedia":[{"embeddable":true,"href":"https:\/\/www.studiogatto.es\/ca\/wp-json\/wp\/v2\/media\/57030"}],"wp:attachment":[{"href":"https:\/\/www.studiogatto.es\/ca\/wp-json\/wp\/v2\/media?parent=57557"}],"wp:term":[{"taxonomy":"category","embeddable":true,"href":"https:\/\/www.studiogatto.es\/ca\/wp-json\/wp\/v2\/categories?post=57557"},{"taxonomy":"post_tag","embeddable":true,"href":"https:\/\/www.studiogatto.es\/ca\/wp-json\/wp\/v2\/tags?post=57557"}],"curies":[{"name":"wp","href":"https:\/\/api.w.org\/{rel}","templated":true}]}}