{"id":5099,"date":"2016-01-18T10:12:31","date_gmt":"2016-01-18T10:12:31","guid":{"rendered":"https:\/\/www.studiogatto.es\/ca\/?p=5099"},"modified":"2022-03-13T14:07:34","modified_gmt":"2022-03-13T13:07:34","slug":"patrocini-programa-especies-protegides-cadena-ser-en-palau-maricel-de-sitges","status":"publish","type":"post","link":"https:\/\/www.studiogatto.es\/ca\/patrocini-programa-especies-protegides-cadena-ser-en-palau-maricel-de-sitges\/","title":{"rendered":"Patrocini programa &#8220;Esp\u00e8cies protegides&#8221; Cadena Ser en Palau Maricel de Sitges"},"content":{"rendered":"<p>Studio Gatto S.L va ser una\u00a0de las empreses patrocinadoras del programa de la Cadena Ser &#8220;Esp\u00e8cies protegides&#8221; amb tem\u00e0tica principalment del Festival Internacional de Cinema Fant\u00e0stic de Sitges. El programa va ser en directe en el magn\u00edfic Palau Maricel de Sitges y ho vam passar molt b\u00e9!!<\/p>\n<p><a href=\"https:\/\/bit.ly\/1W3IUko\" target=\"_blank\" rel=\"noopener noreferrer\">escuchar programa<\/a><\/p>\n<p><a href=\"https:\/\/www.studiogatto.es\/wp-content\/uploads\/2015\/10\/foto-1.jpg\"><img loading=\"lazy\" decoding=\"async\" class=\"alignnone size-full wp-image-3973\" src=\"https:\/\/www.studiogatto.es\/wp-content\/uploads\/2015\/10\/foto-1.jpg\" alt=\"programa especies protegides cadena ser patrocinio studio gatto sl\" width=\"760\" height=\"430\" \/><\/a><a href=\"https:\/\/www.studiogatto.es\/actualidad\/\" target=\"_blank\" rel=\"noopener noreferrer\"><img loading=\"lazy\" decoding=\"async\" class=\"alignnone size-full wp-image-3977\" src=\"https:\/\/www.studiogatto.es\/wp-content\/uploads\/2015\/10\/foto5.jpg\" alt=\"roll up patrocinio para programa especies protegides de cadena ser\" width=\"764\" height=\"430\" \/><\/a><\/p>\n<p>&nbsp;<\/p>\n","protected":false},"excerpt":{"rendered":"<p>Studio Gatto S.L va ser una\u00a0de las empreses patrocinadoras del programa de la Cadena Ser &#8220;Esp\u00e8cies protegides&#8221; amb tem\u00e0tica principalment del Festival Internacional de Cinema Fant\u00e0stic de Sitges. El programa va ser en directe en el magn\u00edfic Palau Maricel de Sitges y ho vam passar molt b\u00e9!! escuchar programa &nbsp;<\/p>\n","protected":false},"author":1,"featured_media":0,"comment_status":"closed","ping_status":"open","sticky":false,"template":"","format":"standard","meta":{"_et_pb_use_builder":"","_et_pb_old_content":"","_et_gb_content_width":"","footnotes":""},"categories":[34],"tags":[],"class_list":["post-5099","post","type-post","status-publish","format-standard","hentry","category-actualidat"],"yoast_head":"<!-- This site is optimized with the Yoast SEO plugin v27.5 - https:\/\/yoast.com\/product\/yoast-seo-wordpress\/ -->\n<title>Patrocini programa &quot;Esp\u00e8cies protegides&quot; Cadena Ser en Palau Maricel de Sitges<\/title>\n<meta name=\"robots\" content=\"index, follow, max-snippet:-1, max-image-preview:large, max-video-preview:-1\" \/>\n<link rel=\"canonical\" href=\"https:\/\/www.studiogatto.es\/ca\/patrocini-programa-especies-protegides-cadena-ser-en-palau-maricel-de-sitges\/\" \/>\n<meta property=\"og:locale\" content=\"ca_ES\" \/>\n<meta property=\"og:type\" content=\"article\" \/>\n<meta property=\"og:title\" content=\"Patrocini programa &quot;Esp\u00e8cies protegides&quot; Cadena Ser en Palau Maricel de Sitges\" \/>\n<meta property=\"og:description\" content=\"Studio Gatto S.L va ser una\u00a0de las empreses patrocinadoras del programa de la Cadena Ser &#8220;Esp\u00e8cies protegides&#8221; amb tem\u00e0tica principalment del Festival Internacional de Cinema Fant\u00e0stic de Sitges. El programa va ser en directe en el magn\u00edfic Palau Maricel de Sitges y ho vam passar molt b\u00e9!! escuchar programa &nbsp;\" \/>\n<meta property=\"og:url\" content=\"https:\/\/www.studiogatto.es\/ca\/patrocini-programa-especies-protegides-cadena-ser-en-palau-maricel-de-sitges\/\" \/>\n<meta property=\"og:site_name\" content=\"Studio Gatto - Cuines i Banys\" \/>\n<meta property=\"article:publisher\" content=\"https:\/\/www.facebook.com\/studiogattocucine\" \/>\n<meta property=\"article:published_time\" content=\"2016-01-18T10:12:31+00:00\" \/>\n<meta property=\"article:modified_time\" content=\"2022-03-13T13:07:34+00:00\" \/>\n<meta property=\"og:image\" content=\"https:\/\/www.studiogatto.es\/wp-content\/uploads\/2015\/10\/foto-1.jpg\" \/>\n<meta name=\"author\" content=\"admin\" \/>\n<meta name=\"twitter:card\" content=\"summary_large_image\" \/>\n<meta name=\"twitter:creator\" content=\"@studiogattosl\" \/>\n<meta name=\"twitter:site\" content=\"@studiogattosl\" \/>\n<meta name=\"twitter:label1\" content=\"Escrit per\" \/>\n\t<meta name=\"twitter:data1\" content=\"admin\" \/>\n<script type=\"application\/ld+json\" class=\"yoast-schema-graph\">{\"@context\":\"https:\\\/\\\/schema.org\",\"@graph\":[{\"@type\":\"Article\",\"@id\":\"https:\\\/\\\/www.studiogatto.es\\\/ca\\\/patrocini-programa-especies-protegides-cadena-ser-en-palau-maricel-de-sitges\\\/#article\",\"isPartOf\":{\"@id\":\"https:\\\/\\\/www.studiogatto.es\\\/ca\\\/patrocini-programa-especies-protegides-cadena-ser-en-palau-maricel-de-sitges\\\/\"},\"author\":{\"name\":\"admin\",\"@id\":\"https:\\\/\\\/www.studiogatto.es\\\/ca\\\/#\\\/schema\\\/person\\\/4f471391b1e5fad2f529637583f16c01\"},\"headline\":\"Patrocini programa &#8220;Esp\u00e8cies protegides&#8221; Cadena Ser en Palau Maricel de Sitges\",\"datePublished\":\"2016-01-18T10:12:31+00:00\",\"dateModified\":\"2022-03-13T13:07:34+00:00\",\"mainEntityOfPage\":{\"@id\":\"https:\\\/\\\/www.studiogatto.es\\\/ca\\\/patrocini-programa-especies-protegides-cadena-ser-en-palau-maricel-de-sitges\\\/\"},\"wordCount\":68,\"publisher\":{\"@id\":\"https:\\\/\\\/www.studiogatto.es\\\/ca\\\/#organization\"},\"image\":{\"@id\":\"https:\\\/\\\/www.studiogatto.es\\\/ca\\\/patrocini-programa-especies-protegides-cadena-ser-en-palau-maricel-de-sitges\\\/#primaryimage\"},\"thumbnailUrl\":\"https:\\\/\\\/www.studiogatto.es\\\/wp-content\\\/uploads\\\/2015\\\/10\\\/foto-1.jpg\",\"articleSection\":[\"Actualitat\"],\"inLanguage\":\"ca\"},{\"@type\":\"WebPage\",\"@id\":\"https:\\\/\\\/www.studiogatto.es\\\/ca\\\/patrocini-programa-especies-protegides-cadena-ser-en-palau-maricel-de-sitges\\\/\",\"url\":\"https:\\\/\\\/www.studiogatto.es\\\/ca\\\/patrocini-programa-especies-protegides-cadena-ser-en-palau-maricel-de-sitges\\\/\",\"name\":\"Patrocini programa \\\"Esp\u00e8cies protegides\\\" Cadena Ser en Palau Maricel de Sitges\",\"isPartOf\":{\"@id\":\"https:\\\/\\\/www.studiogatto.es\\\/ca\\\/#website\"},\"primaryImageOfPage\":{\"@id\":\"https:\\\/\\\/www.studiogatto.es\\\/ca\\\/patrocini-programa-especies-protegides-cadena-ser-en-palau-maricel-de-sitges\\\/#primaryimage\"},\"image\":{\"@id\":\"https:\\\/\\\/www.studiogatto.es\\\/ca\\\/patrocini-programa-especies-protegides-cadena-ser-en-palau-maricel-de-sitges\\\/#primaryimage\"},\"thumbnailUrl\":\"https:\\\/\\\/www.studiogatto.es\\\/wp-content\\\/uploads\\\/2015\\\/10\\\/foto-1.jpg\",\"datePublished\":\"2016-01-18T10:12:31+00:00\",\"dateModified\":\"2022-03-13T13:07:34+00:00\",\"breadcrumb\":{\"@id\":\"https:\\\/\\\/www.studiogatto.es\\\/ca\\\/patrocini-programa-especies-protegides-cadena-ser-en-palau-maricel-de-sitges\\\/#breadcrumb\"},\"inLanguage\":\"ca\",\"potentialAction\":[{\"@type\":\"ReadAction\",\"target\":[\"https:\\\/\\\/www.studiogatto.es\\\/ca\\\/patrocini-programa-especies-protegides-cadena-ser-en-palau-maricel-de-sitges\\\/\"]}]},{\"@type\":\"ImageObject\",\"inLanguage\":\"ca\",\"@id\":\"https:\\\/\\\/www.studiogatto.es\\\/ca\\\/patrocini-programa-especies-protegides-cadena-ser-en-palau-maricel-de-sitges\\\/#primaryimage\",\"url\":\"https:\\\/\\\/www.studiogatto.es\\\/wp-content\\\/uploads\\\/2015\\\/10\\\/foto-1.jpg\",\"contentUrl\":\"https:\\\/\\\/www.studiogatto.es\\\/wp-content\\\/uploads\\\/2015\\\/10\\\/foto-1.jpg\"},{\"@type\":\"BreadcrumbList\",\"@id\":\"https:\\\/\\\/www.studiogatto.es\\\/ca\\\/patrocini-programa-especies-protegides-cadena-ser-en-palau-maricel-de-sitges\\\/#breadcrumb\",\"itemListElement\":[{\"@type\":\"ListItem\",\"position\":1,\"name\":\"Portada\",\"item\":\"https:\\\/\\\/www.studiogatto.es\\\/ca\\\/\"},{\"@type\":\"ListItem\",\"position\":2,\"name\":\"Patrocini programa &#8220;Esp\u00e8cies protegides&#8221; Cadena Ser en Palau Maricel de Sitges\"}]},{\"@type\":\"WebSite\",\"@id\":\"https:\\\/\\\/www.studiogatto.es\\\/ca\\\/#website\",\"url\":\"https:\\\/\\\/www.studiogatto.es\\\/ca\\\/\",\"name\":\"Studio Gatto - Cuines i Banys\",\"description\":\"Reformas integrales de Cocinas y ba\u00f1os. Interiorismo. Dise\u00f1o.\",\"publisher\":{\"@id\":\"https:\\\/\\\/www.studiogatto.es\\\/ca\\\/#organization\"},\"potentialAction\":[{\"@type\":\"SearchAction\",\"target\":{\"@type\":\"EntryPoint\",\"urlTemplate\":\"https:\\\/\\\/www.studiogatto.es\\\/ca\\\/?s={search_term_string}\"},\"query-input\":{\"@type\":\"PropertyValueSpecification\",\"valueRequired\":true,\"valueName\":\"search_term_string\"}}],\"inLanguage\":\"ca\"},{\"@type\":\"Organization\",\"@id\":\"https:\\\/\\\/www.studiogatto.es\\\/ca\\\/#organization\",\"name\":\"Studio Gatto\",\"url\":\"https:\\\/\\\/www.studiogatto.es\\\/ca\\\/\",\"logo\":{\"@type\":\"ImageObject\",\"inLanguage\":\"ca\",\"@id\":\"https:\\\/\\\/www.studiogatto.es\\\/ca\\\/#\\\/schema\\\/logo\\\/image\\\/\",\"url\":\"https:\\\/\\\/www.studiogatto.es\\\/wp-content\\\/uploads\\\/Nuevo-logotipo.jpg\",\"contentUrl\":\"https:\\\/\\\/www.studiogatto.es\\\/wp-content\\\/uploads\\\/Nuevo-logotipo.jpg\",\"width\":300,\"height\":167,\"caption\":\"Studio Gatto\"},\"image\":{\"@id\":\"https:\\\/\\\/www.studiogatto.es\\\/ca\\\/#\\\/schema\\\/logo\\\/image\\\/\"},\"sameAs\":[\"https:\\\/\\\/www.facebook.com\\\/studiogattocucine\",\"https:\\\/\\\/x.com\\\/studiogattosl\"]},{\"@type\":\"Person\",\"@id\":\"https:\\\/\\\/www.studiogatto.es\\\/ca\\\/#\\\/schema\\\/person\\\/4f471391b1e5fad2f529637583f16c01\",\"name\":\"admin\"}]}<\/script>\n<!-- \/ Yoast SEO plugin. -->","yoast_head_json":{"title":"Patrocini programa \"Esp\u00e8cies protegides\" Cadena Ser en Palau Maricel de Sitges","robots":{"index":"index","follow":"follow","max-snippet":"max-snippet:-1","max-image-preview":"max-image-preview:large","max-video-preview":"max-video-preview:-1"},"canonical":"https:\/\/www.studiogatto.es\/ca\/patrocini-programa-especies-protegides-cadena-ser-en-palau-maricel-de-sitges\/","og_locale":"ca_ES","og_type":"article","og_title":"Patrocini programa \"Esp\u00e8cies protegides\" Cadena Ser en Palau Maricel de Sitges","og_description":"Studio Gatto S.L va ser una\u00a0de las empreses patrocinadoras del programa de la Cadena Ser &#8220;Esp\u00e8cies protegides&#8221; amb tem\u00e0tica principalment del Festival Internacional de Cinema Fant\u00e0stic de Sitges. El programa va ser en directe en el magn\u00edfic Palau Maricel de Sitges y ho vam passar molt b\u00e9!! escuchar programa &nbsp;","og_url":"https:\/\/www.studiogatto.es\/ca\/patrocini-programa-especies-protegides-cadena-ser-en-palau-maricel-de-sitges\/","og_site_name":"Studio Gatto - Cuines i Banys","article_publisher":"https:\/\/www.facebook.com\/studiogattocucine","article_published_time":"2016-01-18T10:12:31+00:00","article_modified_time":"2022-03-13T13:07:34+00:00","og_image":[{"url":"https:\/\/www.studiogatto.es\/wp-content\/uploads\/2015\/10\/foto-1.jpg","type":"","width":"","height":""}],"author":"admin","twitter_card":"summary_large_image","twitter_creator":"@studiogattosl","twitter_site":"@studiogattosl","twitter_misc":{"Escrit per":"admin"},"schema":{"@context":"https:\/\/schema.org","@graph":[{"@type":"Article","@id":"https:\/\/www.studiogatto.es\/ca\/patrocini-programa-especies-protegides-cadena-ser-en-palau-maricel-de-sitges\/#article","isPartOf":{"@id":"https:\/\/www.studiogatto.es\/ca\/patrocini-programa-especies-protegides-cadena-ser-en-palau-maricel-de-sitges\/"},"author":{"name":"admin","@id":"https:\/\/www.studiogatto.es\/ca\/#\/schema\/person\/4f471391b1e5fad2f529637583f16c01"},"headline":"Patrocini programa &#8220;Esp\u00e8cies protegides&#8221; Cadena Ser en Palau Maricel de Sitges","datePublished":"2016-01-18T10:12:31+00:00","dateModified":"2022-03-13T13:07:34+00:00","mainEntityOfPage":{"@id":"https:\/\/www.studiogatto.es\/ca\/patrocini-programa-especies-protegides-cadena-ser-en-palau-maricel-de-sitges\/"},"wordCount":68,"publisher":{"@id":"https:\/\/www.studiogatto.es\/ca\/#organization"},"image":{"@id":"https:\/\/www.studiogatto.es\/ca\/patrocini-programa-especies-protegides-cadena-ser-en-palau-maricel-de-sitges\/#primaryimage"},"thumbnailUrl":"https:\/\/www.studiogatto.es\/wp-content\/uploads\/2015\/10\/foto-1.jpg","articleSection":["Actualitat"],"inLanguage":"ca"},{"@type":"WebPage","@id":"https:\/\/www.studiogatto.es\/ca\/patrocini-programa-especies-protegides-cadena-ser-en-palau-maricel-de-sitges\/","url":"https:\/\/www.studiogatto.es\/ca\/patrocini-programa-especies-protegides-cadena-ser-en-palau-maricel-de-sitges\/","name":"Patrocini programa \"Esp\u00e8cies protegides\" Cadena Ser en Palau Maricel de Sitges","isPartOf":{"@id":"https:\/\/www.studiogatto.es\/ca\/#website"},"primaryImageOfPage":{"@id":"https:\/\/www.studiogatto.es\/ca\/patrocini-programa-especies-protegides-cadena-ser-en-palau-maricel-de-sitges\/#primaryimage"},"image":{"@id":"https:\/\/www.studiogatto.es\/ca\/patrocini-programa-especies-protegides-cadena-ser-en-palau-maricel-de-sitges\/#primaryimage"},"thumbnailUrl":"https:\/\/www.studiogatto.es\/wp-content\/uploads\/2015\/10\/foto-1.jpg","datePublished":"2016-01-18T10:12:31+00:00","dateModified":"2022-03-13T13:07:34+00:00","breadcrumb":{"@id":"https:\/\/www.studiogatto.es\/ca\/patrocini-programa-especies-protegides-cadena-ser-en-palau-maricel-de-sitges\/#breadcrumb"},"inLanguage":"ca","potentialAction":[{"@type":"ReadAction","target":["https:\/\/www.studiogatto.es\/ca\/patrocini-programa-especies-protegides-cadena-ser-en-palau-maricel-de-sitges\/"]}]},{"@type":"ImageObject","inLanguage":"ca","@id":"https:\/\/www.studiogatto.es\/ca\/patrocini-programa-especies-protegides-cadena-ser-en-palau-maricel-de-sitges\/#primaryimage","url":"https:\/\/www.studiogatto.es\/wp-content\/uploads\/2015\/10\/foto-1.jpg","contentUrl":"https:\/\/www.studiogatto.es\/wp-content\/uploads\/2015\/10\/foto-1.jpg"},{"@type":"BreadcrumbList","@id":"https:\/\/www.studiogatto.es\/ca\/patrocini-programa-especies-protegides-cadena-ser-en-palau-maricel-de-sitges\/#breadcrumb","itemListElement":[{"@type":"ListItem","position":1,"name":"Portada","item":"https:\/\/www.studiogatto.es\/ca\/"},{"@type":"ListItem","position":2,"name":"Patrocini programa &#8220;Esp\u00e8cies protegides&#8221; Cadena Ser en Palau Maricel de Sitges"}]},{"@type":"WebSite","@id":"https:\/\/www.studiogatto.es\/ca\/#website","url":"https:\/\/www.studiogatto.es\/ca\/","name":"Studio Gatto - Cuines i Banys","description":"Reformas integrales de Cocinas y ba\u00f1os. Interiorismo. Dise\u00f1o.","publisher":{"@id":"https:\/\/www.studiogatto.es\/ca\/#organization"},"potentialAction":[{"@type":"SearchAction","target":{"@type":"EntryPoint","urlTemplate":"https:\/\/www.studiogatto.es\/ca\/?s={search_term_string}"},"query-input":{"@type":"PropertyValueSpecification","valueRequired":true,"valueName":"search_term_string"}}],"inLanguage":"ca"},{"@type":"Organization","@id":"https:\/\/www.studiogatto.es\/ca\/#organization","name":"Studio Gatto","url":"https:\/\/www.studiogatto.es\/ca\/","logo":{"@type":"ImageObject","inLanguage":"ca","@id":"https:\/\/www.studiogatto.es\/ca\/#\/schema\/logo\/image\/","url":"https:\/\/www.studiogatto.es\/wp-content\/uploads\/Nuevo-logotipo.jpg","contentUrl":"https:\/\/www.studiogatto.es\/wp-content\/uploads\/Nuevo-logotipo.jpg","width":300,"height":167,"caption":"Studio Gatto"},"image":{"@id":"https:\/\/www.studiogatto.es\/ca\/#\/schema\/logo\/image\/"},"sameAs":["https:\/\/www.facebook.com\/studiogattocucine","https:\/\/x.com\/studiogattosl"]},{"@type":"Person","@id":"https:\/\/www.studiogatto.es\/ca\/#\/schema\/person\/4f471391b1e5fad2f529637583f16c01","name":"admin"}]}},"_links":{"self":[{"href":"https:\/\/www.studiogatto.es\/ca\/wp-json\/wp\/v2\/posts\/5099","targetHints":{"allow":["GET"]}}],"collection":[{"href":"https:\/\/www.studiogatto.es\/ca\/wp-json\/wp\/v2\/posts"}],"about":[{"href":"https:\/\/www.studiogatto.es\/ca\/wp-json\/wp\/v2\/types\/post"}],"author":[{"embeddable":true,"href":"https:\/\/www.studiogatto.es\/ca\/wp-json\/wp\/v2\/users\/1"}],"replies":[{"embeddable":true,"href":"https:\/\/www.studiogatto.es\/ca\/wp-json\/wp\/v2\/comments?post=5099"}],"version-history":[{"count":0,"href":"https:\/\/www.studiogatto.es\/ca\/wp-json\/wp\/v2\/posts\/5099\/revisions"}],"wp:attachment":[{"href":"https:\/\/www.studiogatto.es\/ca\/wp-json\/wp\/v2\/media?parent=5099"}],"wp:term":[{"taxonomy":"category","embeddable":true,"href":"https:\/\/www.studiogatto.es\/ca\/wp-json\/wp\/v2\/categories?post=5099"},{"taxonomy":"post_tag","embeddable":true,"href":"https:\/\/www.studiogatto.es\/ca\/wp-json\/wp\/v2\/tags?post=5099"}],"curies":[{"name":"wp","href":"https:\/\/api.w.org\/{rel}","templated":true}]}}