{"id":37516,"date":"2022-11-15T07:13:30","date_gmt":"2022-11-15T06:13:30","guid":{"rendered":"https:\/\/www.studiogatto.es\/reforma-de-cuina-a-vilanova-i-la-geltru\/"},"modified":"2022-11-15T07:13:31","modified_gmt":"2022-11-15T06:13:31","slug":"reforma-de-cuina-a-vilanova-i-la-geltru","status":"publish","type":"post","link":"https:\/\/www.studiogatto.es\/ca\/reforma-de-cuina-a-vilanova-i-la-geltru\/","title":{"rendered":"Reforma de cuina a Vilanova i la Geltr\u00fa"},"content":{"rendered":"&#13;\n<p>Julia , la propietat, que viu a Vilanova i la Geltr\u00fa va decidir fer una reforma integral de la cuina incloent canvi de rajoles del terra i parets, nous punts de llum i distribuci\u00f3 de la cuina. Col\u00b7locaci\u00f3 de sostre d&#8217;alumini blanc amb encastament de llums quadrats de Led per minimitzar el consum d&#8217;energia.<\/p>&#13;\n&#13;\n<p>La cuina \u00e9s de color crema model UNIVERS blanc trencat en estratificat acabat brillant. El Dekton \u00e9s el color CONCRET. La combinaci\u00f3 de colors d\u00f3na lluminositat.<\/p>&#13;\n&#13;\n<p>El terra \u00e9s un gres imitaci\u00f3 parquet. Col\u00b7locat a l&#8217;amplada de la cuina ja que \u00e9s molt allargada. El color del parquet d\u00f3na calidesa al conjunt.<\/p>&#13;\n&#13;\n<p><strong>Abans de la reforma<\/strong><\/p>&#13;\n&#13;\n<ul class=\"wp-block-gallery columns-3 is-cropped wp-block-gallery-1 is-layout-flex wp-block-gallery-is-layout-flex\"><li class=\"blocks-gallery-item\">&#13;\n<figure><img loading=\"lazy\" decoding=\"async\" width=\"768\" height=\"1024\" class=\"wp-image-11837\" src=\"https:\/\/www.studiogatto.es\/wp-content\/uploads\/\/IMG-20190726-WA0008-768x1024.jpg\" alt=\"\" data-id=\"11837\" data-link=\"https:\/\/www.studiogatto.es\/?attachment_id=11837\" srcset=\"https:\/\/www.studiogatto.es\/wp-content\/uploads\/IMG-20190726-WA0008-768x1024.jpg 768w, https:\/\/www.studiogatto.es\/wp-content\/uploads\/IMG-20190726-WA0008-225x300.jpg 225w, https:\/\/www.studiogatto.es\/wp-content\/uploads\/IMG-20190726-WA0008-1080x1440.jpg 1080w, https:\/\/www.studiogatto.es\/wp-content\/uploads\/IMG-20190726-WA0008.jpg 1200w\" sizes=\"(max-width: 768px) 100vw, 768px\" \/><\/figure><\/li>&#13;\n<li class=\"blocks-gallery-item\">&#13;\n<figure><img loading=\"lazy\" decoding=\"async\" width=\"768\" height=\"1024\" class=\"wp-image-11840\" src=\"https:\/\/www.studiogatto.es\/wp-content\/uploads\/\/IMG-20190726-WA0009-768x1024.jpg\" alt=\"\" data-id=\"11840\" data-link=\"https:\/\/www.studiogatto.es\/?attachment_id=11840\" srcset=\"https:\/\/www.studiogatto.es\/wp-content\/uploads\/IMG-20190726-WA0009-768x1024.jpg 768w, https:\/\/www.studiogatto.es\/wp-content\/uploads\/IMG-20190726-WA0009-225x300.jpg 225w, https:\/\/www.studiogatto.es\/wp-content\/uploads\/IMG-20190726-WA0009-1080x1440.jpg 1080w, https:\/\/www.studiogatto.es\/wp-content\/uploads\/IMG-20190726-WA0009.jpg 1200w\" sizes=\"(max-width: 768px) 100vw, 768px\" \/><\/figure><\/li>&#13;\n<li class=\"blocks-gallery-item\">&#13;\n<figure><img loading=\"lazy\" decoding=\"async\" width=\"768\" height=\"1024\" class=\"wp-image-11843\" src=\"https:\/\/www.studiogatto.es\/wp-content\/uploads\/\/IMG-20190919-WA0143-768x1024.jpg\" alt=\"\" data-id=\"11843\" data-link=\"https:\/\/www.studiogatto.es\/?attachment_id=11843\" srcset=\"https:\/\/www.studiogatto.es\/wp-content\/uploads\/IMG-20190919-WA0143-768x1024.jpg 768w, https:\/\/www.studiogatto.es\/wp-content\/uploads\/IMG-20190919-WA0143-225x300.jpg 225w, https:\/\/www.studiogatto.es\/wp-content\/uploads\/IMG-20190919-WA0143-1080x1440.jpg 1080w, https:\/\/www.studiogatto.es\/wp-content\/uploads\/IMG-20190919-WA0143.jpg 1200w\" sizes=\"(max-width: 768px) 100vw, 768px\" \/><\/figure><\/li>&#13;\n<\/ul>&#13;\n<p><strong>Despr\u00e9s de la reforma<\/strong><\/p>&#13;\n&#13;\n<ul class=\"wp-block-gallery columns-3 is-cropped wp-block-gallery-2 is-layout-flex wp-block-gallery-is-layout-flex\"><li class=\"blocks-gallery-item\">&#13;\n<figure><img loading=\"lazy\" decoding=\"async\" width=\"768\" height=\"1024\" class=\"wp-image-11846\" src=\"https:\/\/www.studiogatto.es\/wp-content\/uploads\/\/IMG-20190616-WA0013-768x1024.jpg\" alt=\"\" data-id=\"11846\" data-link=\"https:\/\/www.studiogatto.es\/?attachment_id=11846\" srcset=\"https:\/\/www.studiogatto.es\/wp-content\/uploads\/IMG-20190616-WA0013-768x1024.jpg 768w, https:\/\/www.studiogatto.es\/wp-content\/uploads\/IMG-20190616-WA0013-225x300.jpg 225w, https:\/\/www.studiogatto.es\/wp-content\/uploads\/IMG-20190616-WA0013-1080x1440.jpg 1080w, https:\/\/www.studiogatto.es\/wp-content\/uploads\/IMG-20190616-WA0013.jpg 1200w\" sizes=\"(max-width: 768px) 100vw, 768px\" \/><\/figure><\/li>&#13;\n<li class=\"blocks-gallery-item\">&#13;\n<figure><img loading=\"lazy\" decoding=\"async\" width=\"768\" height=\"1024\" class=\"wp-image-11855\" src=\"https:\/\/www.studiogatto.es\/wp-content\/uploads\/\/IMG-20190726-WA0003-768x1024.jpg\" alt=\"\" data-id=\"11855\" data-link=\"https:\/\/www.studiogatto.es\/?attachment_id=11855\" srcset=\"https:\/\/www.studiogatto.es\/wp-content\/uploads\/IMG-20190726-WA0003-768x1024.jpg 768w, https:\/\/www.studiogatto.es\/wp-content\/uploads\/IMG-20190726-WA0003-225x300.jpg 225w, https:\/\/www.studiogatto.es\/wp-content\/uploads\/IMG-20190726-WA0003-1080x1440.jpg 1080w, https:\/\/www.studiogatto.es\/wp-content\/uploads\/IMG-20190726-WA0003.jpg 1200w\" sizes=\"(max-width: 768px) 100vw, 768px\" \/><\/figure><\/li>&#13;\n<li class=\"blocks-gallery-item\">&#13;\n<figure><img loading=\"lazy\" decoding=\"async\" width=\"768\" height=\"1024\" class=\"wp-image-11858\" src=\"https:\/\/www.studiogatto.es\/wp-content\/uploads\/\/IMG-20190726-WA0004-768x1024.jpg\" alt=\"\" data-id=\"11858\" data-link=\"https:\/\/www.studiogatto.es\/?attachment_id=11858\" srcset=\"https:\/\/www.studiogatto.es\/wp-content\/uploads\/IMG-20190726-WA0004-768x1024.jpg 768w, https:\/\/www.studiogatto.es\/wp-content\/uploads\/IMG-20190726-WA0004-225x300.jpg 225w, https:\/\/www.studiogatto.es\/wp-content\/uploads\/IMG-20190726-WA0004-1080x1440.jpg 1080w, https:\/\/www.studiogatto.es\/wp-content\/uploads\/IMG-20190726-WA0004.jpg 1200w\" sizes=\"(max-width: 768px) 100vw, 768px\" \/><\/figure><\/li>&#13;\n<li class=\"blocks-gallery-item\">&#13;\n<figure><img loading=\"lazy\" decoding=\"async\" width=\"768\" height=\"1024\" class=\"wp-image-11861\" src=\"https:\/\/www.studiogatto.es\/wp-content\/uploads\/\/IMG-20190726-WA0005-768x1024.jpg\" alt=\"\" data-id=\"11861\" data-link=\"https:\/\/www.studiogatto.es\/?attachment_id=11861\" srcset=\"https:\/\/www.studiogatto.es\/wp-content\/uploads\/IMG-20190726-WA0005-768x1024.jpg 768w, https:\/\/www.studiogatto.es\/wp-content\/uploads\/IMG-20190726-WA0005-225x300.jpg 225w, https:\/\/www.studiogatto.es\/wp-content\/uploads\/IMG-20190726-WA0005-1080x1440.jpg 1080w, https:\/\/www.studiogatto.es\/wp-content\/uploads\/IMG-20190726-WA0005.jpg 1200w\" sizes=\"(max-width: 768px) 100vw, 768px\" \/><\/figure><\/li>&#13;\n<li class=\"blocks-gallery-item\">&#13;\n<figure><img loading=\"lazy\" decoding=\"async\" width=\"768\" height=\"1024\" class=\"wp-image-11864\" src=\"https:\/\/www.studiogatto.es\/wp-content\/uploads\/\/IMG-20190726-WA0006-768x1024.jpg\" alt=\"\" data-id=\"11864\" data-link=\"https:\/\/www.studiogatto.es\/?attachment_id=11864\" srcset=\"https:\/\/www.studiogatto.es\/wp-content\/uploads\/IMG-20190726-WA0006-768x1024.jpg 768w, https:\/\/www.studiogatto.es\/wp-content\/uploads\/IMG-20190726-WA0006-225x300.jpg 225w, https:\/\/www.studiogatto.es\/wp-content\/uploads\/IMG-20190726-WA0006-1080x1440.jpg 1080w, https:\/\/www.studiogatto.es\/wp-content\/uploads\/IMG-20190726-WA0006.jpg 1200w\" sizes=\"(max-width: 768px) 100vw, 768px\" \/><\/figure><\/li>&#13;\n<\/ul>","protected":false},"excerpt":{"rendered":"<p>una reforma integral de la cuina incloent canvi de rajoles del terra i parets, nous punts de llum i distribuci\u00f3 de la cuina<\/p>\n","protected":false},"author":2,"featured_media":11850,"comment_status":"closed","ping_status":"closed","sticky":false,"template":"","format":"standard","meta":{"_et_pb_use_builder":"on","_et_pb_old_content":"","_et_gb_content_width":"","footnotes":""},"categories":[32],"tags":[],"class_list":["post-37516","post","type-post","status-publish","format-standard","has-post-thumbnail","hentry","category-projectes"],"yoast_head":"<!-- This site is optimized with the Yoast SEO plugin v27.5 - https:\/\/yoast.com\/product\/yoast-seo-wordpress\/ -->\n<title>Reforma de cuina a Vilanova i la Geltr\u00fa<\/title>\n<meta name=\"description\" content=\"Una reforma integral de la cuina incloent canvi de rajoles del terra i parets, nous punts de llum i distribuci\u00f3 de la cuina\" \/>\n<meta name=\"robots\" content=\"index, follow, max-snippet:-1, max-image-preview:large, max-video-preview:-1\" \/>\n<link rel=\"canonical\" href=\"https:\/\/www.studiogatto.es\/ca\/reforma-de-cuina-a-vilanova-i-la-geltru\/\" \/>\n<meta property=\"og:locale\" content=\"ca_ES\" \/>\n<meta property=\"og:type\" content=\"article\" \/>\n<meta property=\"og:title\" content=\"Reforma de cuina a Vilanova i la Geltr\u00fa\" \/>\n<meta property=\"og:description\" content=\"Una reforma integral de la cuina incloent canvi de rajoles del terra i parets, nous punts de llum i distribuci\u00f3 de la cuina\" \/>\n<meta property=\"og:url\" content=\"https:\/\/www.studiogatto.es\/ca\/reforma-de-cuina-a-vilanova-i-la-geltru\/\" \/>\n<meta property=\"og:site_name\" content=\"Studio Gatto - Cuines i Banys\" \/>\n<meta property=\"article:publisher\" content=\"https:\/\/www.facebook.com\/studiogattocucine\" \/>\n<meta property=\"article:published_time\" content=\"2022-11-15T06:13:30+00:00\" \/>\n<meta property=\"article:modified_time\" content=\"2022-11-15T06:13:31+00:00\" \/>\n<meta property=\"og:image\" content=\"https:\/\/www.studiogatto.es\/wp-content\/uploads\/IMG-20190616-WA0014.jpg\" \/>\n\t<meta property=\"og:image:width\" content=\"1200\" \/>\n\t<meta property=\"og:image:height\" content=\"1600\" \/>\n\t<meta property=\"og:image:type\" content=\"image\/jpeg\" \/>\n<meta name=\"author\" content=\"soniso-gatto\" \/>\n<meta name=\"twitter:card\" content=\"summary_large_image\" \/>\n<meta name=\"twitter:creator\" content=\"@studiogattosl\" \/>\n<meta name=\"twitter:site\" content=\"@studiogattosl\" \/>\n<meta name=\"twitter:label1\" content=\"Escrit per\" \/>\n\t<meta name=\"twitter:data1\" content=\"soniso-gatto\" \/>\n\t<meta name=\"twitter:label2\" content=\"Temps estimat de lectura\" \/>\n\t<meta name=\"twitter:data2\" content=\"1 minut\" \/>\n<script type=\"application\/ld+json\" class=\"yoast-schema-graph\">{\"@context\":\"https:\\\/\\\/schema.org\",\"@graph\":[{\"@type\":\"Article\",\"@id\":\"https:\\\/\\\/www.studiogatto.es\\\/ca\\\/reforma-de-cuina-a-vilanova-i-la-geltru\\\/#article\",\"isPartOf\":{\"@id\":\"https:\\\/\\\/www.studiogatto.es\\\/ca\\\/reforma-de-cuina-a-vilanova-i-la-geltru\\\/\"},\"author\":{\"name\":\"soniso-gatto\",\"@id\":\"https:\\\/\\\/www.studiogatto.es\\\/ca\\\/#\\\/schema\\\/person\\\/27b057d9eeec105e75921345073c07bb\"},\"headline\":\"Reforma de cuina a Vilanova i la Geltr\u00fa\",\"datePublished\":\"2022-11-15T06:13:30+00:00\",\"dateModified\":\"2022-11-15T06:13:31+00:00\",\"mainEntityOfPage\":{\"@id\":\"https:\\\/\\\/www.studiogatto.es\\\/ca\\\/reforma-de-cuina-a-vilanova-i-la-geltru\\\/\"},\"wordCount\":129,\"publisher\":{\"@id\":\"https:\\\/\\\/www.studiogatto.es\\\/ca\\\/#organization\"},\"image\":{\"@id\":\"https:\\\/\\\/www.studiogatto.es\\\/ca\\\/reforma-de-cuina-a-vilanova-i-la-geltru\\\/#primaryimage\"},\"thumbnailUrl\":\"https:\\\/\\\/www.studiogatto.es\\\/wp-content\\\/uploads\\\/IMG-20190616-WA0014.jpg\",\"articleSection\":[\"Projectes\"],\"inLanguage\":\"ca\"},{\"@type\":\"WebPage\",\"@id\":\"https:\\\/\\\/www.studiogatto.es\\\/ca\\\/reforma-de-cuina-a-vilanova-i-la-geltru\\\/\",\"url\":\"https:\\\/\\\/www.studiogatto.es\\\/ca\\\/reforma-de-cuina-a-vilanova-i-la-geltru\\\/\",\"name\":\"Reforma de cuina a Vilanova i la Geltr\u00fa\",\"isPartOf\":{\"@id\":\"https:\\\/\\\/www.studiogatto.es\\\/ca\\\/#website\"},\"primaryImageOfPage\":{\"@id\":\"https:\\\/\\\/www.studiogatto.es\\\/ca\\\/reforma-de-cuina-a-vilanova-i-la-geltru\\\/#primaryimage\"},\"image\":{\"@id\":\"https:\\\/\\\/www.studiogatto.es\\\/ca\\\/reforma-de-cuina-a-vilanova-i-la-geltru\\\/#primaryimage\"},\"thumbnailUrl\":\"https:\\\/\\\/www.studiogatto.es\\\/wp-content\\\/uploads\\\/IMG-20190616-WA0014.jpg\",\"datePublished\":\"2022-11-15T06:13:30+00:00\",\"dateModified\":\"2022-11-15T06:13:31+00:00\",\"description\":\"Una reforma integral de la cuina incloent canvi de rajoles del terra i parets, nous punts de llum i distribuci\u00f3 de la cuina\",\"breadcrumb\":{\"@id\":\"https:\\\/\\\/www.studiogatto.es\\\/ca\\\/reforma-de-cuina-a-vilanova-i-la-geltru\\\/#breadcrumb\"},\"inLanguage\":\"ca\",\"potentialAction\":[{\"@type\":\"ReadAction\",\"target\":[\"https:\\\/\\\/www.studiogatto.es\\\/ca\\\/reforma-de-cuina-a-vilanova-i-la-geltru\\\/\"]}]},{\"@type\":\"ImageObject\",\"inLanguage\":\"ca\",\"@id\":\"https:\\\/\\\/www.studiogatto.es\\\/ca\\\/reforma-de-cuina-a-vilanova-i-la-geltru\\\/#primaryimage\",\"url\":\"https:\\\/\\\/www.studiogatto.es\\\/wp-content\\\/uploads\\\/IMG-20190616-WA0014.jpg\",\"contentUrl\":\"https:\\\/\\\/www.studiogatto.es\\\/wp-content\\\/uploads\\\/IMG-20190616-WA0014.jpg\",\"width\":1200,\"height\":1600},{\"@type\":\"BreadcrumbList\",\"@id\":\"https:\\\/\\\/www.studiogatto.es\\\/ca\\\/reforma-de-cuina-a-vilanova-i-la-geltru\\\/#breadcrumb\",\"itemListElement\":[{\"@type\":\"ListItem\",\"position\":1,\"name\":\"Portada\",\"item\":\"https:\\\/\\\/www.studiogatto.es\\\/ca\\\/\"},{\"@type\":\"ListItem\",\"position\":2,\"name\":\"Reforma de cuina a Vilanova i la Geltr\u00fa\"}]},{\"@type\":\"WebSite\",\"@id\":\"https:\\\/\\\/www.studiogatto.es\\\/ca\\\/#website\",\"url\":\"https:\\\/\\\/www.studiogatto.es\\\/ca\\\/\",\"name\":\"Studio Gatto - Cuines i Banys\",\"description\":\"Reformas integrales de Cocinas y ba\u00f1os. Interiorismo. Dise\u00f1o.\",\"publisher\":{\"@id\":\"https:\\\/\\\/www.studiogatto.es\\\/ca\\\/#organization\"},\"potentialAction\":[{\"@type\":\"SearchAction\",\"target\":{\"@type\":\"EntryPoint\",\"urlTemplate\":\"https:\\\/\\\/www.studiogatto.es\\\/ca\\\/?s={search_term_string}\"},\"query-input\":{\"@type\":\"PropertyValueSpecification\",\"valueRequired\":true,\"valueName\":\"search_term_string\"}}],\"inLanguage\":\"ca\"},{\"@type\":\"Organization\",\"@id\":\"https:\\\/\\\/www.studiogatto.es\\\/ca\\\/#organization\",\"name\":\"Studio Gatto\",\"url\":\"https:\\\/\\\/www.studiogatto.es\\\/ca\\\/\",\"logo\":{\"@type\":\"ImageObject\",\"inLanguage\":\"ca\",\"@id\":\"https:\\\/\\\/www.studiogatto.es\\\/ca\\\/#\\\/schema\\\/logo\\\/image\\\/\",\"url\":\"https:\\\/\\\/www.studiogatto.es\\\/wp-content\\\/uploads\\\/Nuevo-logotipo.jpg\",\"contentUrl\":\"https:\\\/\\\/www.studiogatto.es\\\/wp-content\\\/uploads\\\/Nuevo-logotipo.jpg\",\"width\":300,\"height\":167,\"caption\":\"Studio Gatto\"},\"image\":{\"@id\":\"https:\\\/\\\/www.studiogatto.es\\\/ca\\\/#\\\/schema\\\/logo\\\/image\\\/\"},\"sameAs\":[\"https:\\\/\\\/www.facebook.com\\\/studiogattocucine\",\"https:\\\/\\\/x.com\\\/studiogattosl\"]},{\"@type\":\"Person\",\"@id\":\"https:\\\/\\\/www.studiogatto.es\\\/ca\\\/#\\\/schema\\\/person\\\/27b057d9eeec105e75921345073c07bb\",\"name\":\"soniso-gatto\"}]}<\/script>\n<!-- \/ Yoast SEO plugin. -->","yoast_head_json":{"title":"Reforma de cuina a Vilanova i la Geltr\u00fa","description":"Una reforma integral de la cuina incloent canvi de rajoles del terra i parets, nous punts de llum i distribuci\u00f3 de la cuina","robots":{"index":"index","follow":"follow","max-snippet":"max-snippet:-1","max-image-preview":"max-image-preview:large","max-video-preview":"max-video-preview:-1"},"canonical":"https:\/\/www.studiogatto.es\/ca\/reforma-de-cuina-a-vilanova-i-la-geltru\/","og_locale":"ca_ES","og_type":"article","og_title":"Reforma de cuina a Vilanova i la Geltr\u00fa","og_description":"Una reforma integral de la cuina incloent canvi de rajoles del terra i parets, nous punts de llum i distribuci\u00f3 de la cuina","og_url":"https:\/\/www.studiogatto.es\/ca\/reforma-de-cuina-a-vilanova-i-la-geltru\/","og_site_name":"Studio Gatto - Cuines i Banys","article_publisher":"https:\/\/www.facebook.com\/studiogattocucine","article_published_time":"2022-11-15T06:13:30+00:00","article_modified_time":"2022-11-15T06:13:31+00:00","og_image":[{"width":1200,"height":1600,"url":"https:\/\/www.studiogatto.es\/wp-content\/uploads\/IMG-20190616-WA0014.jpg","type":"image\/jpeg"}],"author":"soniso-gatto","twitter_card":"summary_large_image","twitter_creator":"@studiogattosl","twitter_site":"@studiogattosl","twitter_misc":{"Escrit per":"soniso-gatto","Temps estimat de lectura":"1 minut"},"schema":{"@context":"https:\/\/schema.org","@graph":[{"@type":"Article","@id":"https:\/\/www.studiogatto.es\/ca\/reforma-de-cuina-a-vilanova-i-la-geltru\/#article","isPartOf":{"@id":"https:\/\/www.studiogatto.es\/ca\/reforma-de-cuina-a-vilanova-i-la-geltru\/"},"author":{"name":"soniso-gatto","@id":"https:\/\/www.studiogatto.es\/ca\/#\/schema\/person\/27b057d9eeec105e75921345073c07bb"},"headline":"Reforma de cuina a Vilanova i la Geltr\u00fa","datePublished":"2022-11-15T06:13:30+00:00","dateModified":"2022-11-15T06:13:31+00:00","mainEntityOfPage":{"@id":"https:\/\/www.studiogatto.es\/ca\/reforma-de-cuina-a-vilanova-i-la-geltru\/"},"wordCount":129,"publisher":{"@id":"https:\/\/www.studiogatto.es\/ca\/#organization"},"image":{"@id":"https:\/\/www.studiogatto.es\/ca\/reforma-de-cuina-a-vilanova-i-la-geltru\/#primaryimage"},"thumbnailUrl":"https:\/\/www.studiogatto.es\/wp-content\/uploads\/IMG-20190616-WA0014.jpg","articleSection":["Projectes"],"inLanguage":"ca"},{"@type":"WebPage","@id":"https:\/\/www.studiogatto.es\/ca\/reforma-de-cuina-a-vilanova-i-la-geltru\/","url":"https:\/\/www.studiogatto.es\/ca\/reforma-de-cuina-a-vilanova-i-la-geltru\/","name":"Reforma de cuina a Vilanova i la Geltr\u00fa","isPartOf":{"@id":"https:\/\/www.studiogatto.es\/ca\/#website"},"primaryImageOfPage":{"@id":"https:\/\/www.studiogatto.es\/ca\/reforma-de-cuina-a-vilanova-i-la-geltru\/#primaryimage"},"image":{"@id":"https:\/\/www.studiogatto.es\/ca\/reforma-de-cuina-a-vilanova-i-la-geltru\/#primaryimage"},"thumbnailUrl":"https:\/\/www.studiogatto.es\/wp-content\/uploads\/IMG-20190616-WA0014.jpg","datePublished":"2022-11-15T06:13:30+00:00","dateModified":"2022-11-15T06:13:31+00:00","description":"Una reforma integral de la cuina incloent canvi de rajoles del terra i parets, nous punts de llum i distribuci\u00f3 de la cuina","breadcrumb":{"@id":"https:\/\/www.studiogatto.es\/ca\/reforma-de-cuina-a-vilanova-i-la-geltru\/#breadcrumb"},"inLanguage":"ca","potentialAction":[{"@type":"ReadAction","target":["https:\/\/www.studiogatto.es\/ca\/reforma-de-cuina-a-vilanova-i-la-geltru\/"]}]},{"@type":"ImageObject","inLanguage":"ca","@id":"https:\/\/www.studiogatto.es\/ca\/reforma-de-cuina-a-vilanova-i-la-geltru\/#primaryimage","url":"https:\/\/www.studiogatto.es\/wp-content\/uploads\/IMG-20190616-WA0014.jpg","contentUrl":"https:\/\/www.studiogatto.es\/wp-content\/uploads\/IMG-20190616-WA0014.jpg","width":1200,"height":1600},{"@type":"BreadcrumbList","@id":"https:\/\/www.studiogatto.es\/ca\/reforma-de-cuina-a-vilanova-i-la-geltru\/#breadcrumb","itemListElement":[{"@type":"ListItem","position":1,"name":"Portada","item":"https:\/\/www.studiogatto.es\/ca\/"},{"@type":"ListItem","position":2,"name":"Reforma de cuina a Vilanova i la Geltr\u00fa"}]},{"@type":"WebSite","@id":"https:\/\/www.studiogatto.es\/ca\/#website","url":"https:\/\/www.studiogatto.es\/ca\/","name":"Studio Gatto - Cuines i Banys","description":"Reformas integrales de Cocinas y ba\u00f1os. Interiorismo. Dise\u00f1o.","publisher":{"@id":"https:\/\/www.studiogatto.es\/ca\/#organization"},"potentialAction":[{"@type":"SearchAction","target":{"@type":"EntryPoint","urlTemplate":"https:\/\/www.studiogatto.es\/ca\/?s={search_term_string}"},"query-input":{"@type":"PropertyValueSpecification","valueRequired":true,"valueName":"search_term_string"}}],"inLanguage":"ca"},{"@type":"Organization","@id":"https:\/\/www.studiogatto.es\/ca\/#organization","name":"Studio Gatto","url":"https:\/\/www.studiogatto.es\/ca\/","logo":{"@type":"ImageObject","inLanguage":"ca","@id":"https:\/\/www.studiogatto.es\/ca\/#\/schema\/logo\/image\/","url":"https:\/\/www.studiogatto.es\/wp-content\/uploads\/Nuevo-logotipo.jpg","contentUrl":"https:\/\/www.studiogatto.es\/wp-content\/uploads\/Nuevo-logotipo.jpg","width":300,"height":167,"caption":"Studio Gatto"},"image":{"@id":"https:\/\/www.studiogatto.es\/ca\/#\/schema\/logo\/image\/"},"sameAs":["https:\/\/www.facebook.com\/studiogattocucine","https:\/\/x.com\/studiogattosl"]},{"@type":"Person","@id":"https:\/\/www.studiogatto.es\/ca\/#\/schema\/person\/27b057d9eeec105e75921345073c07bb","name":"soniso-gatto"}]}},"_links":{"self":[{"href":"https:\/\/www.studiogatto.es\/ca\/wp-json\/wp\/v2\/posts\/37516","targetHints":{"allow":["GET"]}}],"collection":[{"href":"https:\/\/www.studiogatto.es\/ca\/wp-json\/wp\/v2\/posts"}],"about":[{"href":"https:\/\/www.studiogatto.es\/ca\/wp-json\/wp\/v2\/types\/post"}],"author":[{"embeddable":true,"href":"https:\/\/www.studiogatto.es\/ca\/wp-json\/wp\/v2\/users\/2"}],"replies":[{"embeddable":true,"href":"https:\/\/www.studiogatto.es\/ca\/wp-json\/wp\/v2\/comments?post=37516"}],"version-history":[{"count":0,"href":"https:\/\/www.studiogatto.es\/ca\/wp-json\/wp\/v2\/posts\/37516\/revisions"}],"wp:featuredmedia":[{"embeddable":true,"href":"https:\/\/www.studiogatto.es\/ca\/wp-json\/wp\/v2\/media\/11850"}],"wp:attachment":[{"href":"https:\/\/www.studiogatto.es\/ca\/wp-json\/wp\/v2\/media?parent=37516"}],"wp:term":[{"taxonomy":"category","embeddable":true,"href":"https:\/\/www.studiogatto.es\/ca\/wp-json\/wp\/v2\/categories?post=37516"},{"taxonomy":"post_tag","embeddable":true,"href":"https:\/\/www.studiogatto.es\/ca\/wp-json\/wp\/v2\/tags?post=37516"}],"curies":[{"name":"wp","href":"https:\/\/api.w.org\/{rel}","templated":true}]}}