{"id":33119,"date":"2022-06-20T18:48:04","date_gmt":"2022-06-20T16:48:04","guid":{"rendered":"https:\/\/www.studiogatto.es\/projecte-reforma-integral-vilanova-a-casa-de-pili\/"},"modified":"2022-06-22T10:18:08","modified_gmt":"2022-06-22T08:18:08","slug":"projecte-reforma-integral-vilanova-a-casa-de-pili","status":"publish","type":"post","link":"https:\/\/www.studiogatto.es\/ca\/projecte-reforma-integral-vilanova-a-casa-de-pili\/","title":{"rendered":"Projecte reforma integral Vilanova a casa de Pili"},"content":{"rendered":"<p>[et_pb_section fb_built=&#8221;1&#8243; _builder_version=&#8221;4.16&#8243; _module_preset=&#8221;default&#8221; da_disable_devices=&#8221;off|off|off&#8221; locked=&#8221;off&#8221; global_colors_info=&#8221;{}&#8221; da_is_popup=&#8221;off&#8221; da_exit_intent=&#8221;off&#8221; da_has_close=&#8221;on&#8221; da_alt_close=&#8221;off&#8221; da_dark_close=&#8221;off&#8221; da_not_modal=&#8221;on&#8221; da_is_singular=&#8221;off&#8221; da_with_loader=&#8221;off&#8221; da_has_shadow=&#8221;on&#8221;][et_pb_row _builder_version=&#8221;4.16&#8243; _module_preset=&#8221;default&#8221; global_colors_info=&#8221;{}&#8221;][et_pb_column type=&#8221;4_4&#8243; _builder_version=&#8221;4.16&#8243; _module_preset=&#8221;default&#8221; global_colors_info=&#8221;{}&#8221;][et_pb_text _builder_version=&#8221;4.17.4&#8243; _module_preset=&#8221;default&#8221; hover_enabled=&#8221;0&#8243; global_colors_info=&#8221;{}&#8221; custom_padding=&#8221;0px|||||&#8221; sticky_enabled=&#8221;0&#8243;]<\/p>\n<p>Treballs a tot l&#8217;habitatge. S&#8217;ha reformat cuina, bany, paviment general i il\u00b7luminaci\u00f3. Les portes de pas tamb\u00e9 s&#8217;han canviat a lacades blanques per il\u00b7luminar l&#8217;espai en quedar m\u00e9s discretes. A m\u00e9s, s&#8217;ha repintat tot el pis.<\/p>\n<p>Al bany s&#8217;ha canviat paviment i rajoles a les parets. S&#8217;ha retirat la banyera per substituir-la per un plat de dutxa m\u00e9s funcional i que optimitza l&#8217;espai. Les aixetes i els sanitaris s\u00f3n nous. El conjunt de bany tamb\u00e9.<\/p>\n<p>La distribuci\u00f3 de la cuina \u00e9s for\u00e7a semblant a l&#8217;anterior ja que Pili no volia treure envans per a un canvi m\u00e9s radical. Volia guardar la cuina ficada entre parets per\u00f2 que qued\u00e9s oberta al menjador.<\/p>\n<p>Es va canviar sobretot l&#8217;est\u00e8tica del mobiliari i del taulell de cuina a colors molt m\u00e9s clars i amb portes sense tiradors per tal d&#8217;alleugerir l&#8217;espai i donar m\u00e9s llum a l&#8217;espai en quedar ubicat entre parets. Els m\u00f2duls s\u00f3n m\u00e9s efica\u00e7os a nivell demmagatzematge interior.<\/p>\n<p>[\/et_pb_text][\/et_pb_column][\/et_pb_row][et_pb_row _builder_version=&#8221;4.16&#8243; _module_preset=&#8221;default&#8221; global_colors_info=&#8221;{}&#8221;][et_pb_column type=&#8221;4_4&#8243; _builder_version=&#8221;4.16&#8243; _module_preset=&#8221;default&#8221; global_colors_info=&#8221;{}&#8221;][et_pb_gallery gallery_ids=&#8221;32143,32146,32149,32152,32155,32158,32161&#8243; posts_number=&#8221;16&#8243; db_images_per_row=&#8221;2&#8243; db_image_max_width=&#8221;95%&#8221; dbdb_version=&#8221;3.8.9&#8243; show_title_and_caption=&#8221;off&#8221; show_pagination=&#8221;off&#8221; _builder_version=&#8221;4.16&#8243; _module_preset=&#8221;default&#8221; global_colors_info=&#8221;{}&#8221;][\/et_pb_gallery][et_pb_text _builder_version=&#8221;4.17.4&#8243; _module_preset=&#8221;default&#8221; global_colors_info=&#8221;{}&#8221;]<\/p>\n<p>El terra \u00e9s parquet VIN\u00cdLIC de la marca <a href=\"https:\/\/www.studiogatto.es\/pavimentos-arbiton\/\" title=\"Paviments arbiton\">\u00c0RBIT\u00d3<\/a> de color gris clar refer\u00e8ncia LATHI i s&#8217;ha col\u00b7locat a tot el pis igual. \u00c9s un material resistent a la humitat i la calor i de f\u00e0cil neteja.<\/p>\n<p>El mobiliari de la cuina \u00e9s de la marca <a href=\"https:\/\/www.inkococinas.com\/\">INKO<\/a> de color FUMET amb GOLA alumini per obertura sense tirador.<\/p>\n<p>El taulell de cuina \u00e9s <a href=\"https:\/\/www.cosentino.com\/es\/colores\/silestone\/\">SILESTONE<\/a> WHITE STORM de 2 cm de gruix amb el seu aplacat a paret frontal per no posar rajoles. \u00c9s m\u00e9s c\u00f2mode i higi\u00e8nic.<\/p>\n<p> El resultat final \u00e9s net, llumin\u00f3s i molt c\u00f2mode.<\/p>\n<\/p>\n<p>[\/et_pb_text][et_pb_gallery gallery_ids=&#8221;32590,32593,32596,32599,32605,32608,32614,32617,32620,32623,32626,32629,32632&#8243; posts_number=&#8221;16&#8243; db_images_per_row=&#8221;2&#8243; db_image_max_width=&#8221;95%&#8221; dbdb_version=&#8221;3.8.9&#8243; show_title_and_caption=&#8221;off&#8221; show_pagination=&#8221;off&#8221; _builder_version=&#8221;4.16&#8243; _module_preset=&#8221;default&#8221; global_colors_info=&#8221;{}&#8221;][\/et_pb_gallery][\/et_pb_column][\/et_pb_row][\/et_pb_section]<\/p>\n","protected":false},"excerpt":{"rendered":"<p>Treballs a tot l&#8217;habitatge. S&#8217;ha reformat cuina, bany, paviment general i il\u00b7luminaci\u00f3. Les portes de pas tamb\u00e9 s&#8217;han canviat a lacades blanques per il\u00b7luminar l&#8217;espai en quedar m\u00e9s discretes. A m\u00e9s, s&#8217;ha repintat tot el pis. Al bany s&#8217;ha canviat paviment i rajoles a les parets. S&#8217;ha retirat la banyera per substituir-la per un plat [&hellip;]<\/p>\n","protected":false},"author":2,"featured_media":32611,"comment_status":"closed","ping_status":"closed","sticky":false,"template":"","format":"standard","meta":{"_et_pb_use_builder":"on","_et_pb_old_content":"","_et_gb_content_width":"","footnotes":""},"categories":[32],"tags":[],"class_list":["post-33119","post","type-post","status-publish","format-standard","has-post-thumbnail","hentry","category-projectes"],"yoast_head":"<!-- This site is optimized with the Yoast SEO plugin v27.5 - https:\/\/yoast.com\/product\/yoast-seo-wordpress\/ -->\n<title>Projecte reforma integral Vilanova a casa de Pili<\/title>\n<meta name=\"robots\" content=\"index, follow, max-snippet:-1, max-image-preview:large, max-video-preview:-1\" \/>\n<link rel=\"canonical\" href=\"https:\/\/www.studiogatto.es\/ca\/projecte-reforma-integral-vilanova-a-casa-de-pili\/\" \/>\n<meta property=\"og:locale\" content=\"ca_ES\" \/>\n<meta property=\"og:type\" content=\"article\" \/>\n<meta property=\"og:title\" content=\"Projecte reforma integral Vilanova a casa de Pili\" \/>\n<meta property=\"og:description\" content=\"Treballs a tot l&#039;habitatge. S&#039;ha reformat cuina, bany, paviment general i il\u00b7luminaci\u00f3. Les portes de pas tamb\u00e9 s&#039;han canviat a lacades blanques per il\u00b7luminar l&#039;espai en quedar m\u00e9s discretes. A m\u00e9s, s&#039;ha repintat tot el pis. Al bany s&#039;ha canviat paviment i rajoles a les parets. S&#039;ha retirat la banyera per substituir-la per un plat [&hellip;]\" \/>\n<meta property=\"og:url\" content=\"https:\/\/www.studiogatto.es\/ca\/projecte-reforma-integral-vilanova-a-casa-de-pili\/\" \/>\n<meta property=\"og:site_name\" content=\"Studio Gatto - Cuines i Banys\" \/>\n<meta property=\"article:publisher\" content=\"https:\/\/www.facebook.com\/studiogattocucine\" \/>\n<meta property=\"article:published_time\" content=\"2022-06-20T16:48:04+00:00\" \/>\n<meta property=\"article:modified_time\" content=\"2022-06-22T08:18:08+00:00\" \/>\n<meta property=\"og:image\" content=\"https:\/\/www.studiogatto.es\/wp-content\/uploads\/proyecto-pili-after-20150.webp\" \/>\n\t<meta property=\"og:image:width\" content=\"1200\" \/>\n\t<meta property=\"og:image:height\" content=\"901\" \/>\n\t<meta property=\"og:image:type\" content=\"image\/webp\" \/>\n<meta name=\"author\" content=\"soniso-gatto\" \/>\n<meta name=\"twitter:card\" content=\"summary_large_image\" \/>\n<meta name=\"twitter:creator\" content=\"@studiogattosl\" \/>\n<meta name=\"twitter:site\" content=\"@studiogattosl\" \/>\n<meta name=\"twitter:label1\" content=\"Escrit per\" \/>\n\t<meta name=\"twitter:data1\" content=\"soniso-gatto\" \/>\n\t<meta name=\"twitter:label2\" content=\"Temps estimat de lectura\" \/>\n\t<meta name=\"twitter:data2\" content=\"3 minuts\" \/>\n<script type=\"application\/ld+json\" class=\"yoast-schema-graph\">{\"@context\":\"https:\\\/\\\/schema.org\",\"@graph\":[{\"@type\":\"Article\",\"@id\":\"https:\\\/\\\/www.studiogatto.es\\\/ca\\\/projecte-reforma-integral-vilanova-a-casa-de-pili\\\/#article\",\"isPartOf\":{\"@id\":\"https:\\\/\\\/www.studiogatto.es\\\/ca\\\/projecte-reforma-integral-vilanova-a-casa-de-pili\\\/\"},\"author\":{\"name\":\"soniso-gatto\",\"@id\":\"https:\\\/\\\/www.studiogatto.es\\\/ca\\\/#\\\/schema\\\/person\\\/27b057d9eeec105e75921345073c07bb\"},\"headline\":\"Projecte reforma integral Vilanova a casa de Pili\",\"datePublished\":\"2022-06-20T16:48:04+00:00\",\"dateModified\":\"2022-06-22T08:18:08+00:00\",\"mainEntityOfPage\":{\"@id\":\"https:\\\/\\\/www.studiogatto.es\\\/ca\\\/projecte-reforma-integral-vilanova-a-casa-de-pili\\\/\"},\"wordCount\":523,\"publisher\":{\"@id\":\"https:\\\/\\\/www.studiogatto.es\\\/ca\\\/#organization\"},\"image\":{\"@id\":\"https:\\\/\\\/www.studiogatto.es\\\/ca\\\/projecte-reforma-integral-vilanova-a-casa-de-pili\\\/#primaryimage\"},\"thumbnailUrl\":\"https:\\\/\\\/www.studiogatto.es\\\/wp-content\\\/uploads\\\/proyecto-pili-after-20150.webp\",\"articleSection\":[\"Projectes\"],\"inLanguage\":\"ca\"},{\"@type\":\"WebPage\",\"@id\":\"https:\\\/\\\/www.studiogatto.es\\\/ca\\\/projecte-reforma-integral-vilanova-a-casa-de-pili\\\/\",\"url\":\"https:\\\/\\\/www.studiogatto.es\\\/ca\\\/projecte-reforma-integral-vilanova-a-casa-de-pili\\\/\",\"name\":\"Projecte reforma integral Vilanova a casa de Pili\",\"isPartOf\":{\"@id\":\"https:\\\/\\\/www.studiogatto.es\\\/ca\\\/#website\"},\"primaryImageOfPage\":{\"@id\":\"https:\\\/\\\/www.studiogatto.es\\\/ca\\\/projecte-reforma-integral-vilanova-a-casa-de-pili\\\/#primaryimage\"},\"image\":{\"@id\":\"https:\\\/\\\/www.studiogatto.es\\\/ca\\\/projecte-reforma-integral-vilanova-a-casa-de-pili\\\/#primaryimage\"},\"thumbnailUrl\":\"https:\\\/\\\/www.studiogatto.es\\\/wp-content\\\/uploads\\\/proyecto-pili-after-20150.webp\",\"datePublished\":\"2022-06-20T16:48:04+00:00\",\"dateModified\":\"2022-06-22T08:18:08+00:00\",\"breadcrumb\":{\"@id\":\"https:\\\/\\\/www.studiogatto.es\\\/ca\\\/projecte-reforma-integral-vilanova-a-casa-de-pili\\\/#breadcrumb\"},\"inLanguage\":\"ca\",\"potentialAction\":[{\"@type\":\"ReadAction\",\"target\":[\"https:\\\/\\\/www.studiogatto.es\\\/ca\\\/projecte-reforma-integral-vilanova-a-casa-de-pili\\\/\"]}]},{\"@type\":\"ImageObject\",\"inLanguage\":\"ca\",\"@id\":\"https:\\\/\\\/www.studiogatto.es\\\/ca\\\/projecte-reforma-integral-vilanova-a-casa-de-pili\\\/#primaryimage\",\"url\":\"https:\\\/\\\/www.studiogatto.es\\\/wp-content\\\/uploads\\\/proyecto-pili-after-20150.webp\",\"contentUrl\":\"https:\\\/\\\/www.studiogatto.es\\\/wp-content\\\/uploads\\\/proyecto-pili-after-20150.webp\",\"width\":1200,\"height\":901},{\"@type\":\"BreadcrumbList\",\"@id\":\"https:\\\/\\\/www.studiogatto.es\\\/ca\\\/projecte-reforma-integral-vilanova-a-casa-de-pili\\\/#breadcrumb\",\"itemListElement\":[{\"@type\":\"ListItem\",\"position\":1,\"name\":\"Portada\",\"item\":\"https:\\\/\\\/www.studiogatto.es\\\/ca\\\/\"},{\"@type\":\"ListItem\",\"position\":2,\"name\":\"Projecte reforma integral Vilanova a casa de Pili\"}]},{\"@type\":\"WebSite\",\"@id\":\"https:\\\/\\\/www.studiogatto.es\\\/ca\\\/#website\",\"url\":\"https:\\\/\\\/www.studiogatto.es\\\/ca\\\/\",\"name\":\"Studio Gatto - Cuines i Banys\",\"description\":\"Reformas integrales de Cocinas y ba\u00f1os. Interiorismo. Dise\u00f1o.\",\"publisher\":{\"@id\":\"https:\\\/\\\/www.studiogatto.es\\\/ca\\\/#organization\"},\"potentialAction\":[{\"@type\":\"SearchAction\",\"target\":{\"@type\":\"EntryPoint\",\"urlTemplate\":\"https:\\\/\\\/www.studiogatto.es\\\/ca\\\/?s={search_term_string}\"},\"query-input\":{\"@type\":\"PropertyValueSpecification\",\"valueRequired\":true,\"valueName\":\"search_term_string\"}}],\"inLanguage\":\"ca\"},{\"@type\":\"Organization\",\"@id\":\"https:\\\/\\\/www.studiogatto.es\\\/ca\\\/#organization\",\"name\":\"Studio Gatto\",\"url\":\"https:\\\/\\\/www.studiogatto.es\\\/ca\\\/\",\"logo\":{\"@type\":\"ImageObject\",\"inLanguage\":\"ca\",\"@id\":\"https:\\\/\\\/www.studiogatto.es\\\/ca\\\/#\\\/schema\\\/logo\\\/image\\\/\",\"url\":\"https:\\\/\\\/www.studiogatto.es\\\/wp-content\\\/uploads\\\/Nuevo-logotipo.jpg\",\"contentUrl\":\"https:\\\/\\\/www.studiogatto.es\\\/wp-content\\\/uploads\\\/Nuevo-logotipo.jpg\",\"width\":300,\"height\":167,\"caption\":\"Studio Gatto\"},\"image\":{\"@id\":\"https:\\\/\\\/www.studiogatto.es\\\/ca\\\/#\\\/schema\\\/logo\\\/image\\\/\"},\"sameAs\":[\"https:\\\/\\\/www.facebook.com\\\/studiogattocucine\",\"https:\\\/\\\/x.com\\\/studiogattosl\"]},{\"@type\":\"Person\",\"@id\":\"https:\\\/\\\/www.studiogatto.es\\\/ca\\\/#\\\/schema\\\/person\\\/27b057d9eeec105e75921345073c07bb\",\"name\":\"soniso-gatto\"}]}<\/script>\n<!-- \/ Yoast SEO plugin. -->","yoast_head_json":{"title":"Projecte reforma integral Vilanova a casa de Pili","robots":{"index":"index","follow":"follow","max-snippet":"max-snippet:-1","max-image-preview":"max-image-preview:large","max-video-preview":"max-video-preview:-1"},"canonical":"https:\/\/www.studiogatto.es\/ca\/projecte-reforma-integral-vilanova-a-casa-de-pili\/","og_locale":"ca_ES","og_type":"article","og_title":"Projecte reforma integral Vilanova a casa de Pili","og_description":"Treballs a tot l'habitatge. S'ha reformat cuina, bany, paviment general i il\u00b7luminaci\u00f3. Les portes de pas tamb\u00e9 s'han canviat a lacades blanques per il\u00b7luminar l'espai en quedar m\u00e9s discretes. A m\u00e9s, s'ha repintat tot el pis. Al bany s'ha canviat paviment i rajoles a les parets. S'ha retirat la banyera per substituir-la per un plat [&hellip;]","og_url":"https:\/\/www.studiogatto.es\/ca\/projecte-reforma-integral-vilanova-a-casa-de-pili\/","og_site_name":"Studio Gatto - Cuines i Banys","article_publisher":"https:\/\/www.facebook.com\/studiogattocucine","article_published_time":"2022-06-20T16:48:04+00:00","article_modified_time":"2022-06-22T08:18:08+00:00","og_image":[{"width":1200,"height":901,"url":"https:\/\/www.studiogatto.es\/wp-content\/uploads\/proyecto-pili-after-20150.webp","type":"image\/webp"}],"author":"soniso-gatto","twitter_card":"summary_large_image","twitter_creator":"@studiogattosl","twitter_site":"@studiogattosl","twitter_misc":{"Escrit per":"soniso-gatto","Temps estimat de lectura":"3 minuts"},"schema":{"@context":"https:\/\/schema.org","@graph":[{"@type":"Article","@id":"https:\/\/www.studiogatto.es\/ca\/projecte-reforma-integral-vilanova-a-casa-de-pili\/#article","isPartOf":{"@id":"https:\/\/www.studiogatto.es\/ca\/projecte-reforma-integral-vilanova-a-casa-de-pili\/"},"author":{"name":"soniso-gatto","@id":"https:\/\/www.studiogatto.es\/ca\/#\/schema\/person\/27b057d9eeec105e75921345073c07bb"},"headline":"Projecte reforma integral Vilanova a casa de Pili","datePublished":"2022-06-20T16:48:04+00:00","dateModified":"2022-06-22T08:18:08+00:00","mainEntityOfPage":{"@id":"https:\/\/www.studiogatto.es\/ca\/projecte-reforma-integral-vilanova-a-casa-de-pili\/"},"wordCount":523,"publisher":{"@id":"https:\/\/www.studiogatto.es\/ca\/#organization"},"image":{"@id":"https:\/\/www.studiogatto.es\/ca\/projecte-reforma-integral-vilanova-a-casa-de-pili\/#primaryimage"},"thumbnailUrl":"https:\/\/www.studiogatto.es\/wp-content\/uploads\/proyecto-pili-after-20150.webp","articleSection":["Projectes"],"inLanguage":"ca"},{"@type":"WebPage","@id":"https:\/\/www.studiogatto.es\/ca\/projecte-reforma-integral-vilanova-a-casa-de-pili\/","url":"https:\/\/www.studiogatto.es\/ca\/projecte-reforma-integral-vilanova-a-casa-de-pili\/","name":"Projecte reforma integral Vilanova a casa de Pili","isPartOf":{"@id":"https:\/\/www.studiogatto.es\/ca\/#website"},"primaryImageOfPage":{"@id":"https:\/\/www.studiogatto.es\/ca\/projecte-reforma-integral-vilanova-a-casa-de-pili\/#primaryimage"},"image":{"@id":"https:\/\/www.studiogatto.es\/ca\/projecte-reforma-integral-vilanova-a-casa-de-pili\/#primaryimage"},"thumbnailUrl":"https:\/\/www.studiogatto.es\/wp-content\/uploads\/proyecto-pili-after-20150.webp","datePublished":"2022-06-20T16:48:04+00:00","dateModified":"2022-06-22T08:18:08+00:00","breadcrumb":{"@id":"https:\/\/www.studiogatto.es\/ca\/projecte-reforma-integral-vilanova-a-casa-de-pili\/#breadcrumb"},"inLanguage":"ca","potentialAction":[{"@type":"ReadAction","target":["https:\/\/www.studiogatto.es\/ca\/projecte-reforma-integral-vilanova-a-casa-de-pili\/"]}]},{"@type":"ImageObject","inLanguage":"ca","@id":"https:\/\/www.studiogatto.es\/ca\/projecte-reforma-integral-vilanova-a-casa-de-pili\/#primaryimage","url":"https:\/\/www.studiogatto.es\/wp-content\/uploads\/proyecto-pili-after-20150.webp","contentUrl":"https:\/\/www.studiogatto.es\/wp-content\/uploads\/proyecto-pili-after-20150.webp","width":1200,"height":901},{"@type":"BreadcrumbList","@id":"https:\/\/www.studiogatto.es\/ca\/projecte-reforma-integral-vilanova-a-casa-de-pili\/#breadcrumb","itemListElement":[{"@type":"ListItem","position":1,"name":"Portada","item":"https:\/\/www.studiogatto.es\/ca\/"},{"@type":"ListItem","position":2,"name":"Projecte reforma integral Vilanova a casa de Pili"}]},{"@type":"WebSite","@id":"https:\/\/www.studiogatto.es\/ca\/#website","url":"https:\/\/www.studiogatto.es\/ca\/","name":"Studio Gatto - Cuines i Banys","description":"Reformas integrales de Cocinas y ba\u00f1os. Interiorismo. Dise\u00f1o.","publisher":{"@id":"https:\/\/www.studiogatto.es\/ca\/#organization"},"potentialAction":[{"@type":"SearchAction","target":{"@type":"EntryPoint","urlTemplate":"https:\/\/www.studiogatto.es\/ca\/?s={search_term_string}"},"query-input":{"@type":"PropertyValueSpecification","valueRequired":true,"valueName":"search_term_string"}}],"inLanguage":"ca"},{"@type":"Organization","@id":"https:\/\/www.studiogatto.es\/ca\/#organization","name":"Studio Gatto","url":"https:\/\/www.studiogatto.es\/ca\/","logo":{"@type":"ImageObject","inLanguage":"ca","@id":"https:\/\/www.studiogatto.es\/ca\/#\/schema\/logo\/image\/","url":"https:\/\/www.studiogatto.es\/wp-content\/uploads\/Nuevo-logotipo.jpg","contentUrl":"https:\/\/www.studiogatto.es\/wp-content\/uploads\/Nuevo-logotipo.jpg","width":300,"height":167,"caption":"Studio Gatto"},"image":{"@id":"https:\/\/www.studiogatto.es\/ca\/#\/schema\/logo\/image\/"},"sameAs":["https:\/\/www.facebook.com\/studiogattocucine","https:\/\/x.com\/studiogattosl"]},{"@type":"Person","@id":"https:\/\/www.studiogatto.es\/ca\/#\/schema\/person\/27b057d9eeec105e75921345073c07bb","name":"soniso-gatto"}]}},"_links":{"self":[{"href":"https:\/\/www.studiogatto.es\/ca\/wp-json\/wp\/v2\/posts\/33119","targetHints":{"allow":["GET"]}}],"collection":[{"href":"https:\/\/www.studiogatto.es\/ca\/wp-json\/wp\/v2\/posts"}],"about":[{"href":"https:\/\/www.studiogatto.es\/ca\/wp-json\/wp\/v2\/types\/post"}],"author":[{"embeddable":true,"href":"https:\/\/www.studiogatto.es\/ca\/wp-json\/wp\/v2\/users\/2"}],"replies":[{"embeddable":true,"href":"https:\/\/www.studiogatto.es\/ca\/wp-json\/wp\/v2\/comments?post=33119"}],"version-history":[{"count":0,"href":"https:\/\/www.studiogatto.es\/ca\/wp-json\/wp\/v2\/posts\/33119\/revisions"}],"wp:featuredmedia":[{"embeddable":true,"href":"https:\/\/www.studiogatto.es\/ca\/wp-json\/wp\/v2\/media\/32611"}],"wp:attachment":[{"href":"https:\/\/www.studiogatto.es\/ca\/wp-json\/wp\/v2\/media?parent=33119"}],"wp:term":[{"taxonomy":"category","embeddable":true,"href":"https:\/\/www.studiogatto.es\/ca\/wp-json\/wp\/v2\/categories?post=33119"},{"taxonomy":"post_tag","embeddable":true,"href":"https:\/\/www.studiogatto.es\/ca\/wp-json\/wp\/v2\/tags?post=33119"}],"curies":[{"name":"wp","href":"https:\/\/api.w.org\/{rel}","templated":true}]}}