{"id":18461,"date":"2021-05-17T10:54:02","date_gmt":"2021-05-17T08:54:02","guid":{"rendered":"https:\/\/www.studiogatto.es\/?p=18461"},"modified":"2022-01-25T09:20:40","modified_gmt":"2022-01-25T08:20:40","slug":"reforma-completa-duna-cuina-allargada-a-vilanova-i-la-geltru","status":"publish","type":"post","link":"https:\/\/www.studiogatto.es\/ca\/reforma-completa-duna-cuina-allargada-a-vilanova-i-la-geltru\/","title":{"rendered":"Reforma completa d\u00b4una cuina allargada a Vilanova i la Geltr\u00fa"},"content":{"rendered":"<p>[et_pb_section fb_built=&#8221;1&#8243; _builder_version=&#8221;4.8.2&#8243; _module_preset=&#8221;default&#8221;][et_pb_row _builder_version=&#8221;4.8.2&#8243; _module_preset=&#8221;default&#8221;][et_pb_column type=&#8221;4_4&#8243; _builder_version=&#8221;4.8.2&#8243; _module_preset=&#8221;default&#8221;][et_pb_text _builder_version=&#8221;4.8.2&#8243; _module_preset=&#8221;default&#8221;]<\/p>\n<p>Des del principi el somni d&#8217;Irene, la propietaria, era tenir una nevera americana a la seva cuina. Per\u00f2 estava molt preocupada ja que no semblava que tot pogu\u00e9s cabre a la seva cuina.<\/p>\n<p>Calia combinar una zona de safareig ja que la caldera central de calefacci\u00f3 de la casa est\u00e0 ubicada a la cuina aix\u00ed com la necessitat duna zona de neteja i planxat.<\/p>\n<p>Al final, s&#8217;ha aconseguit satisfer totes les peticions d&#8217;Irene i el seu marit.<\/p>\n<p>La decisi\u00f3 va ser repartir la zona de cocci\u00f3 i la zona d&#8217;aig\u00fcera i 2 l\u00ednies una davant de l&#8217;altra.<br \/>D&#8217;aquesta manera es podia repartir millor les diferents zones necess\u00e0ries i col\u00b7locar, EUREKA!, la nevera americana i complir aix\u00ed el somni d&#8217;Irene.<\/p>\n<p>A m\u00e9s, gr\u00e0cies a aquesta distribuci\u00f3 tamb\u00e9 es va poder deixar una zona de barra de fusta per trencar amb la distribuci\u00f3 m\u00e9s tradicional i crear un espai multifuncional i divertit. <br \/>Actualment el fill d&#8217;Irene ja acostuma a fer els deures amb la mare o el pare a la cuina.<\/p>\n<p>En aquesta reforma s&#8217;ha fet canvi de paviment, retirat les rajoles de la paret i revestit de tornada amb aplacat a parets del mateix material del taulell de la cuina general.<\/p>\n<p>Li d\u00f3na un aspecte m\u00e9s lleuger i actual.<\/p>\n<p>La resta de parets vistes s&#8217;han pintat de color pedra suau que acompanya molt b\u00e9 la resta d&#8217;elements a la cuina.<\/p>\n<p>El mobiliari \u00e9s el model MALAGA de HAECKER.<\/p>\n<p>El taulell de la cuina \u00e9s silestone ARIEL.<\/p>\n<p>[\/et_pb_text][\/et_pb_column][\/et_pb_row][et_pb_row column_structure=&#8221;1_2,1_2&#8243; _builder_version=&#8221;4.8.2&#8243; _module_preset=&#8221;default&#8221;][et_pb_column type=&#8221;1_2&#8243; _builder_version=&#8221;4.8.2&#8243; _module_preset=&#8221;default&#8221;][et_pb_ds_before_after_slider before_image=&#8221;https:\/\/www.studiogatto.es\/wp-content\/uploads\/before1.jpeg&#8221; after_image=&#8221;https:\/\/www.studiogatto.es\/wp-content\/uploads\/after1.jpg&#8221; before_label=&#8221;Antes&#8221; after_label=&#8221;Despues&#8221; _builder_version=&#8221;4.8.2&#8243; _module_preset=&#8221;default&#8221;][\/et_pb_ds_before_after_slider][\/et_pb_column][et_pb_column type=&#8221;1_2&#8243; _builder_version=&#8221;4.8.2&#8243; _module_preset=&#8221;default&#8221;][et_pb_ds_before_after_slider before_image=&#8221;https:\/\/www.studiogatto.es\/wp-content\/uploads\/before2.jpeg&#8221; after_image=&#8221;https:\/\/www.studiogatto.es\/wp-content\/uploads\/after2.jpg&#8221; before_label=&#8221;Antes&#8221; after_label=&#8221;Despues&#8221; _builder_version=&#8221;4.8.2&#8243; _module_preset=&#8221;default&#8221;][\/et_pb_ds_before_after_slider][\/et_pb_column][\/et_pb_row][et_pb_row _builder_version=&#8221;4.8.2&#8243; _module_preset=&#8221;default&#8221;][et_pb_column type=&#8221;4_4&#8243; _builder_version=&#8221;4.8.2&#8243; _module_preset=&#8221;default&#8221;][et_pb_text _builder_version=&#8221;4.8.2&#8243; _module_preset=&#8221;default&#8221; hover_enabled=&#8221;0&#8243; sticky_enabled=&#8221;0&#8243;]<\/p>\n\n\t\t<style type=\"text\/css\">\n\t\t\t#gallery-1 {\n\t\t\t\tmargin: auto;\n\t\t\t}\n\t\t\t#gallery-1 .gallery-item {\n\t\t\t\tfloat: left;\n\t\t\t\tmargin-top: 10px;\n\t\t\t\ttext-align: center;\n\t\t\t\twidth: 50%;\n\t\t\t}\n\t\t\t#gallery-1 img {\n\t\t\t\tborder: 2px solid #cfcfcf;\n\t\t\t}\n\t\t\t#gallery-1 .gallery-caption {\n\t\t\t\tmargin-left: 0;\n\t\t\t}\n\t\t\t\/* see gallery_shortcode() in wp-includes\/media.php *\/\n\t\t<\/style>\n\t\t<div id='gallery-1' class='gallery galleryid-18461 gallery-columns-2 gallery-size-full'><dl class='gallery-item'>\n\t\t\t<dt class='gallery-icon portrait'>\n\t\t\t\t<a href='https:\/\/www.studiogatto.es\/ca\/reforma-completa-duna-cuina-allargada-a-vilanova-i-la-geltru\/c-3-scaled-2\/'><img loading=\"lazy\" decoding=\"async\" width=\"2162\" height=\"2880\" src=\"https:\/\/www.studiogatto.es\/wp-content\/uploads\/c-3-scaled-1.jpg\" class=\"attachment-full size-full\" alt=\"\" srcset=\"https:\/\/www.studiogatto.es\/wp-content\/uploads\/c-3-scaled-1.jpg 2162w, https:\/\/www.studiogatto.es\/wp-content\/uploads\/c-3-scaled-1-1280x1705.jpg 1280w, https:\/\/www.studiogatto.es\/wp-content\/uploads\/c-3-scaled-1-980x1305.jpg 980w, https:\/\/www.studiogatto.es\/wp-content\/uploads\/c-3-scaled-1-480x639.jpg 480w\" sizes=\"(min-width: 0px) and (max-width: 480px) 480px, (min-width: 481px) and (max-width: 980px) 980px, (min-width: 981px) and (max-width: 1280px) 1280px, (min-width: 1281px) 2162px, 100vw\" \/><\/a>\n\t\t\t<\/dt><\/dl><dl class='gallery-item'>\n\t\t\t<dt class='gallery-icon portrait'>\n\t\t\t\t<a href='https:\/\/www.studiogatto.es\/ca\/reforma-completa-duna-cuina-allargada-a-vilanova-i-la-geltru\/d-3-2-2\/'><img loading=\"lazy\" decoding=\"async\" width=\"768\" height=\"1024\" src=\"https:\/\/www.studiogatto.es\/wp-content\/uploads\/d-3-1.jpg\" class=\"attachment-full size-full\" alt=\"\" srcset=\"https:\/\/www.studiogatto.es\/wp-content\/uploads\/d-3-1.jpg 768w, https:\/\/www.studiogatto.es\/wp-content\/uploads\/d-3-1-480x640.jpg 480w\" sizes=\"(min-width: 0px) and (max-width: 480px) 480px, (min-width: 481px) 768px, 100vw\" \/><\/a>\n\t\t\t<\/dt><\/dl><br style=\"clear: both\" \/><dl class='gallery-item'>\n\t\t\t<dt class='gallery-icon portrait'>\n\t\t\t\t<a href='https:\/\/www.studiogatto.es\/ca\/reforma-completa-duna-cuina-allargada-a-vilanova-i-la-geltru\/e-3-2-2\/'><img loading=\"lazy\" decoding=\"async\" width=\"768\" height=\"1024\" src=\"https:\/\/www.studiogatto.es\/wp-content\/uploads\/e-3-1.jpg\" class=\"attachment-full size-full\" alt=\"\" srcset=\"https:\/\/www.studiogatto.es\/wp-content\/uploads\/e-3-1.jpg 768w, https:\/\/www.studiogatto.es\/wp-content\/uploads\/e-3-1-480x640.jpg 480w\" sizes=\"(min-width: 0px) and (max-width: 480px) 480px, (min-width: 481px) 768px, 100vw\" \/><\/a>\n\t\t\t<\/dt><\/dl><dl class='gallery-item'>\n\t\t\t<dt class='gallery-icon portrait'>\n\t\t\t\t<a href='https:\/\/www.studiogatto.es\/ca\/reforma-completa-duna-cuina-allargada-a-vilanova-i-la-geltru\/ff-2\/'><img loading=\"lazy\" decoding=\"async\" width=\"2162\" height=\"2880\" src=\"https:\/\/www.studiogatto.es\/wp-content\/uploads\/ff.jpg\" class=\"attachment-full size-full\" alt=\"\" srcset=\"https:\/\/www.studiogatto.es\/wp-content\/uploads\/ff.jpg 2162w, https:\/\/www.studiogatto.es\/wp-content\/uploads\/ff-1280x1705.jpg 1280w, https:\/\/www.studiogatto.es\/wp-content\/uploads\/ff-980x1305.jpg 980w, https:\/\/www.studiogatto.es\/wp-content\/uploads\/ff-480x639.jpg 480w\" sizes=\"(min-width: 0px) and (max-width: 480px) 480px, (min-width: 481px) and (max-width: 980px) 980px, (min-width: 981px) and (max-width: 1280px) 1280px, (min-width: 1281px) 2162px, 100vw\" \/><\/a>\n\t\t\t<\/dt><\/dl><br style=\"clear: both\" \/>\n\t\t<\/div>\n\n<p>[\/et_pb_text][\/et_pb_column][\/et_pb_row][\/et_pb_section]<\/p>\n","protected":false},"excerpt":{"rendered":"<p>Des del principi el somni d&#8217;Irene, la propietaria, era tenir una nevera americana a la seva cuina. Per\u00f2 estava molt preocupada ja que no semblava que tot pogu\u00e9s cabre a la seva cuina.Calia combinar una zona de safareig ja que la caldera central de calefacci\u00f3 de la casa est\u00e0 ubicada a la cuina aix\u00ed com [&hellip;]<\/p>\n","protected":false},"author":2,"featured_media":19594,"comment_status":"closed","ping_status":"closed","sticky":false,"template":"","format":"standard","meta":{"_et_pb_use_builder":"on","_et_pb_old_content":"<!-- wp:columns -->\r\n<div class=\"wp-block-columns\"><!-- wp:column -->\r\n<div class=\"wp-block-column\"><!-- wp:paragraph -->\r\n<p>Des del principi el somni d'Irene, la proprietaria, era el de tenir una nevera americana a la cuina. Per\u00f2 estava molt preocupada ja que no semblava que TDO pogu\u00e9s cabre a la cuina.<\/p>\r\n<!-- \/wp:paragraph -->\r\n\r\n<!-- wp:paragraph -->\r\n<p>Calia combinar una zona de safareig ja que la caldera central de calefacci\u00f3 de la casa est\u00e0 situada a la cuina aix\u00ed com la necessitat d'una zona de neteja i planxa.<\/p>\r\n<!-- \/wp:paragraph -->\r\n\r\n<!-- wp:paragraph -->\r\n<p>A la fin s'ha aconseguit satisfer totes les peticions d'Irene i el seu marit.<\/p>\r\n<!-- \/wp:paragraph -->\r\n\r\n<!-- wp:paragraph -->\r\n<p>La decisi\u00f3 va ser repartir la zona de cocci\u00f3 i la zona d'aig\u00fcera i 2 l\u00ednies una enfront de l'altra.<br>D'aquesta manera es podia repartir millor les diferents zones necess\u00e0ries i col\u00b7locar, EUREKA !, la nevera americana i complir aix\u00ed el somni d'Irene.<\/p>\r\n<!-- \/wp:paragraph -->\r\n\r\n<!-- wp:paragraph -->\r\n<p>A m\u00e9s gr\u00e0cies a aquesta distribuci\u00f3 tamb\u00e9 es va poder deixar una zona de barra de fusta per trencar amb la distribuci\u00f3 m\u00e9s tradicional i crear un espai multifuncional i divertit.<br>Actualment el fill d'Irene ja acostuma a fer els deures amb la seva mare o el seu pare a la cuina.<\/p>\r\n<!-- \/wp:paragraph -->\r\n\r\n<!-- wp:paragraph -->\r\n<p>En aquesta reforma s'ha fet canvi de paviment, retirat les rajoles de la paret i revestit de tornada amb aplacat en parets de el mateix material del taulell de la cuina general.<\/p>\r\n<!-- \/wp:paragraph -->\r\n\r\n<!-- wp:paragraph -->\r\n<p>Li d\u00f3na un aspecte m\u00e9s lleuger i actual.<\/p>\r\n<!-- \/wp:paragraph -->\r\n\r\n<!-- wp:paragraph -->\r\n<p>La resta de parets vistes s i ha pintat de color pedra suau que acompanya molt b\u00e9 la resta d'elements a la cuina.<\/p>\r\n<!-- \/wp:paragraph -->\r\n\r\n<!-- wp:paragraph -->\r\n<p>El mobiliari \u00e9s el model MALAGA de Haecker.<\/p>\r\n<!-- \/wp:paragraph -->\r\n\r\n<!-- wp:paragraph -->\r\n<p>El taulell de la cuina \u00e9s silestone ARIEL.<\/p>\r\n<!-- \/wp:paragraph -->\r\n\r\n<!-- wp:paragraph -->\r\n<p>Abans:<\/p>\r\n<!-- \/wp:paragraph -->\r\n\r\n<!-- wp:columns -->\r\n<div class=\"wp-block-columns\"><!-- wp:column -->\r\n<div class=\"wp-block-column\"><!-- wp:image {\"id\":17494,\"sizeSlug\":\"large\",\"linkDestination\":\"none\"} -->\r\n<figure class=\"wp-block-image size-large\"><img src=\"https:\/\/www.studiogatto.es\/wp-content\/uploads\/\/reforma-completa-de-una-cocina-alargada-en-vilanova-i-la-geltru-6-768x1024.jpeg\" alt=\"\" class=\"wp-image-17494\"\/><\/figure>\r\n<!-- \/wp:image --><\/div>\r\n<!-- \/wp:column -->\r\n\r\n<!-- wp:column -->\r\n<div class=\"wp-block-column\"><!-- wp:image {\"id\":17491,\"sizeSlug\":\"large\",\"linkDestination\":\"none\"} -->\r\n<figure class=\"wp-block-image size-large\"><img src=\"https:\/\/www.studiogatto.es\/wp-content\/uploads\/\/reforma-completa-de-una-cocina-alargada-en-vilanova-i-la-geltru-5-768x1024.jpeg\" alt=\"\" class=\"wp-image-17491\"\/><\/figure>\r\n<!-- \/wp:image --><\/div>\r\n<!-- \/wp:column -->\r\n\r\n<!-- wp:column -->\r\n<div class=\"wp-block-column\"><!-- wp:image {\"id\":17488,\"sizeSlug\":\"large\",\"linkDestination\":\"none\"} -->\r\n<figure class=\"wp-block-image size-large\"><img src=\"https:\/\/www.studiogatto.es\/wp-content\/uploads\/\/reforma-completa-de-una-cocina-alargada-en-vilanova-i-la-geltru-4-768x1024.jpeg\" alt=\"\" class=\"wp-image-17488\"\/><\/figure>\r\n<!-- \/wp:image --><\/div>\r\n<!-- \/wp:column --><\/div>\r\n<!-- \/wp:columns -->\r\n\r\n<!-- wp:columns -->\r\n<div class=\"wp-block-columns\"><!-- wp:column -->\r\n<div class=\"wp-block-column\"><!-- wp:image {\"id\":17485,\"sizeSlug\":\"large\",\"linkDestination\":\"none\"} -->\r\n<figure class=\"wp-block-image size-large\"><img src=\"https:\/\/www.studiogatto.es\/wp-content\/uploads\/\/reforma-completa-de-una-cocina-alargada-en-vilanova-i-la-geltru-3-1-768x1024.jpeg\" alt=\"\" class=\"wp-image-17485\"\/><\/figure>\r\n<!-- \/wp:image --><\/div>\r\n<!-- \/wp:column -->\r\n\r\n<!-- wp:column -->\r\n<div class=\"wp-block-column\"><!-- wp:image -->\r\n<figure class=\"wp-block-image\"><img alt=\"\"\/><\/figure>\r\n<!-- \/wp:image --><\/div>\r\n<!-- \/wp:column -->\r\n\r\n<!-- wp:column -->\r\n<div class=\"wp-block-column\"><\/div>\r\n<!-- \/wp:column --><\/div>\r\n<!-- \/wp:columns -->\r\n\r\n<!-- wp:paragraph -->\r\n<p>Reforma:<\/p>\r\n<!-- \/wp:paragraph -->\r\n\r\n<!-- wp:columns -->\r\n<div class=\"wp-block-columns\"><!-- wp:column -->\r\n<div class=\"wp-block-column\"><!-- wp:image {\"id\":17500,\"sizeSlug\":\"large\",\"linkDestination\":\"none\"} -->\r\n<figure class=\"wp-block-image size-large\"><img src=\"https:\/\/www.studiogatto.es\/wp-content\/uploads\/\/reforma-completa-de-una-cocina-alargada-en-vilanova-i-la-geltru-1103-WA0026-768x1024.jpg\" alt=\"\" class=\"wp-image-17500\"\/><\/figure>\r\n<!-- \/wp:image --><\/div>\r\n<!-- \/wp:column -->\r\n\r\n<!-- wp:column -->\r\n<div class=\"wp-block-column\"><!-- wp:image {\"id\":17521,\"sizeSlug\":\"large\",\"linkDestination\":\"none\"} -->\r\n<figure class=\"wp-block-image size-large\"><img src=\"https:\/\/www.studiogatto.es\/wp-content\/uploads\/\/reforma-completa-de-una-cocina-alargada-en-vilanova-i-la-geltru-WA0015-768x1024.jpg\" alt=\"\" class=\"wp-image-17521\"\/><\/figure>\r\n<!-- \/wp:image --><\/div>\r\n<!-- \/wp:column -->\r\n\r\n<!-- wp:column -->\r\n<div class=\"wp-block-column\"><!-- wp:image {\"id\":17524,\"sizeSlug\":\"large\",\"linkDestination\":\"none\"} -->\r\n<figure class=\"wp-block-image size-large\"><img src=\"https:\/\/www.studiogatto.es\/wp-content\/uploads\/\/reforma-completa-de-una-cocina-alargada-en-vilanova-i-la-geltru-WA0030-768x1024.jpg\" alt=\"\" class=\"wp-image-17524\"\/><\/figure>\r\n<!-- \/wp:image --><\/div>\r\n<!-- \/wp:column --><\/div>\r\n<!-- \/wp:columns -->\r\n\r\n<!-- wp:paragraph -->\r\n<p>Despr\u00e9s:<\/p>\r\n<!-- \/wp:paragraph --><\/div>\r\n<!-- \/wp:column --><\/div>\r\n<!-- \/wp:columns -->\r\n\r\n<!-- wp:columns -->\r\n<div class=\"wp-block-columns\"><!-- wp:column {\"width\":\"100%\"} -->\r\n<div class=\"wp-block-column\" style=\"flex-basis:100%\"><!-- wp:columns -->\r\n<div class=\"wp-block-columns\"><!-- wp:column -->\r\n<div class=\"wp-block-column\"><!-- wp:gallery {\"ids\":[17481,17529,17532,17505,17508,17511,17514,17517],\"columns\":3,\"linkTo\":\"file\"} -->\r\n<figure class=\"wp-block-gallery columns-3 is-cropped\"><ul class=\"blocks-gallery-grid\"><li class=\"blocks-gallery-item\"><figure><a href=\"https:\/\/www.studiogatto.es\/wp-content\/uploads\/\/reforma-completa-de-una-cocina-alargada-en-vilanova-i-la-geltru-2-1024x768.jpg\"><img src=\"https:\/\/www.studiogatto.es\/wp-content\/uploads\/\/reforma-completa-de-una-cocina-alargada-en-vilanova-i-la-geltru-2-1024x768.jpg\" alt=\"\" data-id=\"17481\" data-full-url=\"https:\/\/www.studiogatto.es\/wp-content\/uploads\/reforma-completa-de-una-cocina-alargada-en-vilanova-i-la-geltru-2.jpg\" data-link=\"https:\/\/www.studiogatto.es\/new-test\/reforma-completa-de-una-cocina-alargada-en-vilanova-i-la-geltru-2\/\" class=\"wp-image-17481\"\/><\/a><\/figure><\/li><li class=\"blocks-gallery-item\"><figure><a href=\"https:\/\/www.studiogatto.es\/wp-content\/uploads\/\/reforma-completa-de-una-coc-756x1024.jpg\"><img src=\"https:\/\/www.studiogatto.es\/wp-content\/uploads\/\/reforma-completa-de-una-coc-756x1024.jpg\" alt=\"\" data-id=\"17529\" data-full-url=\"https:\/\/www.studiogatto.es\/wp-content\/uploads\/reforma-completa-de-una-coc.jpg\" data-link=\"https:\/\/www.studiogatto.es\/reforma-completa-de-una-cocina-alargada-en-vilanova-i-la-geltru\/reforma-completa-de-una-coc\/\" class=\"wp-image-17529\"\/><\/a><\/figure><\/li><li class=\"blocks-gallery-item\"><figure><a href=\"https:\/\/www.studiogatto.es\/wp-content\/uploads\/\/reforma-completa-de-una-coc-1-764x1024.jpg\"><img src=\"https:\/\/www.studiogatto.es\/wp-content\/uploads\/\/reforma-completa-de-una-coc-1-764x1024.jpg\" alt=\"\" data-id=\"17532\" data-full-url=\"https:\/\/www.studiogatto.es\/wp-content\/uploads\/reforma-completa-de-una-coc-1.jpg\" data-link=\"https:\/\/www.studiogatto.es\/reforma-completa-de-una-cocina-alargada-en-vilanova-i-la-geltru\/reforma-completa-de-una-coc-1\/\" class=\"wp-image-17532\"\/><\/a><\/figure><\/li><li class=\"blocks-gallery-item\"><figure><a href=\"https:\/\/www.studiogatto.es\/wp-content\/uploads\/reforma-completa-de-una-cocina-alargada-en-vilanova-i-la-geltru-1216-WA0007.jpg\"><img src=\"https:\/\/www.studiogatto.es\/wp-content\/uploads\/reforma-completa-de-una-cocina-alargada-en-vilanova-i-la-geltru-1216-WA0007.jpg\" alt=\"\" data-id=\"17505\" data-full-url=\"https:\/\/www.studiogatto.es\/wp-content\/uploads\/reforma-completa-de-una-cocina-alargada-en-vilanova-i-la-geltru-1216-WA0007.jpg\" data-link=\"https:\/\/www.studiogatto.es\/new-test\/reforma-completa-de-una-cocina-alargada-en-vilanova-i-la-geltru-1216-wa0007\/\" class=\"wp-image-17505\"\/><\/a><\/figure><\/li><li class=\"blocks-gallery-item\"><figure><a href=\"https:\/\/www.studiogatto.es\/wp-content\/uploads\/reforma-completa-de-una-cocina-alargada-en-vilanova-i-la-geltru-1216-WA0013.jpg\"><img src=\"https:\/\/www.studiogatto.es\/wp-content\/uploads\/reforma-completa-de-una-cocina-alargada-en-vilanova-i-la-geltru-1216-WA0013.jpg\" alt=\"\" data-id=\"17508\" data-full-url=\"https:\/\/www.studiogatto.es\/wp-content\/uploads\/reforma-completa-de-una-cocina-alargada-en-vilanova-i-la-geltru-1216-WA0013.jpg\" data-link=\"https:\/\/www.studiogatto.es\/new-test\/reforma-completa-de-una-cocina-alargada-en-vilanova-i-la-geltru-1216-wa0013\/\" class=\"wp-image-17508\"\/><\/a><\/figure><\/li><li class=\"blocks-gallery-item\"><figure><a href=\"https:\/\/www.studiogatto.es\/wp-content\/uploads\/reforma-completa-de-una-cocina-alargada-en-vilanova-i-la-geltru-1216-WA0017.jpg\"><img src=\"https:\/\/www.studiogatto.es\/wp-content\/uploads\/reforma-completa-de-una-cocina-alargada-en-vilanova-i-la-geltru-1216-WA0017.jpg\" alt=\"\" data-id=\"17511\" data-full-url=\"https:\/\/www.studiogatto.es\/wp-content\/uploads\/reforma-completa-de-una-cocina-alargada-en-vilanova-i-la-geltru-1216-WA0017.jpg\" data-link=\"https:\/\/www.studiogatto.es\/new-test\/reforma-completa-de-una-cocina-alargada-en-vilanova-i-la-geltru-1216-wa0017\/\" class=\"wp-image-17511\"\/><\/a><\/figure><\/li><li class=\"blocks-gallery-item\"><figure><a href=\"https:\/\/www.studiogatto.es\/wp-content\/uploads\/reforma-completa-de-una-cocina-alargada-en-vilanova-i-la-geltru-1216-WA0024.jpg\"><img src=\"https:\/\/www.studiogatto.es\/wp-content\/uploads\/reforma-completa-de-una-cocina-alargada-en-vilanova-i-la-geltru-1216-WA0024.jpg\" alt=\"\" data-id=\"17514\" data-full-url=\"https:\/\/www.studiogatto.es\/wp-content\/uploads\/reforma-completa-de-una-cocina-alargada-en-vilanova-i-la-geltru-1216-WA0024.jpg\" data-link=\"https:\/\/www.studiogatto.es\/new-test\/reforma-completa-de-una-cocina-alargada-en-vilanova-i-la-geltru-1216-wa0024\/\" class=\"wp-image-17514\"\/><\/a><\/figure><\/li><li class=\"blocks-gallery-item\"><figure><a href=\"https:\/\/www.studiogatto.es\/wp-content\/uploads\/reforma-completa-de-una-cocina-alargada-en-vilanova-i-la-geltru-1216-WA0025.jpg\"><img src=\"https:\/\/www.studiogatto.es\/wp-content\/uploads\/reforma-completa-de-una-cocina-alargada-en-vilanova-i-la-geltru-1216-WA0025.jpg\" alt=\"\" data-id=\"17517\" data-full-url=\"https:\/\/www.studiogatto.es\/wp-content\/uploads\/reforma-completa-de-una-cocina-alargada-en-vilanova-i-la-geltru-1216-WA0025.jpg\" data-link=\"https:\/\/www.studiogatto.es\/new-test\/reforma-completa-de-una-cocina-alargada-en-vilanova-i-la-geltru-1216-wa0025\/\" class=\"wp-image-17517\"\/><\/a><\/figure><\/li><\/ul><\/figure>\r\n<!-- \/wp:gallery --><\/div>\r\n<!-- \/wp:column --><\/div>\r\n<!-- \/wp:columns --><\/div>\r\n<!-- \/wp:column --><\/div>\r\n<!-- \/wp:columns -->","_et_gb_content_width":"","footnotes":""},"categories":[32],"tags":[],"class_list":["post-18461","post","type-post","status-publish","format-standard","has-post-thumbnail","hentry","category-projectes"],"yoast_head":"<!-- This site is optimized with the Yoast SEO plugin v27.5 - https:\/\/yoast.com\/product\/yoast-seo-wordpress\/ -->\n<title>Reforma completa d\u00b4una cuina allargada a Vilanova i la Geltr\u00fa<\/title>\n<meta name=\"robots\" content=\"index, follow, max-snippet:-1, max-image-preview:large, max-video-preview:-1\" \/>\n<link rel=\"canonical\" href=\"https:\/\/www.studiogatto.es\/ca\/reforma-completa-duna-cuina-allargada-a-vilanova-i-la-geltru\/\" \/>\n<meta property=\"og:locale\" content=\"ca_ES\" \/>\n<meta property=\"og:type\" content=\"article\" \/>\n<meta property=\"og:title\" content=\"Reforma completa d\u00b4una cuina allargada a Vilanova i la Geltr\u00fa\" \/>\n<meta property=\"og:description\" content=\"Des del principi el somni d&#039;Irene, la propietaria, era tenir una nevera americana a la seva cuina. Per\u00f2 estava molt preocupada ja que no semblava que tot pogu\u00e9s cabre a la seva cuina.Calia combinar una zona de safareig ja que la caldera central de calefacci\u00f3 de la casa est\u00e0 ubicada a la cuina aix\u00ed com [&hellip;]\" \/>\n<meta property=\"og:url\" content=\"https:\/\/www.studiogatto.es\/ca\/reforma-completa-duna-cuina-allargada-a-vilanova-i-la-geltru\/\" \/>\n<meta property=\"og:site_name\" content=\"Studio Gatto - Cuines i Banys\" \/>\n<meta property=\"article:publisher\" content=\"https:\/\/www.facebook.com\/studiogattocucine\" \/>\n<meta property=\"article:published_time\" content=\"2021-05-17T08:54:02+00:00\" \/>\n<meta property=\"article:modified_time\" content=\"2022-01-25T08:20:40+00:00\" \/>\n<meta property=\"og:image\" content=\"https:\/\/www.studiogatto.es\/wp-content\/uploads\/1-11.jpg\" \/>\n\t<meta property=\"og:image:width\" content=\"764\" \/>\n\t<meta property=\"og:image:height\" content=\"430\" \/>\n\t<meta property=\"og:image:type\" content=\"image\/jpeg\" \/>\n<meta name=\"author\" content=\"soniso-gatto\" \/>\n<meta name=\"twitter:card\" content=\"summary_large_image\" \/>\n<meta name=\"twitter:creator\" content=\"@studiogattosl\" \/>\n<meta name=\"twitter:site\" content=\"@studiogattosl\" \/>\n<meta name=\"twitter:label1\" content=\"Escrit per\" \/>\n\t<meta name=\"twitter:data1\" content=\"soniso-gatto\" \/>\n\t<meta name=\"twitter:label2\" content=\"Temps estimat de lectura\" \/>\n\t<meta name=\"twitter:data2\" content=\"2 minuts\" \/>\n<script type=\"application\/ld+json\" class=\"yoast-schema-graph\">{\"@context\":\"https:\\\/\\\/schema.org\",\"@graph\":[{\"@type\":\"Article\",\"@id\":\"https:\\\/\\\/www.studiogatto.es\\\/ca\\\/reforma-completa-duna-cuina-allargada-a-vilanova-i-la-geltru\\\/#article\",\"isPartOf\":{\"@id\":\"https:\\\/\\\/www.studiogatto.es\\\/ca\\\/reforma-completa-duna-cuina-allargada-a-vilanova-i-la-geltru\\\/\"},\"author\":{\"name\":\"soniso-gatto\",\"@id\":\"https:\\\/\\\/www.studiogatto.es\\\/ca\\\/#\\\/schema\\\/person\\\/27b057d9eeec105e75921345073c07bb\"},\"headline\":\"Reforma completa d\u00b4una cuina allargada a Vilanova i la Geltr\u00fa\",\"datePublished\":\"2021-05-17T08:54:02+00:00\",\"dateModified\":\"2022-01-25T08:20:40+00:00\",\"mainEntityOfPage\":{\"@id\":\"https:\\\/\\\/www.studiogatto.es\\\/ca\\\/reforma-completa-duna-cuina-allargada-a-vilanova-i-la-geltru\\\/\"},\"wordCount\":489,\"publisher\":{\"@id\":\"https:\\\/\\\/www.studiogatto.es\\\/ca\\\/#organization\"},\"image\":{\"@id\":\"https:\\\/\\\/www.studiogatto.es\\\/ca\\\/reforma-completa-duna-cuina-allargada-a-vilanova-i-la-geltru\\\/#primaryimage\"},\"thumbnailUrl\":\"https:\\\/\\\/www.studiogatto.es\\\/wp-content\\\/uploads\\\/1-11.jpg\",\"articleSection\":[\"Projectes\"],\"inLanguage\":\"ca\"},{\"@type\":\"WebPage\",\"@id\":\"https:\\\/\\\/www.studiogatto.es\\\/ca\\\/reforma-completa-duna-cuina-allargada-a-vilanova-i-la-geltru\\\/\",\"url\":\"https:\\\/\\\/www.studiogatto.es\\\/ca\\\/reforma-completa-duna-cuina-allargada-a-vilanova-i-la-geltru\\\/\",\"name\":\"Reforma completa d\u00b4una cuina allargada a Vilanova i la Geltr\u00fa\",\"isPartOf\":{\"@id\":\"https:\\\/\\\/www.studiogatto.es\\\/ca\\\/#website\"},\"primaryImageOfPage\":{\"@id\":\"https:\\\/\\\/www.studiogatto.es\\\/ca\\\/reforma-completa-duna-cuina-allargada-a-vilanova-i-la-geltru\\\/#primaryimage\"},\"image\":{\"@id\":\"https:\\\/\\\/www.studiogatto.es\\\/ca\\\/reforma-completa-duna-cuina-allargada-a-vilanova-i-la-geltru\\\/#primaryimage\"},\"thumbnailUrl\":\"https:\\\/\\\/www.studiogatto.es\\\/wp-content\\\/uploads\\\/1-11.jpg\",\"datePublished\":\"2021-05-17T08:54:02+00:00\",\"dateModified\":\"2022-01-25T08:20:40+00:00\",\"breadcrumb\":{\"@id\":\"https:\\\/\\\/www.studiogatto.es\\\/ca\\\/reforma-completa-duna-cuina-allargada-a-vilanova-i-la-geltru\\\/#breadcrumb\"},\"inLanguage\":\"ca\",\"potentialAction\":[{\"@type\":\"ReadAction\",\"target\":[\"https:\\\/\\\/www.studiogatto.es\\\/ca\\\/reforma-completa-duna-cuina-allargada-a-vilanova-i-la-geltru\\\/\"]}]},{\"@type\":\"ImageObject\",\"inLanguage\":\"ca\",\"@id\":\"https:\\\/\\\/www.studiogatto.es\\\/ca\\\/reforma-completa-duna-cuina-allargada-a-vilanova-i-la-geltru\\\/#primaryimage\",\"url\":\"https:\\\/\\\/www.studiogatto.es\\\/wp-content\\\/uploads\\\/1-11.jpg\",\"contentUrl\":\"https:\\\/\\\/www.studiogatto.es\\\/wp-content\\\/uploads\\\/1-11.jpg\",\"width\":764,\"height\":430},{\"@type\":\"BreadcrumbList\",\"@id\":\"https:\\\/\\\/www.studiogatto.es\\\/ca\\\/reforma-completa-duna-cuina-allargada-a-vilanova-i-la-geltru\\\/#breadcrumb\",\"itemListElement\":[{\"@type\":\"ListItem\",\"position\":1,\"name\":\"Portada\",\"item\":\"https:\\\/\\\/www.studiogatto.es\\\/ca\\\/\"},{\"@type\":\"ListItem\",\"position\":2,\"name\":\"Reforma completa d\u00b4una cuina allargada a Vilanova i la Geltr\u00fa\"}]},{\"@type\":\"WebSite\",\"@id\":\"https:\\\/\\\/www.studiogatto.es\\\/ca\\\/#website\",\"url\":\"https:\\\/\\\/www.studiogatto.es\\\/ca\\\/\",\"name\":\"Studio Gatto - Cuines i Banys\",\"description\":\"Reformas integrales de Cocinas y ba\u00f1os. Interiorismo. Dise\u00f1o.\",\"publisher\":{\"@id\":\"https:\\\/\\\/www.studiogatto.es\\\/ca\\\/#organization\"},\"potentialAction\":[{\"@type\":\"SearchAction\",\"target\":{\"@type\":\"EntryPoint\",\"urlTemplate\":\"https:\\\/\\\/www.studiogatto.es\\\/ca\\\/?s={search_term_string}\"},\"query-input\":{\"@type\":\"PropertyValueSpecification\",\"valueRequired\":true,\"valueName\":\"search_term_string\"}}],\"inLanguage\":\"ca\"},{\"@type\":\"Organization\",\"@id\":\"https:\\\/\\\/www.studiogatto.es\\\/ca\\\/#organization\",\"name\":\"Studio Gatto\",\"url\":\"https:\\\/\\\/www.studiogatto.es\\\/ca\\\/\",\"logo\":{\"@type\":\"ImageObject\",\"inLanguage\":\"ca\",\"@id\":\"https:\\\/\\\/www.studiogatto.es\\\/ca\\\/#\\\/schema\\\/logo\\\/image\\\/\",\"url\":\"https:\\\/\\\/www.studiogatto.es\\\/wp-content\\\/uploads\\\/Nuevo-logotipo.jpg\",\"contentUrl\":\"https:\\\/\\\/www.studiogatto.es\\\/wp-content\\\/uploads\\\/Nuevo-logotipo.jpg\",\"width\":300,\"height\":167,\"caption\":\"Studio Gatto\"},\"image\":{\"@id\":\"https:\\\/\\\/www.studiogatto.es\\\/ca\\\/#\\\/schema\\\/logo\\\/image\\\/\"},\"sameAs\":[\"https:\\\/\\\/www.facebook.com\\\/studiogattocucine\",\"https:\\\/\\\/x.com\\\/studiogattosl\"]},{\"@type\":\"Person\",\"@id\":\"https:\\\/\\\/www.studiogatto.es\\\/ca\\\/#\\\/schema\\\/person\\\/27b057d9eeec105e75921345073c07bb\",\"name\":\"soniso-gatto\"}]}<\/script>\n<!-- \/ Yoast SEO plugin. -->","yoast_head_json":{"title":"Reforma completa d\u00b4una cuina allargada a Vilanova i la Geltr\u00fa","robots":{"index":"index","follow":"follow","max-snippet":"max-snippet:-1","max-image-preview":"max-image-preview:large","max-video-preview":"max-video-preview:-1"},"canonical":"https:\/\/www.studiogatto.es\/ca\/reforma-completa-duna-cuina-allargada-a-vilanova-i-la-geltru\/","og_locale":"ca_ES","og_type":"article","og_title":"Reforma completa d\u00b4una cuina allargada a Vilanova i la Geltr\u00fa","og_description":"Des del principi el somni d'Irene, la propietaria, era tenir una nevera americana a la seva cuina. Per\u00f2 estava molt preocupada ja que no semblava que tot pogu\u00e9s cabre a la seva cuina.Calia combinar una zona de safareig ja que la caldera central de calefacci\u00f3 de la casa est\u00e0 ubicada a la cuina aix\u00ed com [&hellip;]","og_url":"https:\/\/www.studiogatto.es\/ca\/reforma-completa-duna-cuina-allargada-a-vilanova-i-la-geltru\/","og_site_name":"Studio Gatto - Cuines i Banys","article_publisher":"https:\/\/www.facebook.com\/studiogattocucine","article_published_time":"2021-05-17T08:54:02+00:00","article_modified_time":"2022-01-25T08:20:40+00:00","og_image":[{"width":764,"height":430,"url":"https:\/\/www.studiogatto.es\/wp-content\/uploads\/1-11.jpg","type":"image\/jpeg"}],"author":"soniso-gatto","twitter_card":"summary_large_image","twitter_creator":"@studiogattosl","twitter_site":"@studiogattosl","twitter_misc":{"Escrit per":"soniso-gatto","Temps estimat de lectura":"2 minuts"},"schema":{"@context":"https:\/\/schema.org","@graph":[{"@type":"Article","@id":"https:\/\/www.studiogatto.es\/ca\/reforma-completa-duna-cuina-allargada-a-vilanova-i-la-geltru\/#article","isPartOf":{"@id":"https:\/\/www.studiogatto.es\/ca\/reforma-completa-duna-cuina-allargada-a-vilanova-i-la-geltru\/"},"author":{"name":"soniso-gatto","@id":"https:\/\/www.studiogatto.es\/ca\/#\/schema\/person\/27b057d9eeec105e75921345073c07bb"},"headline":"Reforma completa d\u00b4una cuina allargada a Vilanova i la Geltr\u00fa","datePublished":"2021-05-17T08:54:02+00:00","dateModified":"2022-01-25T08:20:40+00:00","mainEntityOfPage":{"@id":"https:\/\/www.studiogatto.es\/ca\/reforma-completa-duna-cuina-allargada-a-vilanova-i-la-geltru\/"},"wordCount":489,"publisher":{"@id":"https:\/\/www.studiogatto.es\/ca\/#organization"},"image":{"@id":"https:\/\/www.studiogatto.es\/ca\/reforma-completa-duna-cuina-allargada-a-vilanova-i-la-geltru\/#primaryimage"},"thumbnailUrl":"https:\/\/www.studiogatto.es\/wp-content\/uploads\/1-11.jpg","articleSection":["Projectes"],"inLanguage":"ca"},{"@type":"WebPage","@id":"https:\/\/www.studiogatto.es\/ca\/reforma-completa-duna-cuina-allargada-a-vilanova-i-la-geltru\/","url":"https:\/\/www.studiogatto.es\/ca\/reforma-completa-duna-cuina-allargada-a-vilanova-i-la-geltru\/","name":"Reforma completa d\u00b4una cuina allargada a Vilanova i la Geltr\u00fa","isPartOf":{"@id":"https:\/\/www.studiogatto.es\/ca\/#website"},"primaryImageOfPage":{"@id":"https:\/\/www.studiogatto.es\/ca\/reforma-completa-duna-cuina-allargada-a-vilanova-i-la-geltru\/#primaryimage"},"image":{"@id":"https:\/\/www.studiogatto.es\/ca\/reforma-completa-duna-cuina-allargada-a-vilanova-i-la-geltru\/#primaryimage"},"thumbnailUrl":"https:\/\/www.studiogatto.es\/wp-content\/uploads\/1-11.jpg","datePublished":"2021-05-17T08:54:02+00:00","dateModified":"2022-01-25T08:20:40+00:00","breadcrumb":{"@id":"https:\/\/www.studiogatto.es\/ca\/reforma-completa-duna-cuina-allargada-a-vilanova-i-la-geltru\/#breadcrumb"},"inLanguage":"ca","potentialAction":[{"@type":"ReadAction","target":["https:\/\/www.studiogatto.es\/ca\/reforma-completa-duna-cuina-allargada-a-vilanova-i-la-geltru\/"]}]},{"@type":"ImageObject","inLanguage":"ca","@id":"https:\/\/www.studiogatto.es\/ca\/reforma-completa-duna-cuina-allargada-a-vilanova-i-la-geltru\/#primaryimage","url":"https:\/\/www.studiogatto.es\/wp-content\/uploads\/1-11.jpg","contentUrl":"https:\/\/www.studiogatto.es\/wp-content\/uploads\/1-11.jpg","width":764,"height":430},{"@type":"BreadcrumbList","@id":"https:\/\/www.studiogatto.es\/ca\/reforma-completa-duna-cuina-allargada-a-vilanova-i-la-geltru\/#breadcrumb","itemListElement":[{"@type":"ListItem","position":1,"name":"Portada","item":"https:\/\/www.studiogatto.es\/ca\/"},{"@type":"ListItem","position":2,"name":"Reforma completa d\u00b4una cuina allargada a Vilanova i la Geltr\u00fa"}]},{"@type":"WebSite","@id":"https:\/\/www.studiogatto.es\/ca\/#website","url":"https:\/\/www.studiogatto.es\/ca\/","name":"Studio Gatto - Cuines i Banys","description":"Reformas integrales de Cocinas y ba\u00f1os. Interiorismo. Dise\u00f1o.","publisher":{"@id":"https:\/\/www.studiogatto.es\/ca\/#organization"},"potentialAction":[{"@type":"SearchAction","target":{"@type":"EntryPoint","urlTemplate":"https:\/\/www.studiogatto.es\/ca\/?s={search_term_string}"},"query-input":{"@type":"PropertyValueSpecification","valueRequired":true,"valueName":"search_term_string"}}],"inLanguage":"ca"},{"@type":"Organization","@id":"https:\/\/www.studiogatto.es\/ca\/#organization","name":"Studio Gatto","url":"https:\/\/www.studiogatto.es\/ca\/","logo":{"@type":"ImageObject","inLanguage":"ca","@id":"https:\/\/www.studiogatto.es\/ca\/#\/schema\/logo\/image\/","url":"https:\/\/www.studiogatto.es\/wp-content\/uploads\/Nuevo-logotipo.jpg","contentUrl":"https:\/\/www.studiogatto.es\/wp-content\/uploads\/Nuevo-logotipo.jpg","width":300,"height":167,"caption":"Studio Gatto"},"image":{"@id":"https:\/\/www.studiogatto.es\/ca\/#\/schema\/logo\/image\/"},"sameAs":["https:\/\/www.facebook.com\/studiogattocucine","https:\/\/x.com\/studiogattosl"]},{"@type":"Person","@id":"https:\/\/www.studiogatto.es\/ca\/#\/schema\/person\/27b057d9eeec105e75921345073c07bb","name":"soniso-gatto"}]}},"_links":{"self":[{"href":"https:\/\/www.studiogatto.es\/ca\/wp-json\/wp\/v2\/posts\/18461","targetHints":{"allow":["GET"]}}],"collection":[{"href":"https:\/\/www.studiogatto.es\/ca\/wp-json\/wp\/v2\/posts"}],"about":[{"href":"https:\/\/www.studiogatto.es\/ca\/wp-json\/wp\/v2\/types\/post"}],"author":[{"embeddable":true,"href":"https:\/\/www.studiogatto.es\/ca\/wp-json\/wp\/v2\/users\/2"}],"replies":[{"embeddable":true,"href":"https:\/\/www.studiogatto.es\/ca\/wp-json\/wp\/v2\/comments?post=18461"}],"version-history":[{"count":0,"href":"https:\/\/www.studiogatto.es\/ca\/wp-json\/wp\/v2\/posts\/18461\/revisions"}],"wp:featuredmedia":[{"embeddable":true,"href":"https:\/\/www.studiogatto.es\/ca\/wp-json\/wp\/v2\/media\/19594"}],"wp:attachment":[{"href":"https:\/\/www.studiogatto.es\/ca\/wp-json\/wp\/v2\/media?parent=18461"}],"wp:term":[{"taxonomy":"category","embeddable":true,"href":"https:\/\/www.studiogatto.es\/ca\/wp-json\/wp\/v2\/categories?post=18461"},{"taxonomy":"post_tag","embeddable":true,"href":"https:\/\/www.studiogatto.es\/ca\/wp-json\/wp\/v2\/tags?post=18461"}],"curies":[{"name":"wp","href":"https:\/\/api.w.org\/{rel}","templated":true}]}}