{"id":18433,"date":"2021-05-17T09:56:42","date_gmt":"2021-05-17T07:56:42","guid":{"rendered":"https:\/\/www.studiogatto.es\/?p=18433"},"modified":"2022-01-25T09:50:27","modified_gmt":"2022-01-25T08:50:27","slug":"projecte-reforma-completa-a-vilanova-i-la-geltru","status":"publish","type":"post","link":"https:\/\/www.studiogatto.es\/ca\/projecte-reforma-completa-a-vilanova-i-la-geltru\/","title":{"rendered":"Projecte reforma completa a Vilanova i la Geltr\u00fa"},"content":{"rendered":"<p>[et_pb_section fb_built=&#8221;1&#8243; _builder_version=&#8221;3.22&#8243;][et_pb_row _builder_version=&#8221;3.25&#8243; background_size=&#8221;initial&#8221; background_position=&#8221;top_left&#8221; background_repeat=&#8221;repeat&#8221;][et_pb_column type=&#8221;4_4&#8243; _builder_version=&#8221;3.25&#8243; custom_padding=&#8221;|||&#8221; custom_padding__hover=&#8221;|||&#8221;][et_pb_text _builder_version=&#8221;4.8.2&#8243; background_size=&#8221;initial&#8221; background_position=&#8221;top_left&#8221; background_repeat=&#8221;repeat&#8221;]<\/p>\n<p>\n\n<h3 class=\"wp-block-heading\" id=\"h-proyecto-reforma-completa-en-vgn\">PROJECTE reforma completa a VGN<\/h3>\n<p><\/p><\/p>\n<p>\n<\/p>\n<div class=\"wp-block-columns is-layout-flex wp-container-core-columns-is-layout-9d6595d7 wp-block-columns-is-layout-flex\">\n<p><\/p>\n<div class=\"wp-block-column is-layout-flow wp-block-column-is-layout-flow\">\n<p><strong>VILANOVA I LA GELTR\u00da<\/strong><br\/>Se trata de una reforma general de la cocina y el ba\u00f1o.\n<p>A la cuina, l&#8217;objectiu era treure&#8217;n el m\u00e0xim rendiment a la distribuci\u00f3 de la cuina per maximitzar zones d&#8217;emmagatzematge i ampliar el pla de treball.<\/p>\n<p>La propietat, Sonia, va triar una porta d&#8217;acabat mat blanc sense tirador per donar m\u00e9s sensaci\u00f3 de lleugeresa i modernitat. El mobiliari \u00e9s de la marca INKO acabat Gourmet Chantilly i el taulell \u00e9s el model Boh\u00e8me de la marca <a href=\"https:\/\/www.neolith.com\/\">Neolith<\/a> , un porcel\u00e0nic de llauna resist\u00e8ncia a la calor i al ratllat.<\/p>\n<p>El bany est\u00e0 completament reformat. Rajoles parets i paviment. El mobiliari de la marca <a href=\"https:\/\/www.royogroup.com\/\">Royo<\/a> de color weng\u00e9.<\/p>\n<p>\u00a0<\/p>\n<\/p>\n<\/div>\n<p><\/p>\n<\/div>\n<p><\/p>\n<\/div>\n<p><!-- \/wp:post-content --><\/p>\n<\/div>\n<p><!-- \/wp:columns --><\/p>\n<p>[\/et_pb_text][\/et_pb_column][\/et_pb_row][et_pb_row _builder_version=&#8221;3.25&#8243; background_size=&#8221;initial&#8221; background_position=&#8221;top_left&#8221; background_repeat=&#8221;repeat&#8221;][et_pb_column type=&#8221;4_4&#8243; _builder_version=&#8221;3.25&#8243; custom_padding=&#8221;|||&#8221; custom_padding__hover=&#8221;|||&#8221;][et_pb_text _builder_version=&#8221;4.8.2&#8243; background_size=&#8221;initial&#8221; background_position=&#8221;top_left&#8221; background_repeat=&#8221;repeat&#8221;]<\/p>\n<h2>La cuina abans despr\u00e9s de la reforma<\/h2>\n\n\t\t<style type=\"text\/css\">\n\t\t\t#gallery-1 {\n\t\t\t\tmargin: auto;\n\t\t\t}\n\t\t\t#gallery-1 .gallery-item {\n\t\t\t\tfloat: left;\n\t\t\t\tmargin-top: 10px;\n\t\t\t\ttext-align: center;\n\t\t\t\twidth: 33%;\n\t\t\t}\n\t\t\t#gallery-1 img {\n\t\t\t\tborder: 2px solid #cfcfcf;\n\t\t\t}\n\t\t\t#gallery-1 .gallery-caption {\n\t\t\t\tmargin-left: 0;\n\t\t\t}\n\t\t\t\/* see gallery_shortcode() in wp-includes\/media.php *\/\n\t\t<\/style>\n\t\t<div id='gallery-1' class='gallery galleryid-18433 gallery-columns-3 gallery-size-full'><dl class='gallery-item'>\n\t\t\t<dt class='gallery-icon portrait'>\n\t\t\t\t<a href='https:\/\/www.studiogatto.es\/ca\/projecte-reforma-completa-a-vilanova-i-la-geltru\/cr2-1-2\/'><img loading=\"lazy\" decoding=\"async\" width=\"618\" height=\"942\" src=\"https:\/\/www.studiogatto.es\/wp-content\/uploads\/cr2-1.jpg\" class=\"attachment-full size-full\" alt=\"\" srcset=\"https:\/\/www.studiogatto.es\/wp-content\/uploads\/cr2-1.jpg 618w, https:\/\/www.studiogatto.es\/wp-content\/uploads\/cr2-1-480x732.jpg 480w\" sizes=\"(min-width: 0px) and (max-width: 480px) 480px, (min-width: 481px) 618px, 100vw\" \/><\/a>\n\t\t\t<\/dt><\/dl><dl class='gallery-item'>\n\t\t\t<dt class='gallery-icon portrait'>\n\t\t\t\t<a href='https:\/\/www.studiogatto.es\/ca\/projecte-reforma-completa-a-vilanova-i-la-geltru\/cr2-2-2\/'><img loading=\"lazy\" decoding=\"async\" width=\"618\" height=\"942\" src=\"https:\/\/www.studiogatto.es\/wp-content\/uploads\/cr2-2.jpg\" class=\"attachment-full size-full\" alt=\"\" srcset=\"https:\/\/www.studiogatto.es\/wp-content\/uploads\/cr2-2.jpg 618w, https:\/\/www.studiogatto.es\/wp-content\/uploads\/cr2-2-480x732.jpg 480w\" sizes=\"(min-width: 0px) and (max-width: 480px) 480px, (min-width: 481px) 618px, 100vw\" \/><\/a>\n\t\t\t<\/dt><\/dl><dl class='gallery-item'>\n\t\t\t<dt class='gallery-icon portrait'>\n\t\t\t\t<a href='https:\/\/www.studiogatto.es\/ca\/projecte-reforma-completa-a-vilanova-i-la-geltru\/cr2-3-2\/'><img loading=\"lazy\" decoding=\"async\" width=\"618\" height=\"942\" src=\"https:\/\/www.studiogatto.es\/wp-content\/uploads\/cr2-3.jpg\" class=\"attachment-full size-full\" alt=\"\" srcset=\"https:\/\/www.studiogatto.es\/wp-content\/uploads\/cr2-3.jpg 618w, https:\/\/www.studiogatto.es\/wp-content\/uploads\/cr2-3-480x732.jpg 480w\" sizes=\"(min-width: 0px) and (max-width: 480px) 480px, (min-width: 481px) 618px, 100vw\" \/><\/a>\n\t\t\t<\/dt><\/dl><br style=\"clear: both\" \/>\n\t\t<\/div>\n\n<p>&nbsp;<\/p>\n<p>[\/et_pb_text][\/et_pb_column][\/et_pb_row][et_pb_row column_structure=&#8221;1_2,1_2&#8243; _builder_version=&#8221;3.25&#8243; background_size=&#8221;initial&#8221; background_position=&#8221;top_left&#8221; background_repeat=&#8221;repeat&#8221;][et_pb_column type=&#8221;1_2&#8243; _builder_version=&#8221;3.25&#8243; custom_padding=&#8221;|||&#8221; custom_padding__hover=&#8221;|||&#8221;][et_pb_ds_before_after_slider before_image=&#8221;https:\/\/www.studiogatto.es\/wp-content\/uploads\/f2-1.jpg&#8221; after_image=&#8221;https:\/\/www.studiogatto.es\/wp-content\/uploads\/f1-1.jpg&#8221; before_label=&#8221;Antes&#8221; after_label=&#8221;Despues&#8221; _builder_version=&#8221;4.8.2&#8243; _module_preset=&#8221;default&#8221;][\/et_pb_ds_before_after_slider][\/et_pb_column][et_pb_column type=&#8221;1_2&#8243; _builder_version=&#8221;3.25&#8243; custom_padding=&#8221;|||&#8221; custom_padding__hover=&#8221;|||&#8221;][\/et_pb_column][\/et_pb_row][et_pb_row _builder_version=&#8221;4.8.2&#8243; background_size=&#8221;initial&#8221; background_position=&#8221;top_left&#8221; background_repeat=&#8221;repeat&#8221; custom_margin=&#8221;||0px||false|false&#8221; custom_padding=&#8221;||0px||false|false&#8221;][et_pb_column type=&#8221;4_4&#8243; _builder_version=&#8221;3.25&#8243; custom_padding=&#8221;|||&#8221; custom_padding__hover=&#8221;|||&#8221;][et_pb_text _builder_version=&#8221;4.8.2&#8243; background_size=&#8221;initial&#8221; background_position=&#8221;top_left&#8221; background_repeat=&#8221;repeat&#8221;]<\/p>\n<h2>El bany abans i despr\u00e9s de la reforma<\/h2>\n<p>[\/et_pb_text][\/et_pb_column][\/et_pb_row][et_pb_row column_structure=&#8221;1_2,1_2&#8243; _builder_version=&#8221;4.8.2&#8243; background_size=&#8221;initial&#8221; background_position=&#8221;top_left&#8221; background_repeat=&#8221;repeat&#8221; custom_margin=&#8221;||0px||false|false&#8221; custom_padding=&#8221;||0px||false|false&#8221;][et_pb_column type=&#8221;1_2&#8243; _builder_version=&#8221;3.25&#8243; custom_padding=&#8221;|||&#8221; custom_padding__hover=&#8221;|||&#8221;][et_pb_ds_before_after_slider before_image=&#8221;https:\/\/www.studiogatto.es\/wp-content\/uploads\/cr2-5.jpg&#8221; after_image=&#8221;https:\/\/www.studiogatto.es\/wp-content\/uploads\/cr2-6.jpg&#8221; before_label=&#8221;Antes&#8221; after_label=&#8221;Despues&#8221; _builder_version=&#8221;4.8.2&#8243; _module_preset=&#8221;default&#8221; custom_margin=&#8221;0px||10px||false|false&#8221; custom_padding=&#8221;10px||10px||false|false&#8221;][\/et_pb_ds_before_after_slider][\/et_pb_column][et_pb_column type=&#8221;1_2&#8243; _builder_version=&#8221;3.25&#8243; custom_padding=&#8221;|||&#8221; custom_padding__hover=&#8221;|||&#8221;][et_pb_text _builder_version=&#8221;4.8.2&#8243; background_size=&#8221;initial&#8221; background_position=&#8221;top_left&#8221; background_repeat=&#8221;repeat&#8221;]<\/p>\n\n\t\t<style type=\"text\/css\">\n\t\t\t#gallery-2 {\n\t\t\t\tmargin: auto;\n\t\t\t}\n\t\t\t#gallery-2 .gallery-item {\n\t\t\t\tfloat: left;\n\t\t\t\tmargin-top: 10px;\n\t\t\t\ttext-align: center;\n\t\t\t\twidth: 100%;\n\t\t\t}\n\t\t\t#gallery-2 img {\n\t\t\t\tborder: 2px solid #cfcfcf;\n\t\t\t}\n\t\t\t#gallery-2 .gallery-caption {\n\t\t\t\tmargin-left: 0;\n\t\t\t}\n\t\t\t\/* see gallery_shortcode() in wp-includes\/media.php *\/\n\t\t<\/style>\n\t\t<div id='gallery-2' class='gallery galleryid-18433 gallery-columns-1 gallery-size-full'><dl class='gallery-item'>\n\t\t\t<dt class='gallery-icon portrait'>\n\t\t\t\t<a href='https:\/\/www.studiogatto.es\/ca\/projecte-reforma-completa-a-vilanova-i-la-geltru\/cr2-8-2\/'><img loading=\"lazy\" decoding=\"async\" width=\"600\" height=\"921\" src=\"https:\/\/www.studiogatto.es\/wp-content\/uploads\/cr2-8.jpg\" class=\"attachment-full size-full\" alt=\"\" srcset=\"https:\/\/www.studiogatto.es\/wp-content\/uploads\/cr2-8.jpg 600w, https:\/\/www.studiogatto.es\/wp-content\/uploads\/cr2-8-480x737.jpg 480w\" sizes=\"(min-width: 0px) and (max-width: 480px) 480px, (min-width: 481px) 600px, 100vw\" \/><\/a>\n\t\t\t<\/dt><\/dl><br style=\"clear: both\" \/>\n\t\t<\/div>\n\n<p>[\/et_pb_text][\/et_pb_column][\/et_pb_row][\/et_pb_section]<\/p>\n","protected":false},"excerpt":{"rendered":"<p>PROJECTE reforma completa a VGN VILANOVA I LA GELTR\u00daSe trata de una reforma general de la cocina y el ba\u00f1o. A la cuina, l&#8217;objectiu era treure&#8217;n el m\u00e0xim rendiment a la distribuci\u00f3 de la cuina per maximitzar zones d&#8217;emmagatzematge i ampliar el pla de treball. La propietat, Sonia, va triar una porta d&#8217;acabat mat blanc [&hellip;]<\/p>\n","protected":false},"author":2,"featured_media":19489,"comment_status":"closed","ping_status":"closed","sticky":false,"template":"","format":"standard","meta":{"_et_pb_use_builder":"on","_et_pb_old_content":"","_et_gb_content_width":"","footnotes":""},"categories":[32],"tags":[],"class_list":["post-18433","post","type-post","status-publish","format-standard","has-post-thumbnail","hentry","category-projectes"],"yoast_head":"<!-- This site is optimized with the Yoast SEO plugin v27.5 - https:\/\/yoast.com\/product\/yoast-seo-wordpress\/ -->\n<title>Una reforma general de la cuina i el bany.<\/title>\n<meta name=\"description\" content=\"A la cuina, l&#039;objectiu era treure&#039;n el m\u00e0xim rendiment a la distribuci\u00f3 de la cuina per maximitzar zones d&#039;emmagatzematge i ampliar el pla de treball.\" \/>\n<meta name=\"robots\" content=\"index, follow, max-snippet:-1, max-image-preview:large, max-video-preview:-1\" \/>\n<link rel=\"canonical\" href=\"https:\/\/www.studiogatto.es\/ca\/projecte-reforma-completa-a-vilanova-i-la-geltru\/\" \/>\n<meta property=\"og:locale\" content=\"ca_ES\" \/>\n<meta property=\"og:type\" content=\"article\" \/>\n<meta property=\"og:title\" content=\"Una reforma general de la cuina i el bany.\" \/>\n<meta property=\"og:description\" content=\"A la cuina, l&#039;objectiu era treure&#039;n el m\u00e0xim rendiment a la distribuci\u00f3 de la cuina per maximitzar zones d&#039;emmagatzematge i ampliar el pla de treball.\" \/>\n<meta property=\"og:url\" content=\"https:\/\/www.studiogatto.es\/ca\/projecte-reforma-completa-a-vilanova-i-la-geltru\/\" \/>\n<meta property=\"og:site_name\" content=\"Studio Gatto - Cuines i Banys\" \/>\n<meta property=\"article:publisher\" content=\"https:\/\/www.facebook.com\/studiogattocucine\" \/>\n<meta property=\"article:published_time\" content=\"2021-05-17T07:56:42+00:00\" \/>\n<meta property=\"article:modified_time\" content=\"2022-01-25T08:50:27+00:00\" \/>\n<meta property=\"og:image\" content=\"https:\/\/www.studiogatto.es\/wp-content\/uploads\/imagen-destacada-4.jpg\" \/>\n\t<meta property=\"og:image:width\" content=\"1280\" \/>\n\t<meta property=\"og:image:height\" content=\"847\" \/>\n\t<meta property=\"og:image:type\" content=\"image\/jpeg\" \/>\n<meta name=\"author\" content=\"soniso-gatto\" \/>\n<meta name=\"twitter:card\" content=\"summary_large_image\" \/>\n<meta name=\"twitter:creator\" content=\"@studiogattosl\" \/>\n<meta name=\"twitter:site\" content=\"@studiogattosl\" \/>\n<meta name=\"twitter:label1\" content=\"Escrit per\" \/>\n\t<meta name=\"twitter:data1\" content=\"soniso-gatto\" \/>\n\t<meta name=\"twitter:label2\" content=\"Temps estimat de lectura\" \/>\n\t<meta name=\"twitter:data2\" content=\"3 minuts\" \/>\n<script type=\"application\/ld+json\" class=\"yoast-schema-graph\">{\"@context\":\"https:\\\/\\\/schema.org\",\"@graph\":[{\"@type\":\"Article\",\"@id\":\"https:\\\/\\\/www.studiogatto.es\\\/ca\\\/projecte-reforma-completa-a-vilanova-i-la-geltru\\\/#article\",\"isPartOf\":{\"@id\":\"https:\\\/\\\/www.studiogatto.es\\\/ca\\\/projecte-reforma-completa-a-vilanova-i-la-geltru\\\/\"},\"author\":{\"name\":\"soniso-gatto\",\"@id\":\"https:\\\/\\\/www.studiogatto.es\\\/ca\\\/#\\\/schema\\\/person\\\/27b057d9eeec105e75921345073c07bb\"},\"headline\":\"Projecte reforma completa a Vilanova i la Geltr\u00fa\",\"datePublished\":\"2021-05-17T07:56:42+00:00\",\"dateModified\":\"2022-01-25T08:50:27+00:00\",\"mainEntityOfPage\":{\"@id\":\"https:\\\/\\\/www.studiogatto.es\\\/ca\\\/projecte-reforma-completa-a-vilanova-i-la-geltru\\\/\"},\"wordCount\":557,\"publisher\":{\"@id\":\"https:\\\/\\\/www.studiogatto.es\\\/ca\\\/#organization\"},\"image\":{\"@id\":\"https:\\\/\\\/www.studiogatto.es\\\/ca\\\/projecte-reforma-completa-a-vilanova-i-la-geltru\\\/#primaryimage\"},\"thumbnailUrl\":\"https:\\\/\\\/www.studiogatto.es\\\/wp-content\\\/uploads\\\/imagen-destacada-4.jpg\",\"articleSection\":[\"Projectes\"],\"inLanguage\":\"ca\"},{\"@type\":\"WebPage\",\"@id\":\"https:\\\/\\\/www.studiogatto.es\\\/ca\\\/projecte-reforma-completa-a-vilanova-i-la-geltru\\\/\",\"url\":\"https:\\\/\\\/www.studiogatto.es\\\/ca\\\/projecte-reforma-completa-a-vilanova-i-la-geltru\\\/\",\"name\":\"Una reforma general de la cuina i el bany.\",\"isPartOf\":{\"@id\":\"https:\\\/\\\/www.studiogatto.es\\\/ca\\\/#website\"},\"primaryImageOfPage\":{\"@id\":\"https:\\\/\\\/www.studiogatto.es\\\/ca\\\/projecte-reforma-completa-a-vilanova-i-la-geltru\\\/#primaryimage\"},\"image\":{\"@id\":\"https:\\\/\\\/www.studiogatto.es\\\/ca\\\/projecte-reforma-completa-a-vilanova-i-la-geltru\\\/#primaryimage\"},\"thumbnailUrl\":\"https:\\\/\\\/www.studiogatto.es\\\/wp-content\\\/uploads\\\/imagen-destacada-4.jpg\",\"datePublished\":\"2021-05-17T07:56:42+00:00\",\"dateModified\":\"2022-01-25T08:50:27+00:00\",\"description\":\"A la cuina, l'objectiu era treure'n el m\u00e0xim rendiment a la distribuci\u00f3 de la cuina per maximitzar zones d'emmagatzematge i ampliar el pla de treball.\",\"breadcrumb\":{\"@id\":\"https:\\\/\\\/www.studiogatto.es\\\/ca\\\/projecte-reforma-completa-a-vilanova-i-la-geltru\\\/#breadcrumb\"},\"inLanguage\":\"ca\",\"potentialAction\":[{\"@type\":\"ReadAction\",\"target\":[\"https:\\\/\\\/www.studiogatto.es\\\/ca\\\/projecte-reforma-completa-a-vilanova-i-la-geltru\\\/\"]}]},{\"@type\":\"ImageObject\",\"inLanguage\":\"ca\",\"@id\":\"https:\\\/\\\/www.studiogatto.es\\\/ca\\\/projecte-reforma-completa-a-vilanova-i-la-geltru\\\/#primaryimage\",\"url\":\"https:\\\/\\\/www.studiogatto.es\\\/wp-content\\\/uploads\\\/imagen-destacada-4.jpg\",\"contentUrl\":\"https:\\\/\\\/www.studiogatto.es\\\/wp-content\\\/uploads\\\/imagen-destacada-4.jpg\",\"width\":1280,\"height\":847},{\"@type\":\"BreadcrumbList\",\"@id\":\"https:\\\/\\\/www.studiogatto.es\\\/ca\\\/projecte-reforma-completa-a-vilanova-i-la-geltru\\\/#breadcrumb\",\"itemListElement\":[{\"@type\":\"ListItem\",\"position\":1,\"name\":\"Portada\",\"item\":\"https:\\\/\\\/www.studiogatto.es\\\/ca\\\/\"},{\"@type\":\"ListItem\",\"position\":2,\"name\":\"Projecte reforma completa a Vilanova i la Geltr\u00fa\"}]},{\"@type\":\"WebSite\",\"@id\":\"https:\\\/\\\/www.studiogatto.es\\\/ca\\\/#website\",\"url\":\"https:\\\/\\\/www.studiogatto.es\\\/ca\\\/\",\"name\":\"Studio Gatto - Cuines i Banys\",\"description\":\"Reformas integrales de Cocinas y ba\u00f1os. Interiorismo. Dise\u00f1o.\",\"publisher\":{\"@id\":\"https:\\\/\\\/www.studiogatto.es\\\/ca\\\/#organization\"},\"potentialAction\":[{\"@type\":\"SearchAction\",\"target\":{\"@type\":\"EntryPoint\",\"urlTemplate\":\"https:\\\/\\\/www.studiogatto.es\\\/ca\\\/?s={search_term_string}\"},\"query-input\":{\"@type\":\"PropertyValueSpecification\",\"valueRequired\":true,\"valueName\":\"search_term_string\"}}],\"inLanguage\":\"ca\"},{\"@type\":\"Organization\",\"@id\":\"https:\\\/\\\/www.studiogatto.es\\\/ca\\\/#organization\",\"name\":\"Studio Gatto\",\"url\":\"https:\\\/\\\/www.studiogatto.es\\\/ca\\\/\",\"logo\":{\"@type\":\"ImageObject\",\"inLanguage\":\"ca\",\"@id\":\"https:\\\/\\\/www.studiogatto.es\\\/ca\\\/#\\\/schema\\\/logo\\\/image\\\/\",\"url\":\"https:\\\/\\\/www.studiogatto.es\\\/wp-content\\\/uploads\\\/Nuevo-logotipo.jpg\",\"contentUrl\":\"https:\\\/\\\/www.studiogatto.es\\\/wp-content\\\/uploads\\\/Nuevo-logotipo.jpg\",\"width\":300,\"height\":167,\"caption\":\"Studio Gatto\"},\"image\":{\"@id\":\"https:\\\/\\\/www.studiogatto.es\\\/ca\\\/#\\\/schema\\\/logo\\\/image\\\/\"},\"sameAs\":[\"https:\\\/\\\/www.facebook.com\\\/studiogattocucine\",\"https:\\\/\\\/x.com\\\/studiogattosl\"]},{\"@type\":\"Person\",\"@id\":\"https:\\\/\\\/www.studiogatto.es\\\/ca\\\/#\\\/schema\\\/person\\\/27b057d9eeec105e75921345073c07bb\",\"name\":\"soniso-gatto\"}]}<\/script>\n<!-- \/ Yoast SEO plugin. -->","yoast_head_json":{"title":"Una reforma general de la cuina i el bany.","description":"A la cuina, l'objectiu era treure'n el m\u00e0xim rendiment a la distribuci\u00f3 de la cuina per maximitzar zones d'emmagatzematge i ampliar el pla de treball.","robots":{"index":"index","follow":"follow","max-snippet":"max-snippet:-1","max-image-preview":"max-image-preview:large","max-video-preview":"max-video-preview:-1"},"canonical":"https:\/\/www.studiogatto.es\/ca\/projecte-reforma-completa-a-vilanova-i-la-geltru\/","og_locale":"ca_ES","og_type":"article","og_title":"Una reforma general de la cuina i el bany.","og_description":"A la cuina, l'objectiu era treure'n el m\u00e0xim rendiment a la distribuci\u00f3 de la cuina per maximitzar zones d'emmagatzematge i ampliar el pla de treball.","og_url":"https:\/\/www.studiogatto.es\/ca\/projecte-reforma-completa-a-vilanova-i-la-geltru\/","og_site_name":"Studio Gatto - Cuines i Banys","article_publisher":"https:\/\/www.facebook.com\/studiogattocucine","article_published_time":"2021-05-17T07:56:42+00:00","article_modified_time":"2022-01-25T08:50:27+00:00","og_image":[{"width":1280,"height":847,"url":"https:\/\/www.studiogatto.es\/wp-content\/uploads\/imagen-destacada-4.jpg","type":"image\/jpeg"}],"author":"soniso-gatto","twitter_card":"summary_large_image","twitter_creator":"@studiogattosl","twitter_site":"@studiogattosl","twitter_misc":{"Escrit per":"soniso-gatto","Temps estimat de lectura":"3 minuts"},"schema":{"@context":"https:\/\/schema.org","@graph":[{"@type":"Article","@id":"https:\/\/www.studiogatto.es\/ca\/projecte-reforma-completa-a-vilanova-i-la-geltru\/#article","isPartOf":{"@id":"https:\/\/www.studiogatto.es\/ca\/projecte-reforma-completa-a-vilanova-i-la-geltru\/"},"author":{"name":"soniso-gatto","@id":"https:\/\/www.studiogatto.es\/ca\/#\/schema\/person\/27b057d9eeec105e75921345073c07bb"},"headline":"Projecte reforma completa a Vilanova i la Geltr\u00fa","datePublished":"2021-05-17T07:56:42+00:00","dateModified":"2022-01-25T08:50:27+00:00","mainEntityOfPage":{"@id":"https:\/\/www.studiogatto.es\/ca\/projecte-reforma-completa-a-vilanova-i-la-geltru\/"},"wordCount":557,"publisher":{"@id":"https:\/\/www.studiogatto.es\/ca\/#organization"},"image":{"@id":"https:\/\/www.studiogatto.es\/ca\/projecte-reforma-completa-a-vilanova-i-la-geltru\/#primaryimage"},"thumbnailUrl":"https:\/\/www.studiogatto.es\/wp-content\/uploads\/imagen-destacada-4.jpg","articleSection":["Projectes"],"inLanguage":"ca"},{"@type":"WebPage","@id":"https:\/\/www.studiogatto.es\/ca\/projecte-reforma-completa-a-vilanova-i-la-geltru\/","url":"https:\/\/www.studiogatto.es\/ca\/projecte-reforma-completa-a-vilanova-i-la-geltru\/","name":"Una reforma general de la cuina i el bany.","isPartOf":{"@id":"https:\/\/www.studiogatto.es\/ca\/#website"},"primaryImageOfPage":{"@id":"https:\/\/www.studiogatto.es\/ca\/projecte-reforma-completa-a-vilanova-i-la-geltru\/#primaryimage"},"image":{"@id":"https:\/\/www.studiogatto.es\/ca\/projecte-reforma-completa-a-vilanova-i-la-geltru\/#primaryimage"},"thumbnailUrl":"https:\/\/www.studiogatto.es\/wp-content\/uploads\/imagen-destacada-4.jpg","datePublished":"2021-05-17T07:56:42+00:00","dateModified":"2022-01-25T08:50:27+00:00","description":"A la cuina, l'objectiu era treure'n el m\u00e0xim rendiment a la distribuci\u00f3 de la cuina per maximitzar zones d'emmagatzematge i ampliar el pla de treball.","breadcrumb":{"@id":"https:\/\/www.studiogatto.es\/ca\/projecte-reforma-completa-a-vilanova-i-la-geltru\/#breadcrumb"},"inLanguage":"ca","potentialAction":[{"@type":"ReadAction","target":["https:\/\/www.studiogatto.es\/ca\/projecte-reforma-completa-a-vilanova-i-la-geltru\/"]}]},{"@type":"ImageObject","inLanguage":"ca","@id":"https:\/\/www.studiogatto.es\/ca\/projecte-reforma-completa-a-vilanova-i-la-geltru\/#primaryimage","url":"https:\/\/www.studiogatto.es\/wp-content\/uploads\/imagen-destacada-4.jpg","contentUrl":"https:\/\/www.studiogatto.es\/wp-content\/uploads\/imagen-destacada-4.jpg","width":1280,"height":847},{"@type":"BreadcrumbList","@id":"https:\/\/www.studiogatto.es\/ca\/projecte-reforma-completa-a-vilanova-i-la-geltru\/#breadcrumb","itemListElement":[{"@type":"ListItem","position":1,"name":"Portada","item":"https:\/\/www.studiogatto.es\/ca\/"},{"@type":"ListItem","position":2,"name":"Projecte reforma completa a Vilanova i la Geltr\u00fa"}]},{"@type":"WebSite","@id":"https:\/\/www.studiogatto.es\/ca\/#website","url":"https:\/\/www.studiogatto.es\/ca\/","name":"Studio Gatto - Cuines i Banys","description":"Reformas integrales de Cocinas y ba\u00f1os. Interiorismo. Dise\u00f1o.","publisher":{"@id":"https:\/\/www.studiogatto.es\/ca\/#organization"},"potentialAction":[{"@type":"SearchAction","target":{"@type":"EntryPoint","urlTemplate":"https:\/\/www.studiogatto.es\/ca\/?s={search_term_string}"},"query-input":{"@type":"PropertyValueSpecification","valueRequired":true,"valueName":"search_term_string"}}],"inLanguage":"ca"},{"@type":"Organization","@id":"https:\/\/www.studiogatto.es\/ca\/#organization","name":"Studio Gatto","url":"https:\/\/www.studiogatto.es\/ca\/","logo":{"@type":"ImageObject","inLanguage":"ca","@id":"https:\/\/www.studiogatto.es\/ca\/#\/schema\/logo\/image\/","url":"https:\/\/www.studiogatto.es\/wp-content\/uploads\/Nuevo-logotipo.jpg","contentUrl":"https:\/\/www.studiogatto.es\/wp-content\/uploads\/Nuevo-logotipo.jpg","width":300,"height":167,"caption":"Studio Gatto"},"image":{"@id":"https:\/\/www.studiogatto.es\/ca\/#\/schema\/logo\/image\/"},"sameAs":["https:\/\/www.facebook.com\/studiogattocucine","https:\/\/x.com\/studiogattosl"]},{"@type":"Person","@id":"https:\/\/www.studiogatto.es\/ca\/#\/schema\/person\/27b057d9eeec105e75921345073c07bb","name":"soniso-gatto"}]}},"_links":{"self":[{"href":"https:\/\/www.studiogatto.es\/ca\/wp-json\/wp\/v2\/posts\/18433","targetHints":{"allow":["GET"]}}],"collection":[{"href":"https:\/\/www.studiogatto.es\/ca\/wp-json\/wp\/v2\/posts"}],"about":[{"href":"https:\/\/www.studiogatto.es\/ca\/wp-json\/wp\/v2\/types\/post"}],"author":[{"embeddable":true,"href":"https:\/\/www.studiogatto.es\/ca\/wp-json\/wp\/v2\/users\/2"}],"replies":[{"embeddable":true,"href":"https:\/\/www.studiogatto.es\/ca\/wp-json\/wp\/v2\/comments?post=18433"}],"version-history":[{"count":0,"href":"https:\/\/www.studiogatto.es\/ca\/wp-json\/wp\/v2\/posts\/18433\/revisions"}],"wp:featuredmedia":[{"embeddable":true,"href":"https:\/\/www.studiogatto.es\/ca\/wp-json\/wp\/v2\/media\/19489"}],"wp:attachment":[{"href":"https:\/\/www.studiogatto.es\/ca\/wp-json\/wp\/v2\/media?parent=18433"}],"wp:term":[{"taxonomy":"category","embeddable":true,"href":"https:\/\/www.studiogatto.es\/ca\/wp-json\/wp\/v2\/categories?post=18433"},{"taxonomy":"post_tag","embeddable":true,"href":"https:\/\/www.studiogatto.es\/ca\/wp-json\/wp\/v2\/tags?post=18433"}],"curies":[{"name":"wp","href":"https:\/\/api.w.org\/{rel}","templated":true}]}}