{"id":10352,"date":"2016-09-27T16:57:56","date_gmt":"2016-09-27T16:57:56","guid":{"rendered":"http:\/\/studiogatto.es\/cocina-en-casa-de-mimi-y-jaume-en-barcelona\/"},"modified":"2021-09-06T11:40:28","modified_gmt":"2021-09-06T09:40:28","slug":"cocina-en-casa-de-mimi-y-jaume-en-barcelona","status":"publish","type":"post","link":"https:\/\/www.studiogatto.es\/ca\/cocina-en-casa-de-mimi-y-jaume-en-barcelona\/","title":{"rendered":"Cuina a casa de Mimi i Jaume a Barcelona"},"content":{"rendered":"<p>Projecte de cuina realitzat a casa de Mimi i jaume al seu apartament de Barcelona. A l&#8217;reunificar el petit safareig amb la cuina i col\u00b7locant el mateix s\u00f2l s&#8217;ha aconseguit donar la sensaci\u00f3 de m\u00e9s amplitud a la cuina. la cuina \u00e9s molt allargada i estreta, aix\u00ed que el mobiliari de la marca #Inko sense tiradors afavoreix crear una l\u00ednia m\u00e9s di\u00e0fana a la cuina.<\/p>\n<p>El mobiliari \u00e9s de estratificat color fumet d&#8217;acabat mat. El silestone \u00e9s de color marengo de la s\u00e8rie Basic de Silestone.<\/p>\n\n\t\t<style type=\"text\/css\">\n\t\t\t#gallery-1 {\n\t\t\t\tmargin: auto;\n\t\t\t}\n\t\t\t#gallery-1 .gallery-item {\n\t\t\t\tfloat: left;\n\t\t\t\tmargin-top: 10px;\n\t\t\t\ttext-align: center;\n\t\t\t\twidth: 50%;\n\t\t\t}\n\t\t\t#gallery-1 img {\n\t\t\t\tborder: 2px solid #cfcfcf;\n\t\t\t}\n\t\t\t#gallery-1 .gallery-caption {\n\t\t\t\tmargin-left: 0;\n\t\t\t}\n\t\t\t\/* see gallery_shortcode() in wp-includes\/media.php *\/\n\t\t<\/style>\n\t\t<div id='gallery-1' class='gallery galleryid-10352 gallery-columns-2 gallery-size-full'><dl class='gallery-item'>\n\t\t\t<dt class='gallery-icon portrait'>\n\t\t\t\t<a href='https:\/\/www.studiogatto.es\/ca\/cocina-en-casa-de-mimi-y-jaume-en-barcelona\/1-1-2-2\/'><img loading=\"lazy\" decoding=\"async\" width=\"430\" height=\"764\" src=\"https:\/\/www.studiogatto.es\/wp-content\/uploads\/1-1-2.jpg\" class=\"attachment-full size-full\" alt=\"\" srcset=\"https:\/\/www.studiogatto.es\/wp-content\/uploads\/1-1-2.jpg 430w, https:\/\/www.studiogatto.es\/wp-content\/uploads\/1-1-2-169x300.jpg 169w\" sizes=\"(max-width: 430px) 100vw, 430px\" \/><\/a>\n\t\t\t<\/dt><\/dl><dl class='gallery-item'>\n\t\t\t<dt class='gallery-icon portrait'>\n\t\t\t\t<a href='https:\/\/www.studiogatto.es\/ca\/cocina-en-casa-de-mimi-y-jaume-en-barcelona\/2-7-2\/'><img loading=\"lazy\" decoding=\"async\" width=\"430\" height=\"764\" src=\"https:\/\/www.studiogatto.es\/wp-content\/uploads\/2-8.jpg\" class=\"attachment-full size-full\" alt=\"\" srcset=\"https:\/\/www.studiogatto.es\/wp-content\/uploads\/2-8.jpg 430w, https:\/\/www.studiogatto.es\/wp-content\/uploads\/2-8-169x300.jpg 169w\" sizes=\"(max-width: 430px) 100vw, 430px\" \/><\/a>\n\t\t\t<\/dt><\/dl><br style=\"clear: both\" \/><dl class='gallery-item'>\n\t\t\t<dt class='gallery-icon portrait'>\n\t\t\t\t<a href='https:\/\/www.studiogatto.es\/ca\/cocina-en-casa-de-mimi-y-jaume-en-barcelona\/3-12-2\/'><img loading=\"lazy\" decoding=\"async\" width=\"430\" height=\"764\" src=\"https:\/\/www.studiogatto.es\/wp-content\/uploads\/3-13.jpg\" class=\"attachment-full size-full\" alt=\"\" srcset=\"https:\/\/www.studiogatto.es\/wp-content\/uploads\/3-13.jpg 430w, https:\/\/www.studiogatto.es\/wp-content\/uploads\/3-13-169x300.jpg 169w\" sizes=\"(max-width: 430px) 100vw, 430px\" \/><\/a>\n\t\t\t<\/dt><\/dl><dl class='gallery-item'>\n\t\t\t<dt class='gallery-icon portrait'>\n\t\t\t\t<a href='https:\/\/www.studiogatto.es\/ca\/cocina-en-casa-de-mimi-y-jaume-en-barcelona\/4-40-2\/'><img loading=\"lazy\" decoding=\"async\" width=\"430\" height=\"764\" src=\"https:\/\/www.studiogatto.es\/wp-content\/uploads\/4-17.jpg\" class=\"attachment-full size-full\" alt=\"\" srcset=\"https:\/\/www.studiogatto.es\/wp-content\/uploads\/4-17.jpg 430w, https:\/\/www.studiogatto.es\/wp-content\/uploads\/4-17-169x300.jpg 169w\" sizes=\"(max-width: 430px) 100vw, 430px\" \/><\/a>\n\t\t\t<\/dt><\/dl><br style=\"clear: both\" \/><dl class='gallery-item'>\n\t\t\t<dt class='gallery-icon portrait'>\n\t\t\t\t<a href='https:\/\/www.studiogatto.es\/ca\/cocina-en-casa-de-mimi-y-jaume-en-barcelona\/5-6-2\/'><img loading=\"lazy\" decoding=\"async\" width=\"464\" height=\"824\" src=\"https:\/\/www.studiogatto.es\/wp-content\/uploads\/5-6.jpg\" class=\"attachment-full size-full\" alt=\"\" srcset=\"https:\/\/www.studiogatto.es\/wp-content\/uploads\/5-6.jpg 464w, https:\/\/www.studiogatto.es\/wp-content\/uploads\/5-6-169x300.jpg 169w\" sizes=\"(max-width: 464px) 100vw, 464px\" \/><\/a>\n\t\t\t<\/dt><\/dl><dl class='gallery-item'>\n\t\t\t<dt class='gallery-icon portrait'>\n\t\t\t\t<a href='https:\/\/www.studiogatto.es\/ca\/cocina-en-casa-de-mimi-y-jaume-en-barcelona\/6-1-2\/'><img loading=\"lazy\" decoding=\"async\" width=\"430\" height=\"764\" src=\"https:\/\/www.studiogatto.es\/wp-content\/uploads\/6-1-1.jpg\" class=\"attachment-full size-full\" alt=\"\" srcset=\"https:\/\/www.studiogatto.es\/wp-content\/uploads\/6-1-1.jpg 430w, https:\/\/www.studiogatto.es\/wp-content\/uploads\/6-1-1-169x300.jpg 169w\" sizes=\"(max-width: 430px) 100vw, 430px\" \/><\/a>\n\t\t\t<\/dt><\/dl><br style=\"clear: both\" \/><dl class='gallery-item'>\n\t\t\t<dt class='gallery-icon portrait'>\n\t\t\t\t<a href='https:\/\/www.studiogatto.es\/ca\/cocina-en-casa-de-mimi-y-jaume-en-barcelona\/7-4-2\/'><img loading=\"lazy\" decoding=\"async\" width=\"430\" height=\"764\" src=\"https:\/\/www.studiogatto.es\/wp-content\/uploads\/7-4.jpg\" class=\"attachment-full size-full\" alt=\"\" srcset=\"https:\/\/www.studiogatto.es\/wp-content\/uploads\/7-4.jpg 430w, https:\/\/www.studiogatto.es\/wp-content\/uploads\/7-4-169x300.jpg 169w\" sizes=\"(max-width: 430px) 100vw, 430px\" \/><\/a>\n\t\t\t<\/dt><\/dl><dl class='gallery-item'>\n\t\t\t<dt class='gallery-icon portrait'>\n\t\t\t\t<a href='https:\/\/www.studiogatto.es\/ca\/cocina-en-casa-de-mimi-y-jaume-en-barcelona\/8-5-2\/'><img loading=\"lazy\" decoding=\"async\" width=\"430\" height=\"764\" src=\"https:\/\/www.studiogatto.es\/wp-content\/uploads\/8-5.jpg\" class=\"attachment-full size-full\" alt=\"\" srcset=\"https:\/\/www.studiogatto.es\/wp-content\/uploads\/8-5.jpg 430w, https:\/\/www.studiogatto.es\/wp-content\/uploads\/8-5-169x300.jpg 169w\" sizes=\"(max-width: 430px) 100vw, 430px\" \/><\/a>\n\t\t\t<\/dt><\/dl><br style=\"clear: both\" \/>\n\t\t<\/div>\n\n","protected":false},"excerpt":{"rendered":"<p>Projecte de cuina realitzat a casa de Mimi i jaume al seu apartament de Barcelona. A l&#8217;reunificar el petit safareig amb la cuina i col\u00b7locant el mateix s\u00f2l s&#8217;ha aconseguit donar la sensaci\u00f3 de m\u00e9s amplitud a la cuina. la cuina \u00e9s molt allargada i estreta, aix\u00ed que el mobiliari de la marca #Inko sense [&hellip;]<\/p>\n","protected":false},"author":1,"featured_media":8244,"comment_status":"closed","ping_status":"closed","sticky":false,"template":"","format":"standard","meta":{"_et_pb_use_builder":"on","_et_pb_old_content":"","_et_gb_content_width":"","footnotes":""},"categories":[32],"tags":[],"class_list":["post-10352","post","type-post","status-publish","format-standard","has-post-thumbnail","hentry","category-projectes"],"yoast_head":"<!-- This site is optimized with the Yoast SEO plugin v27.5 - https:\/\/yoast.com\/product\/yoast-seo-wordpress\/ -->\n<title>Cuina a casa de Mimi i Jaume a Barcelona<\/title>\n<meta name=\"description\" content=\"En reunificar el petit safareig amb la cuina i col\u00b7locant el mateix s\u00f2l s&#039;ha aconseguit donar la sensaci\u00f3 de m\u00e9s amplitud a la cuina.\" \/>\n<meta name=\"robots\" content=\"index, follow, max-snippet:-1, max-image-preview:large, max-video-preview:-1\" \/>\n<link rel=\"canonical\" href=\"https:\/\/www.studiogatto.es\/ca\/cocina-en-casa-de-mimi-y-jaume-en-barcelona\/\" \/>\n<meta property=\"og:locale\" content=\"ca_ES\" \/>\n<meta property=\"og:type\" content=\"article\" \/>\n<meta property=\"og:title\" content=\"Cuina a casa de Mimi i Jaume a Barcelona\" \/>\n<meta property=\"og:description\" content=\"En reunificar el petit safareig amb la cuina i col\u00b7locant el mateix s\u00f2l s&#039;ha aconseguit donar la sensaci\u00f3 de m\u00e9s amplitud a la cuina.\" \/>\n<meta property=\"og:url\" content=\"https:\/\/www.studiogatto.es\/ca\/cocina-en-casa-de-mimi-y-jaume-en-barcelona\/\" \/>\n<meta property=\"og:site_name\" content=\"Studio Gatto - Cuines i Banys\" \/>\n<meta property=\"article:publisher\" content=\"https:\/\/www.facebook.com\/studiogattocucine\" \/>\n<meta property=\"article:published_time\" content=\"2016-09-27T16:57:56+00:00\" \/>\n<meta property=\"article:modified_time\" content=\"2021-09-06T09:40:28+00:00\" \/>\n<meta property=\"og:image\" content=\"https:\/\/www.studiogatto.es\/wp-content\/uploads\/Cocina-en-casa-de-mimi-y-Jaume-en-bcn.png\" \/>\n\t<meta property=\"og:image:width\" content=\"300\" \/>\n\t<meta property=\"og:image:height\" content=\"169\" \/>\n\t<meta property=\"og:image:type\" content=\"image\/png\" \/>\n<meta name=\"author\" content=\"admin\" \/>\n<meta name=\"twitter:card\" content=\"summary_large_image\" \/>\n<meta name=\"twitter:creator\" content=\"@studiogattosl\" \/>\n<meta name=\"twitter:site\" content=\"@studiogattosl\" \/>\n<meta name=\"twitter:label1\" content=\"Escrit per\" \/>\n\t<meta name=\"twitter:data1\" content=\"admin\" \/>\n<script type=\"application\/ld+json\" class=\"yoast-schema-graph\">{\"@context\":\"https:\\\/\\\/schema.org\",\"@graph\":[{\"@type\":\"Article\",\"@id\":\"https:\\\/\\\/www.studiogatto.es\\\/ca\\\/cocina-en-casa-de-mimi-y-jaume-en-barcelona\\\/#article\",\"isPartOf\":{\"@id\":\"https:\\\/\\\/www.studiogatto.es\\\/ca\\\/cocina-en-casa-de-mimi-y-jaume-en-barcelona\\\/\"},\"author\":{\"name\":\"admin\",\"@id\":\"https:\\\/\\\/www.studiogatto.es\\\/ca\\\/#\\\/schema\\\/person\\\/4f471391b1e5fad2f529637583f16c01\"},\"headline\":\"Cuina a casa de Mimi i Jaume a Barcelona\",\"datePublished\":\"2016-09-27T16:57:56+00:00\",\"dateModified\":\"2021-09-06T09:40:28+00:00\",\"mainEntityOfPage\":{\"@id\":\"https:\\\/\\\/www.studiogatto.es\\\/ca\\\/cocina-en-casa-de-mimi-y-jaume-en-barcelona\\\/\"},\"wordCount\":110,\"publisher\":{\"@id\":\"https:\\\/\\\/www.studiogatto.es\\\/ca\\\/#organization\"},\"image\":{\"@id\":\"https:\\\/\\\/www.studiogatto.es\\\/ca\\\/cocina-en-casa-de-mimi-y-jaume-en-barcelona\\\/#primaryimage\"},\"thumbnailUrl\":\"https:\\\/\\\/www.studiogatto.es\\\/wp-content\\\/uploads\\\/Cocina-en-casa-de-mimi-y-Jaume-en-bcn.png\",\"articleSection\":[\"Projectes\"],\"inLanguage\":\"ca\"},{\"@type\":\"WebPage\",\"@id\":\"https:\\\/\\\/www.studiogatto.es\\\/ca\\\/cocina-en-casa-de-mimi-y-jaume-en-barcelona\\\/\",\"url\":\"https:\\\/\\\/www.studiogatto.es\\\/ca\\\/cocina-en-casa-de-mimi-y-jaume-en-barcelona\\\/\",\"name\":\"Cuina a casa de Mimi i Jaume a Barcelona\",\"isPartOf\":{\"@id\":\"https:\\\/\\\/www.studiogatto.es\\\/ca\\\/#website\"},\"primaryImageOfPage\":{\"@id\":\"https:\\\/\\\/www.studiogatto.es\\\/ca\\\/cocina-en-casa-de-mimi-y-jaume-en-barcelona\\\/#primaryimage\"},\"image\":{\"@id\":\"https:\\\/\\\/www.studiogatto.es\\\/ca\\\/cocina-en-casa-de-mimi-y-jaume-en-barcelona\\\/#primaryimage\"},\"thumbnailUrl\":\"https:\\\/\\\/www.studiogatto.es\\\/wp-content\\\/uploads\\\/Cocina-en-casa-de-mimi-y-Jaume-en-bcn.png\",\"datePublished\":\"2016-09-27T16:57:56+00:00\",\"dateModified\":\"2021-09-06T09:40:28+00:00\",\"description\":\"En reunificar el petit safareig amb la cuina i col\u00b7locant el mateix s\u00f2l s'ha aconseguit donar la sensaci\u00f3 de m\u00e9s amplitud a la cuina.\",\"breadcrumb\":{\"@id\":\"https:\\\/\\\/www.studiogatto.es\\\/ca\\\/cocina-en-casa-de-mimi-y-jaume-en-barcelona\\\/#breadcrumb\"},\"inLanguage\":\"ca\",\"potentialAction\":[{\"@type\":\"ReadAction\",\"target\":[\"https:\\\/\\\/www.studiogatto.es\\\/ca\\\/cocina-en-casa-de-mimi-y-jaume-en-barcelona\\\/\"]}]},{\"@type\":\"ImageObject\",\"inLanguage\":\"ca\",\"@id\":\"https:\\\/\\\/www.studiogatto.es\\\/ca\\\/cocina-en-casa-de-mimi-y-jaume-en-barcelona\\\/#primaryimage\",\"url\":\"https:\\\/\\\/www.studiogatto.es\\\/wp-content\\\/uploads\\\/Cocina-en-casa-de-mimi-y-Jaume-en-bcn.png\",\"contentUrl\":\"https:\\\/\\\/www.studiogatto.es\\\/wp-content\\\/uploads\\\/Cocina-en-casa-de-mimi-y-Jaume-en-bcn.png\",\"width\":300,\"height\":169,\"caption\":\"cocina-casa-reforma\"},{\"@type\":\"BreadcrumbList\",\"@id\":\"https:\\\/\\\/www.studiogatto.es\\\/ca\\\/cocina-en-casa-de-mimi-y-jaume-en-barcelona\\\/#breadcrumb\",\"itemListElement\":[{\"@type\":\"ListItem\",\"position\":1,\"name\":\"Portada\",\"item\":\"https:\\\/\\\/www.studiogatto.es\\\/ca\\\/\"},{\"@type\":\"ListItem\",\"position\":2,\"name\":\"Cuina a casa de Mimi i Jaume a Barcelona\"}]},{\"@type\":\"WebSite\",\"@id\":\"https:\\\/\\\/www.studiogatto.es\\\/ca\\\/#website\",\"url\":\"https:\\\/\\\/www.studiogatto.es\\\/ca\\\/\",\"name\":\"Studio Gatto - Cuines i Banys\",\"description\":\"Reformas integrales de Cocinas y ba\u00f1os. Interiorismo. Dise\u00f1o.\",\"publisher\":{\"@id\":\"https:\\\/\\\/www.studiogatto.es\\\/ca\\\/#organization\"},\"potentialAction\":[{\"@type\":\"SearchAction\",\"target\":{\"@type\":\"EntryPoint\",\"urlTemplate\":\"https:\\\/\\\/www.studiogatto.es\\\/ca\\\/?s={search_term_string}\"},\"query-input\":{\"@type\":\"PropertyValueSpecification\",\"valueRequired\":true,\"valueName\":\"search_term_string\"}}],\"inLanguage\":\"ca\"},{\"@type\":\"Organization\",\"@id\":\"https:\\\/\\\/www.studiogatto.es\\\/ca\\\/#organization\",\"name\":\"Studio Gatto\",\"url\":\"https:\\\/\\\/www.studiogatto.es\\\/ca\\\/\",\"logo\":{\"@type\":\"ImageObject\",\"inLanguage\":\"ca\",\"@id\":\"https:\\\/\\\/www.studiogatto.es\\\/ca\\\/#\\\/schema\\\/logo\\\/image\\\/\",\"url\":\"https:\\\/\\\/www.studiogatto.es\\\/wp-content\\\/uploads\\\/Nuevo-logotipo.jpg\",\"contentUrl\":\"https:\\\/\\\/www.studiogatto.es\\\/wp-content\\\/uploads\\\/Nuevo-logotipo.jpg\",\"width\":300,\"height\":167,\"caption\":\"Studio Gatto\"},\"image\":{\"@id\":\"https:\\\/\\\/www.studiogatto.es\\\/ca\\\/#\\\/schema\\\/logo\\\/image\\\/\"},\"sameAs\":[\"https:\\\/\\\/www.facebook.com\\\/studiogattocucine\",\"https:\\\/\\\/x.com\\\/studiogattosl\"]},{\"@type\":\"Person\",\"@id\":\"https:\\\/\\\/www.studiogatto.es\\\/ca\\\/#\\\/schema\\\/person\\\/4f471391b1e5fad2f529637583f16c01\",\"name\":\"admin\"}]}<\/script>\n<!-- \/ Yoast SEO plugin. -->","yoast_head_json":{"title":"Cuina a casa de Mimi i Jaume a Barcelona","description":"En reunificar el petit safareig amb la cuina i col\u00b7locant el mateix s\u00f2l s'ha aconseguit donar la sensaci\u00f3 de m\u00e9s amplitud a la cuina.","robots":{"index":"index","follow":"follow","max-snippet":"max-snippet:-1","max-image-preview":"max-image-preview:large","max-video-preview":"max-video-preview:-1"},"canonical":"https:\/\/www.studiogatto.es\/ca\/cocina-en-casa-de-mimi-y-jaume-en-barcelona\/","og_locale":"ca_ES","og_type":"article","og_title":"Cuina a casa de Mimi i Jaume a Barcelona","og_description":"En reunificar el petit safareig amb la cuina i col\u00b7locant el mateix s\u00f2l s'ha aconseguit donar la sensaci\u00f3 de m\u00e9s amplitud a la cuina.","og_url":"https:\/\/www.studiogatto.es\/ca\/cocina-en-casa-de-mimi-y-jaume-en-barcelona\/","og_site_name":"Studio Gatto - Cuines i Banys","article_publisher":"https:\/\/www.facebook.com\/studiogattocucine","article_published_time":"2016-09-27T16:57:56+00:00","article_modified_time":"2021-09-06T09:40:28+00:00","og_image":[{"width":300,"height":169,"url":"https:\/\/www.studiogatto.es\/wp-content\/uploads\/Cocina-en-casa-de-mimi-y-Jaume-en-bcn.png","type":"image\/png"}],"author":"admin","twitter_card":"summary_large_image","twitter_creator":"@studiogattosl","twitter_site":"@studiogattosl","twitter_misc":{"Escrit per":"admin"},"schema":{"@context":"https:\/\/schema.org","@graph":[{"@type":"Article","@id":"https:\/\/www.studiogatto.es\/ca\/cocina-en-casa-de-mimi-y-jaume-en-barcelona\/#article","isPartOf":{"@id":"https:\/\/www.studiogatto.es\/ca\/cocina-en-casa-de-mimi-y-jaume-en-barcelona\/"},"author":{"name":"admin","@id":"https:\/\/www.studiogatto.es\/ca\/#\/schema\/person\/4f471391b1e5fad2f529637583f16c01"},"headline":"Cuina a casa de Mimi i Jaume a Barcelona","datePublished":"2016-09-27T16:57:56+00:00","dateModified":"2021-09-06T09:40:28+00:00","mainEntityOfPage":{"@id":"https:\/\/www.studiogatto.es\/ca\/cocina-en-casa-de-mimi-y-jaume-en-barcelona\/"},"wordCount":110,"publisher":{"@id":"https:\/\/www.studiogatto.es\/ca\/#organization"},"image":{"@id":"https:\/\/www.studiogatto.es\/ca\/cocina-en-casa-de-mimi-y-jaume-en-barcelona\/#primaryimage"},"thumbnailUrl":"https:\/\/www.studiogatto.es\/wp-content\/uploads\/Cocina-en-casa-de-mimi-y-Jaume-en-bcn.png","articleSection":["Projectes"],"inLanguage":"ca"},{"@type":"WebPage","@id":"https:\/\/www.studiogatto.es\/ca\/cocina-en-casa-de-mimi-y-jaume-en-barcelona\/","url":"https:\/\/www.studiogatto.es\/ca\/cocina-en-casa-de-mimi-y-jaume-en-barcelona\/","name":"Cuina a casa de Mimi i Jaume a Barcelona","isPartOf":{"@id":"https:\/\/www.studiogatto.es\/ca\/#website"},"primaryImageOfPage":{"@id":"https:\/\/www.studiogatto.es\/ca\/cocina-en-casa-de-mimi-y-jaume-en-barcelona\/#primaryimage"},"image":{"@id":"https:\/\/www.studiogatto.es\/ca\/cocina-en-casa-de-mimi-y-jaume-en-barcelona\/#primaryimage"},"thumbnailUrl":"https:\/\/www.studiogatto.es\/wp-content\/uploads\/Cocina-en-casa-de-mimi-y-Jaume-en-bcn.png","datePublished":"2016-09-27T16:57:56+00:00","dateModified":"2021-09-06T09:40:28+00:00","description":"En reunificar el petit safareig amb la cuina i col\u00b7locant el mateix s\u00f2l s'ha aconseguit donar la sensaci\u00f3 de m\u00e9s amplitud a la cuina.","breadcrumb":{"@id":"https:\/\/www.studiogatto.es\/ca\/cocina-en-casa-de-mimi-y-jaume-en-barcelona\/#breadcrumb"},"inLanguage":"ca","potentialAction":[{"@type":"ReadAction","target":["https:\/\/www.studiogatto.es\/ca\/cocina-en-casa-de-mimi-y-jaume-en-barcelona\/"]}]},{"@type":"ImageObject","inLanguage":"ca","@id":"https:\/\/www.studiogatto.es\/ca\/cocina-en-casa-de-mimi-y-jaume-en-barcelona\/#primaryimage","url":"https:\/\/www.studiogatto.es\/wp-content\/uploads\/Cocina-en-casa-de-mimi-y-Jaume-en-bcn.png","contentUrl":"https:\/\/www.studiogatto.es\/wp-content\/uploads\/Cocina-en-casa-de-mimi-y-Jaume-en-bcn.png","width":300,"height":169,"caption":"cocina-casa-reforma"},{"@type":"BreadcrumbList","@id":"https:\/\/www.studiogatto.es\/ca\/cocina-en-casa-de-mimi-y-jaume-en-barcelona\/#breadcrumb","itemListElement":[{"@type":"ListItem","position":1,"name":"Portada","item":"https:\/\/www.studiogatto.es\/ca\/"},{"@type":"ListItem","position":2,"name":"Cuina a casa de Mimi i Jaume a Barcelona"}]},{"@type":"WebSite","@id":"https:\/\/www.studiogatto.es\/ca\/#website","url":"https:\/\/www.studiogatto.es\/ca\/","name":"Studio Gatto - Cuines i Banys","description":"Reformas integrales de Cocinas y ba\u00f1os. Interiorismo. Dise\u00f1o.","publisher":{"@id":"https:\/\/www.studiogatto.es\/ca\/#organization"},"potentialAction":[{"@type":"SearchAction","target":{"@type":"EntryPoint","urlTemplate":"https:\/\/www.studiogatto.es\/ca\/?s={search_term_string}"},"query-input":{"@type":"PropertyValueSpecification","valueRequired":true,"valueName":"search_term_string"}}],"inLanguage":"ca"},{"@type":"Organization","@id":"https:\/\/www.studiogatto.es\/ca\/#organization","name":"Studio Gatto","url":"https:\/\/www.studiogatto.es\/ca\/","logo":{"@type":"ImageObject","inLanguage":"ca","@id":"https:\/\/www.studiogatto.es\/ca\/#\/schema\/logo\/image\/","url":"https:\/\/www.studiogatto.es\/wp-content\/uploads\/Nuevo-logotipo.jpg","contentUrl":"https:\/\/www.studiogatto.es\/wp-content\/uploads\/Nuevo-logotipo.jpg","width":300,"height":167,"caption":"Studio Gatto"},"image":{"@id":"https:\/\/www.studiogatto.es\/ca\/#\/schema\/logo\/image\/"},"sameAs":["https:\/\/www.facebook.com\/studiogattocucine","https:\/\/x.com\/studiogattosl"]},{"@type":"Person","@id":"https:\/\/www.studiogatto.es\/ca\/#\/schema\/person\/4f471391b1e5fad2f529637583f16c01","name":"admin"}]}},"_links":{"self":[{"href":"https:\/\/www.studiogatto.es\/ca\/wp-json\/wp\/v2\/posts\/10352","targetHints":{"allow":["GET"]}}],"collection":[{"href":"https:\/\/www.studiogatto.es\/ca\/wp-json\/wp\/v2\/posts"}],"about":[{"href":"https:\/\/www.studiogatto.es\/ca\/wp-json\/wp\/v2\/types\/post"}],"author":[{"embeddable":true,"href":"https:\/\/www.studiogatto.es\/ca\/wp-json\/wp\/v2\/users\/1"}],"replies":[{"embeddable":true,"href":"https:\/\/www.studiogatto.es\/ca\/wp-json\/wp\/v2\/comments?post=10352"}],"version-history":[{"count":0,"href":"https:\/\/www.studiogatto.es\/ca\/wp-json\/wp\/v2\/posts\/10352\/revisions"}],"wp:featuredmedia":[{"embeddable":true,"href":"https:\/\/www.studiogatto.es\/ca\/wp-json\/wp\/v2\/media\/8244"}],"wp:attachment":[{"href":"https:\/\/www.studiogatto.es\/ca\/wp-json\/wp\/v2\/media?parent=10352"}],"wp:term":[{"taxonomy":"category","embeddable":true,"href":"https:\/\/www.studiogatto.es\/ca\/wp-json\/wp\/v2\/categories?post=10352"},{"taxonomy":"post_tag","embeddable":true,"href":"https:\/\/www.studiogatto.es\/ca\/wp-json\/wp\/v2\/tags?post=10352"}],"curies":[{"name":"wp","href":"https:\/\/api.w.org\/{rel}","templated":true}]}}