{"id":10303,"date":"2017-02-02T17:27:44","date_gmt":"2017-02-02T17:27:44","guid":{"rendered":"http:\/\/studiogatto.es\/reforma-integral-en-castelldefels\/"},"modified":"2021-09-06T11:31:29","modified_gmt":"2021-09-06T09:31:29","slug":"reforma-integral-en-castelldefels","status":"publish","type":"post","link":"https:\/\/www.studiogatto.es\/ca\/reforma-integral-en-castelldefels\/","title":{"rendered":"Reforma integral a Castelldefels"},"content":{"rendered":"<p>En aquest cas hem realitzat la reforma completa d&#8217;aquest pis situat a la localitat de Castelldefels. S&#8217;ha canviat rajoles de parets i s\u00f2ls, canviat els aluminis de tot el pis, canviat les portes de pas, s&#8217;ha realitzat calefacci\u00f3 nova i nou aparell d&#8217;aire condicionat. Canviat canonades, mecanismes i endolls de tot el pis aix\u00ed com s&#8217;ha modificat els punts d&#8217;aigua i llum de banys i cuina per canviar distribucions de mobiliaris.<\/p>\n<p>El mobiliari de la cuina \u00e9s de la marca Inko de el model AMALIA en blanc brillant polilaminat. El taulell \u00e9s de silestone color MARENGO. El mobiliari dels banys \u00e9s de la marca ROYO de la seva col\u00b7lecci\u00f3 BANNIO. Els sanitaris i aixetes tamb\u00e9 s\u00f3n nous.<\/p>\n<p>La pica de la cuina \u00e9s de la marca dake PIQUES.<\/p>\n<p>El s\u00f2l \u00e9s gres d&#8217;imitaci\u00f3 parquet de color gris i s&#8217;ha col\u00b7locat el mateix a tot el pis. D&#8217;aquesta manera queda tot unificat i d\u00f3na sensaci\u00f3 de m\u00e9s amplitud.<\/p>\n<p>Quin canvi!<\/p>\n<p><iframe loading=\"lazy\" title=\"Reforma Integral apartamento en Castelldefels\" width=\"1080\" height=\"608\" src=\"https:\/\/www.youtube.com\/embed\/Z_iWebgqsI0?feature=oembed\"  allow=\"accelerometer; autoplay; clipboard-write; encrypted-media; gyroscope; picture-in-picture; web-share\" allowfullscreen><\/iframe><\/p>\n","protected":false},"excerpt":{"rendered":"<p>En aquest cas hem realitzat la reforma completa d&#8217;aquest pis situat a la localitat de Castelldefels. S&#8217;ha canviat rajoles de parets i s\u00f2ls, canviat els aluminis de tot el pis, canviat les portes de pas, s&#8217;ha realitzat calefacci\u00f3 nova i nou aparell d&#8217;aire condicionat. Canviat canonades, mecanismes i endolls de tot el pis aix\u00ed com [&hellip;]<\/p>\n","protected":false},"author":1,"featured_media":8211,"comment_status":"closed","ping_status":"closed","sticky":false,"template":"","format":"standard","meta":{"_et_pb_use_builder":"","_et_pb_old_content":"","_et_gb_content_width":"","footnotes":""},"categories":[32],"tags":[],"class_list":["post-10303","post","type-post","status-publish","format-standard","has-post-thumbnail","hentry","category-projectes"],"yoast_head":"<!-- This site is optimized with the Yoast SEO plugin v27.5 - https:\/\/yoast.com\/product\/yoast-seo-wordpress\/ -->\n<title>Reforma integral a Castelldefels<\/title>\n<meta name=\"description\" content=\"n aquest cas hem realitzat la reforma completa d&#039;aquest pis situat en la localitat de Castelldefels. S&#039;ha canviat taulells de parets i s\u00f2ls etc..\" \/>\n<meta name=\"robots\" content=\"noindex, follow\" \/>\n<meta property=\"og:locale\" content=\"ca_ES\" \/>\n<meta property=\"og:type\" content=\"article\" \/>\n<meta property=\"og:title\" content=\"Reforma integral a Castelldefels\" \/>\n<meta property=\"og:description\" content=\"n aquest cas hem realitzat la reforma completa d&#039;aquest pis situat en la localitat de Castelldefels. S&#039;ha canviat taulells de parets i s\u00f2ls etc..\" \/>\n<meta property=\"og:url\" content=\"https:\/\/www.studiogatto.es\/ca\/reforma-integral-en-castelldefels\/\" \/>\n<meta property=\"og:site_name\" content=\"Studio Gatto - Cuines i Banys\" \/>\n<meta property=\"article:publisher\" content=\"https:\/\/www.facebook.com\/studiogattocucine\" \/>\n<meta property=\"article:published_time\" content=\"2017-02-02T17:27:44+00:00\" \/>\n<meta property=\"article:modified_time\" content=\"2021-09-06T09:31:29+00:00\" \/>\n<meta property=\"og:image\" content=\"https:\/\/www.studiogatto.es\/wp-content\/uploads\/Reforma-Integral-en-Castelldefels.jpg\" \/>\n\t<meta property=\"og:image:width\" content=\"300\" \/>\n\t<meta property=\"og:image:height\" content=\"169\" \/>\n\t<meta property=\"og:image:type\" content=\"image\/jpeg\" \/>\n<meta name=\"author\" content=\"admin\" \/>\n<meta name=\"twitter:card\" content=\"summary_large_image\" \/>\n<meta name=\"twitter:creator\" content=\"@studiogattosl\" \/>\n<meta name=\"twitter:site\" content=\"@studiogattosl\" \/>\n<meta name=\"twitter:label1\" content=\"Escrit per\" \/>\n\t<meta name=\"twitter:data1\" content=\"admin\" \/>\n\t<meta name=\"twitter:label2\" content=\"Temps estimat de lectura\" \/>\n\t<meta name=\"twitter:data2\" content=\"1 minut\" \/>\n<script type=\"application\/ld+json\" class=\"yoast-schema-graph\">{\"@context\":\"https:\\\/\\\/schema.org\",\"@graph\":[{\"@type\":\"Article\",\"@id\":\"https:\\\/\\\/www.studiogatto.es\\\/ca\\\/reforma-integral-en-castelldefels\\\/#article\",\"isPartOf\":{\"@id\":\"https:\\\/\\\/www.studiogatto.es\\\/ca\\\/reforma-integral-en-castelldefels\\\/\"},\"author\":{\"name\":\"admin\",\"@id\":\"https:\\\/\\\/www.studiogatto.es\\\/ca\\\/#\\\/schema\\\/person\\\/4f471391b1e5fad2f529637583f16c01\"},\"headline\":\"Reforma integral a Castelldefels\",\"datePublished\":\"2017-02-02T17:27:44+00:00\",\"dateModified\":\"2021-09-06T09:31:29+00:00\",\"mainEntityOfPage\":{\"@id\":\"https:\\\/\\\/www.studiogatto.es\\\/ca\\\/reforma-integral-en-castelldefels\\\/\"},\"wordCount\":186,\"publisher\":{\"@id\":\"https:\\\/\\\/www.studiogatto.es\\\/ca\\\/#organization\"},\"image\":{\"@id\":\"https:\\\/\\\/www.studiogatto.es\\\/ca\\\/reforma-integral-en-castelldefels\\\/#primaryimage\"},\"thumbnailUrl\":\"https:\\\/\\\/www.studiogatto.es\\\/wp-content\\\/uploads\\\/Reforma-Integral-en-Castelldefels.jpg\",\"articleSection\":[\"Projectes\"],\"inLanguage\":\"ca\"},{\"@type\":\"WebPage\",\"@id\":\"https:\\\/\\\/www.studiogatto.es\\\/ca\\\/reforma-integral-en-castelldefels\\\/\",\"url\":\"https:\\\/\\\/www.studiogatto.es\\\/ca\\\/reforma-integral-en-castelldefels\\\/\",\"name\":\"Reforma integral a Castelldefels\",\"isPartOf\":{\"@id\":\"https:\\\/\\\/www.studiogatto.es\\\/ca\\\/#website\"},\"primaryImageOfPage\":{\"@id\":\"https:\\\/\\\/www.studiogatto.es\\\/ca\\\/reforma-integral-en-castelldefels\\\/#primaryimage\"},\"image\":{\"@id\":\"https:\\\/\\\/www.studiogatto.es\\\/ca\\\/reforma-integral-en-castelldefels\\\/#primaryimage\"},\"thumbnailUrl\":\"https:\\\/\\\/www.studiogatto.es\\\/wp-content\\\/uploads\\\/Reforma-Integral-en-Castelldefels.jpg\",\"datePublished\":\"2017-02-02T17:27:44+00:00\",\"dateModified\":\"2021-09-06T09:31:29+00:00\",\"description\":\"n aquest cas hem realitzat la reforma completa d'aquest pis situat en la localitat de Castelldefels. S'ha canviat taulells de parets i s\u00f2ls etc..\",\"breadcrumb\":{\"@id\":\"https:\\\/\\\/www.studiogatto.es\\\/ca\\\/reforma-integral-en-castelldefels\\\/#breadcrumb\"},\"inLanguage\":\"ca\",\"potentialAction\":[{\"@type\":\"ReadAction\",\"target\":[\"https:\\\/\\\/www.studiogatto.es\\\/ca\\\/reforma-integral-en-castelldefels\\\/\"]}]},{\"@type\":\"ImageObject\",\"inLanguage\":\"ca\",\"@id\":\"https:\\\/\\\/www.studiogatto.es\\\/ca\\\/reforma-integral-en-castelldefels\\\/#primaryimage\",\"url\":\"https:\\\/\\\/www.studiogatto.es\\\/wp-content\\\/uploads\\\/Reforma-Integral-en-Castelldefels.jpg\",\"contentUrl\":\"https:\\\/\\\/www.studiogatto.es\\\/wp-content\\\/uploads\\\/Reforma-Integral-en-Castelldefels.jpg\",\"width\":300,\"height\":169,\"caption\":\"reforma-cocina-integral\"},{\"@type\":\"BreadcrumbList\",\"@id\":\"https:\\\/\\\/www.studiogatto.es\\\/ca\\\/reforma-integral-en-castelldefels\\\/#breadcrumb\",\"itemListElement\":[{\"@type\":\"ListItem\",\"position\":1,\"name\":\"Portada\",\"item\":\"https:\\\/\\\/www.studiogatto.es\\\/ca\\\/\"},{\"@type\":\"ListItem\",\"position\":2,\"name\":\"Reforma integral a Castelldefels\"}]},{\"@type\":\"WebSite\",\"@id\":\"https:\\\/\\\/www.studiogatto.es\\\/ca\\\/#website\",\"url\":\"https:\\\/\\\/www.studiogatto.es\\\/ca\\\/\",\"name\":\"Studio Gatto - Cuines i Banys\",\"description\":\"Reformas integrales de Cocinas y ba\u00f1os. Interiorismo. Dise\u00f1o.\",\"publisher\":{\"@id\":\"https:\\\/\\\/www.studiogatto.es\\\/ca\\\/#organization\"},\"potentialAction\":[{\"@type\":\"SearchAction\",\"target\":{\"@type\":\"EntryPoint\",\"urlTemplate\":\"https:\\\/\\\/www.studiogatto.es\\\/ca\\\/?s={search_term_string}\"},\"query-input\":{\"@type\":\"PropertyValueSpecification\",\"valueRequired\":true,\"valueName\":\"search_term_string\"}}],\"inLanguage\":\"ca\"},{\"@type\":\"Organization\",\"@id\":\"https:\\\/\\\/www.studiogatto.es\\\/ca\\\/#organization\",\"name\":\"Studio Gatto\",\"url\":\"https:\\\/\\\/www.studiogatto.es\\\/ca\\\/\",\"logo\":{\"@type\":\"ImageObject\",\"inLanguage\":\"ca\",\"@id\":\"https:\\\/\\\/www.studiogatto.es\\\/ca\\\/#\\\/schema\\\/logo\\\/image\\\/\",\"url\":\"https:\\\/\\\/www.studiogatto.es\\\/wp-content\\\/uploads\\\/Nuevo-logotipo.jpg\",\"contentUrl\":\"https:\\\/\\\/www.studiogatto.es\\\/wp-content\\\/uploads\\\/Nuevo-logotipo.jpg\",\"width\":300,\"height\":167,\"caption\":\"Studio Gatto\"},\"image\":{\"@id\":\"https:\\\/\\\/www.studiogatto.es\\\/ca\\\/#\\\/schema\\\/logo\\\/image\\\/\"},\"sameAs\":[\"https:\\\/\\\/www.facebook.com\\\/studiogattocucine\",\"https:\\\/\\\/x.com\\\/studiogattosl\"]},{\"@type\":\"Person\",\"@id\":\"https:\\\/\\\/www.studiogatto.es\\\/ca\\\/#\\\/schema\\\/person\\\/4f471391b1e5fad2f529637583f16c01\",\"name\":\"admin\"}]}<\/script>\n<!-- \/ Yoast SEO plugin. -->","yoast_head_json":{"title":"Reforma integral a Castelldefels","description":"n aquest cas hem realitzat la reforma completa d'aquest pis situat en la localitat de Castelldefels. S'ha canviat taulells de parets i s\u00f2ls etc..","robots":{"index":"noindex","follow":"follow"},"og_locale":"ca_ES","og_type":"article","og_title":"Reforma integral a Castelldefels","og_description":"n aquest cas hem realitzat la reforma completa d'aquest pis situat en la localitat de Castelldefels. S'ha canviat taulells de parets i s\u00f2ls etc..","og_url":"https:\/\/www.studiogatto.es\/ca\/reforma-integral-en-castelldefels\/","og_site_name":"Studio Gatto - Cuines i Banys","article_publisher":"https:\/\/www.facebook.com\/studiogattocucine","article_published_time":"2017-02-02T17:27:44+00:00","article_modified_time":"2021-09-06T09:31:29+00:00","og_image":[{"width":300,"height":169,"url":"https:\/\/www.studiogatto.es\/wp-content\/uploads\/Reforma-Integral-en-Castelldefels.jpg","type":"image\/jpeg"}],"author":"admin","twitter_card":"summary_large_image","twitter_creator":"@studiogattosl","twitter_site":"@studiogattosl","twitter_misc":{"Escrit per":"admin","Temps estimat de lectura":"1 minut"},"schema":{"@context":"https:\/\/schema.org","@graph":[{"@type":"Article","@id":"https:\/\/www.studiogatto.es\/ca\/reforma-integral-en-castelldefels\/#article","isPartOf":{"@id":"https:\/\/www.studiogatto.es\/ca\/reforma-integral-en-castelldefels\/"},"author":{"name":"admin","@id":"https:\/\/www.studiogatto.es\/ca\/#\/schema\/person\/4f471391b1e5fad2f529637583f16c01"},"headline":"Reforma integral a Castelldefels","datePublished":"2017-02-02T17:27:44+00:00","dateModified":"2021-09-06T09:31:29+00:00","mainEntityOfPage":{"@id":"https:\/\/www.studiogatto.es\/ca\/reforma-integral-en-castelldefels\/"},"wordCount":186,"publisher":{"@id":"https:\/\/www.studiogatto.es\/ca\/#organization"},"image":{"@id":"https:\/\/www.studiogatto.es\/ca\/reforma-integral-en-castelldefels\/#primaryimage"},"thumbnailUrl":"https:\/\/www.studiogatto.es\/wp-content\/uploads\/Reforma-Integral-en-Castelldefels.jpg","articleSection":["Projectes"],"inLanguage":"ca"},{"@type":"WebPage","@id":"https:\/\/www.studiogatto.es\/ca\/reforma-integral-en-castelldefels\/","url":"https:\/\/www.studiogatto.es\/ca\/reforma-integral-en-castelldefels\/","name":"Reforma integral a Castelldefels","isPartOf":{"@id":"https:\/\/www.studiogatto.es\/ca\/#website"},"primaryImageOfPage":{"@id":"https:\/\/www.studiogatto.es\/ca\/reforma-integral-en-castelldefels\/#primaryimage"},"image":{"@id":"https:\/\/www.studiogatto.es\/ca\/reforma-integral-en-castelldefels\/#primaryimage"},"thumbnailUrl":"https:\/\/www.studiogatto.es\/wp-content\/uploads\/Reforma-Integral-en-Castelldefels.jpg","datePublished":"2017-02-02T17:27:44+00:00","dateModified":"2021-09-06T09:31:29+00:00","description":"n aquest cas hem realitzat la reforma completa d'aquest pis situat en la localitat de Castelldefels. S'ha canviat taulells de parets i s\u00f2ls etc..","breadcrumb":{"@id":"https:\/\/www.studiogatto.es\/ca\/reforma-integral-en-castelldefels\/#breadcrumb"},"inLanguage":"ca","potentialAction":[{"@type":"ReadAction","target":["https:\/\/www.studiogatto.es\/ca\/reforma-integral-en-castelldefels\/"]}]},{"@type":"ImageObject","inLanguage":"ca","@id":"https:\/\/www.studiogatto.es\/ca\/reforma-integral-en-castelldefels\/#primaryimage","url":"https:\/\/www.studiogatto.es\/wp-content\/uploads\/Reforma-Integral-en-Castelldefels.jpg","contentUrl":"https:\/\/www.studiogatto.es\/wp-content\/uploads\/Reforma-Integral-en-Castelldefels.jpg","width":300,"height":169,"caption":"reforma-cocina-integral"},{"@type":"BreadcrumbList","@id":"https:\/\/www.studiogatto.es\/ca\/reforma-integral-en-castelldefels\/#breadcrumb","itemListElement":[{"@type":"ListItem","position":1,"name":"Portada","item":"https:\/\/www.studiogatto.es\/ca\/"},{"@type":"ListItem","position":2,"name":"Reforma integral a Castelldefels"}]},{"@type":"WebSite","@id":"https:\/\/www.studiogatto.es\/ca\/#website","url":"https:\/\/www.studiogatto.es\/ca\/","name":"Studio Gatto - Cuines i Banys","description":"Reformas integrales de Cocinas y ba\u00f1os. Interiorismo. Dise\u00f1o.","publisher":{"@id":"https:\/\/www.studiogatto.es\/ca\/#organization"},"potentialAction":[{"@type":"SearchAction","target":{"@type":"EntryPoint","urlTemplate":"https:\/\/www.studiogatto.es\/ca\/?s={search_term_string}"},"query-input":{"@type":"PropertyValueSpecification","valueRequired":true,"valueName":"search_term_string"}}],"inLanguage":"ca"},{"@type":"Organization","@id":"https:\/\/www.studiogatto.es\/ca\/#organization","name":"Studio Gatto","url":"https:\/\/www.studiogatto.es\/ca\/","logo":{"@type":"ImageObject","inLanguage":"ca","@id":"https:\/\/www.studiogatto.es\/ca\/#\/schema\/logo\/image\/","url":"https:\/\/www.studiogatto.es\/wp-content\/uploads\/Nuevo-logotipo.jpg","contentUrl":"https:\/\/www.studiogatto.es\/wp-content\/uploads\/Nuevo-logotipo.jpg","width":300,"height":167,"caption":"Studio Gatto"},"image":{"@id":"https:\/\/www.studiogatto.es\/ca\/#\/schema\/logo\/image\/"},"sameAs":["https:\/\/www.facebook.com\/studiogattocucine","https:\/\/x.com\/studiogattosl"]},{"@type":"Person","@id":"https:\/\/www.studiogatto.es\/ca\/#\/schema\/person\/4f471391b1e5fad2f529637583f16c01","name":"admin"}]}},"_links":{"self":[{"href":"https:\/\/www.studiogatto.es\/ca\/wp-json\/wp\/v2\/posts\/10303","targetHints":{"allow":["GET"]}}],"collection":[{"href":"https:\/\/www.studiogatto.es\/ca\/wp-json\/wp\/v2\/posts"}],"about":[{"href":"https:\/\/www.studiogatto.es\/ca\/wp-json\/wp\/v2\/types\/post"}],"author":[{"embeddable":true,"href":"https:\/\/www.studiogatto.es\/ca\/wp-json\/wp\/v2\/users\/1"}],"replies":[{"embeddable":true,"href":"https:\/\/www.studiogatto.es\/ca\/wp-json\/wp\/v2\/comments?post=10303"}],"version-history":[{"count":0,"href":"https:\/\/www.studiogatto.es\/ca\/wp-json\/wp\/v2\/posts\/10303\/revisions"}],"wp:featuredmedia":[{"embeddable":true,"href":"https:\/\/www.studiogatto.es\/ca\/wp-json\/wp\/v2\/media\/8211"}],"wp:attachment":[{"href":"https:\/\/www.studiogatto.es\/ca\/wp-json\/wp\/v2\/media?parent=10303"}],"wp:term":[{"taxonomy":"category","embeddable":true,"href":"https:\/\/www.studiogatto.es\/ca\/wp-json\/wp\/v2\/categories?post=10303"},{"taxonomy":"post_tag","embeddable":true,"href":"https:\/\/www.studiogatto.es\/ca\/wp-json\/wp\/v2\/tags?post=10303"}],"curies":[{"name":"wp","href":"https:\/\/api.w.org\/{rel}","templated":true}]}}