{"id":10278,"date":"2017-02-14T15:53:22","date_gmt":"2017-02-14T15:53:22","guid":{"rendered":"http:\/\/studiogatto.es\/la-cocina-de-marga-y-josep-en-sitges\/"},"modified":"2021-09-06T11:28:33","modified_gmt":"2021-09-06T09:28:33","slug":"la-cocina-de-marga-y-josep-en-sitges","status":"publish","type":"post","link":"https:\/\/www.studiogatto.es\/ca\/la-cocina-de-marga-y-josep-en-sitges\/","title":{"rendered":"La cuina de Marga i Josep a Sitges"},"content":{"rendered":"<p>Enderroc d&#8217;una paret per ajuntar la cuina a la sala. Construcci\u00f3 d&#8217;un env\u00e0 de mitja al\u00e7ada revestit de corian blanc. Tamb\u00e9 s&#8217;ha realitzat les cubetes de les piques en el mateix material. La cuina \u00e9s de material lacat. Quin canvi !!<\/p>\n<p><iframe loading=\"lazy\" title=\"Reforma de cocina en Sitges\" width=\"1080\" height=\"608\" src=\"https:\/\/www.youtube.com\/embed\/Lz74jGePnhg?feature=oembed\"  allow=\"accelerometer; autoplay; clipboard-write; encrypted-media; gyroscope; picture-in-picture; web-share\" allowfullscreen><\/iframe><\/p>\n","protected":false},"excerpt":{"rendered":"<p>Enderroc d&#8217;una paret per ajuntar la cuina a la sala. Construcci\u00f3 d&#8217;un env\u00e0 de mitja al\u00e7ada revestit de corian blanc. Tamb\u00e9 s&#8217;ha realitzat les cubetes de les piques en el mateix material. La cuina \u00e9s de material lacat. Quin canvi !!<\/p>\n","protected":false},"author":1,"featured_media":8195,"comment_status":"closed","ping_status":"closed","sticky":false,"template":"","format":"standard","meta":{"_et_pb_use_builder":"","_et_pb_old_content":"","_et_gb_content_width":"","footnotes":""},"categories":[32],"tags":[],"class_list":["post-10278","post","type-post","status-publish","format-standard","has-post-thumbnail","hentry","category-projectes"],"yoast_head":"<!-- This site is optimized with the Yoast SEO plugin v27.5 - https:\/\/yoast.com\/product\/yoast-seo-wordpress\/ -->\n<title>La cuina de Marga i Josep a Sitges<\/title>\n<meta name=\"description\" content=\"Reforma de cuina. Enderrocament d&#039;una paret per a ajuntar la cuina al sal\u00f3. Construcci\u00f3 d&#039;un env\u00e0 de mitjana altura revestit de corian blanc.\" \/>\n<meta name=\"robots\" content=\"noindex, follow\" \/>\n<meta property=\"og:locale\" content=\"ca_ES\" \/>\n<meta property=\"og:type\" content=\"article\" \/>\n<meta property=\"og:title\" content=\"La cuina de Marga i Josep a Sitges\" \/>\n<meta property=\"og:description\" content=\"Reforma de cuina. Enderrocament d&#039;una paret per a ajuntar la cuina al sal\u00f3. Construcci\u00f3 d&#039;un env\u00e0 de mitjana altura revestit de corian blanc.\" \/>\n<meta property=\"og:url\" content=\"https:\/\/www.studiogatto.es\/ca\/la-cocina-de-marga-y-josep-en-sitges\/\" \/>\n<meta property=\"og:site_name\" content=\"Studio Gatto - Cuines i Banys\" \/>\n<meta property=\"article:publisher\" content=\"https:\/\/www.facebook.com\/studiogattocucine\" \/>\n<meta property=\"article:published_time\" content=\"2017-02-14T15:53:22+00:00\" \/>\n<meta property=\"article:modified_time\" content=\"2021-09-06T09:28:33+00:00\" \/>\n<meta property=\"og:image\" content=\"https:\/\/www.studiogatto.es\/wp-content\/uploads\/La-cocina-de-Marga-i-Josep-en-sitges.jpg\" \/>\n\t<meta property=\"og:image:width\" content=\"300\" \/>\n\t<meta property=\"og:image:height\" content=\"169\" \/>\n\t<meta property=\"og:image:type\" content=\"image\/jpeg\" \/>\n<meta name=\"author\" content=\"admin\" \/>\n<meta name=\"twitter:card\" content=\"summary_large_image\" \/>\n<meta name=\"twitter:creator\" content=\"@studiogattosl\" \/>\n<meta name=\"twitter:site\" content=\"@studiogattosl\" \/>\n<meta name=\"twitter:label1\" content=\"Escrit per\" \/>\n\t<meta name=\"twitter:data1\" content=\"admin\" \/>\n<script type=\"application\/ld+json\" class=\"yoast-schema-graph\">{\"@context\":\"https:\\\/\\\/schema.org\",\"@graph\":[{\"@type\":\"Article\",\"@id\":\"https:\\\/\\\/www.studiogatto.es\\\/ca\\\/la-cocina-de-marga-y-josep-en-sitges\\\/#article\",\"isPartOf\":{\"@id\":\"https:\\\/\\\/www.studiogatto.es\\\/ca\\\/la-cocina-de-marga-y-josep-en-sitges\\\/\"},\"author\":{\"name\":\"admin\",\"@id\":\"https:\\\/\\\/www.studiogatto.es\\\/ca\\\/#\\\/schema\\\/person\\\/4f471391b1e5fad2f529637583f16c01\"},\"headline\":\"La cuina de Marga i Josep a Sitges\",\"datePublished\":\"2017-02-14T15:53:22+00:00\",\"dateModified\":\"2021-09-06T09:28:33+00:00\",\"mainEntityOfPage\":{\"@id\":\"https:\\\/\\\/www.studiogatto.es\\\/ca\\\/la-cocina-de-marga-y-josep-en-sitges\\\/\"},\"wordCount\":62,\"publisher\":{\"@id\":\"https:\\\/\\\/www.studiogatto.es\\\/ca\\\/#organization\"},\"image\":{\"@id\":\"https:\\\/\\\/www.studiogatto.es\\\/ca\\\/la-cocina-de-marga-y-josep-en-sitges\\\/#primaryimage\"},\"thumbnailUrl\":\"https:\\\/\\\/www.studiogatto.es\\\/wp-content\\\/uploads\\\/La-cocina-de-Marga-i-Josep-en-sitges.jpg\",\"articleSection\":[\"Projectes\"],\"inLanguage\":\"ca\"},{\"@type\":\"WebPage\",\"@id\":\"https:\\\/\\\/www.studiogatto.es\\\/ca\\\/la-cocina-de-marga-y-josep-en-sitges\\\/\",\"url\":\"https:\\\/\\\/www.studiogatto.es\\\/ca\\\/la-cocina-de-marga-y-josep-en-sitges\\\/\",\"name\":\"La cuina de Marga i Josep a Sitges\",\"isPartOf\":{\"@id\":\"https:\\\/\\\/www.studiogatto.es\\\/ca\\\/#website\"},\"primaryImageOfPage\":{\"@id\":\"https:\\\/\\\/www.studiogatto.es\\\/ca\\\/la-cocina-de-marga-y-josep-en-sitges\\\/#primaryimage\"},\"image\":{\"@id\":\"https:\\\/\\\/www.studiogatto.es\\\/ca\\\/la-cocina-de-marga-y-josep-en-sitges\\\/#primaryimage\"},\"thumbnailUrl\":\"https:\\\/\\\/www.studiogatto.es\\\/wp-content\\\/uploads\\\/La-cocina-de-Marga-i-Josep-en-sitges.jpg\",\"datePublished\":\"2017-02-14T15:53:22+00:00\",\"dateModified\":\"2021-09-06T09:28:33+00:00\",\"description\":\"Reforma de cuina. Enderrocament d'una paret per a ajuntar la cuina al sal\u00f3. Construcci\u00f3 d'un env\u00e0 de mitjana altura revestit de corian blanc.\",\"breadcrumb\":{\"@id\":\"https:\\\/\\\/www.studiogatto.es\\\/ca\\\/la-cocina-de-marga-y-josep-en-sitges\\\/#breadcrumb\"},\"inLanguage\":\"ca\",\"potentialAction\":[{\"@type\":\"ReadAction\",\"target\":[\"https:\\\/\\\/www.studiogatto.es\\\/ca\\\/la-cocina-de-marga-y-josep-en-sitges\\\/\"]}]},{\"@type\":\"ImageObject\",\"inLanguage\":\"ca\",\"@id\":\"https:\\\/\\\/www.studiogatto.es\\\/ca\\\/la-cocina-de-marga-y-josep-en-sitges\\\/#primaryimage\",\"url\":\"https:\\\/\\\/www.studiogatto.es\\\/wp-content\\\/uploads\\\/La-cocina-de-Marga-i-Josep-en-sitges.jpg\",\"contentUrl\":\"https:\\\/\\\/www.studiogatto.es\\\/wp-content\\\/uploads\\\/La-cocina-de-Marga-i-Josep-en-sitges.jpg\",\"width\":300,\"height\":169,\"caption\":\"cocina-reformas-studio-gatto\"},{\"@type\":\"BreadcrumbList\",\"@id\":\"https:\\\/\\\/www.studiogatto.es\\\/ca\\\/la-cocina-de-marga-y-josep-en-sitges\\\/#breadcrumb\",\"itemListElement\":[{\"@type\":\"ListItem\",\"position\":1,\"name\":\"Portada\",\"item\":\"https:\\\/\\\/www.studiogatto.es\\\/ca\\\/\"},{\"@type\":\"ListItem\",\"position\":2,\"name\":\"La cuina de Marga i Josep a Sitges\"}]},{\"@type\":\"WebSite\",\"@id\":\"https:\\\/\\\/www.studiogatto.es\\\/ca\\\/#website\",\"url\":\"https:\\\/\\\/www.studiogatto.es\\\/ca\\\/\",\"name\":\"Studio Gatto - Cuines i Banys\",\"description\":\"Reformas integrales de Cocinas y ba\u00f1os. Interiorismo. Dise\u00f1o.\",\"publisher\":{\"@id\":\"https:\\\/\\\/www.studiogatto.es\\\/ca\\\/#organization\"},\"potentialAction\":[{\"@type\":\"SearchAction\",\"target\":{\"@type\":\"EntryPoint\",\"urlTemplate\":\"https:\\\/\\\/www.studiogatto.es\\\/ca\\\/?s={search_term_string}\"},\"query-input\":{\"@type\":\"PropertyValueSpecification\",\"valueRequired\":true,\"valueName\":\"search_term_string\"}}],\"inLanguage\":\"ca\"},{\"@type\":\"Organization\",\"@id\":\"https:\\\/\\\/www.studiogatto.es\\\/ca\\\/#organization\",\"name\":\"Studio Gatto\",\"url\":\"https:\\\/\\\/www.studiogatto.es\\\/ca\\\/\",\"logo\":{\"@type\":\"ImageObject\",\"inLanguage\":\"ca\",\"@id\":\"https:\\\/\\\/www.studiogatto.es\\\/ca\\\/#\\\/schema\\\/logo\\\/image\\\/\",\"url\":\"https:\\\/\\\/www.studiogatto.es\\\/wp-content\\\/uploads\\\/Nuevo-logotipo.jpg\",\"contentUrl\":\"https:\\\/\\\/www.studiogatto.es\\\/wp-content\\\/uploads\\\/Nuevo-logotipo.jpg\",\"width\":300,\"height\":167,\"caption\":\"Studio Gatto\"},\"image\":{\"@id\":\"https:\\\/\\\/www.studiogatto.es\\\/ca\\\/#\\\/schema\\\/logo\\\/image\\\/\"},\"sameAs\":[\"https:\\\/\\\/www.facebook.com\\\/studiogattocucine\",\"https:\\\/\\\/x.com\\\/studiogattosl\"]},{\"@type\":\"Person\",\"@id\":\"https:\\\/\\\/www.studiogatto.es\\\/ca\\\/#\\\/schema\\\/person\\\/4f471391b1e5fad2f529637583f16c01\",\"name\":\"admin\"}]}<\/script>\n<!-- \/ Yoast SEO plugin. -->","yoast_head_json":{"title":"La cuina de Marga i Josep a Sitges","description":"Reforma de cuina. Enderrocament d'una paret per a ajuntar la cuina al sal\u00f3. Construcci\u00f3 d'un env\u00e0 de mitjana altura revestit de corian blanc.","robots":{"index":"noindex","follow":"follow"},"og_locale":"ca_ES","og_type":"article","og_title":"La cuina de Marga i Josep a Sitges","og_description":"Reforma de cuina. Enderrocament d'una paret per a ajuntar la cuina al sal\u00f3. Construcci\u00f3 d'un env\u00e0 de mitjana altura revestit de corian blanc.","og_url":"https:\/\/www.studiogatto.es\/ca\/la-cocina-de-marga-y-josep-en-sitges\/","og_site_name":"Studio Gatto - Cuines i Banys","article_publisher":"https:\/\/www.facebook.com\/studiogattocucine","article_published_time":"2017-02-14T15:53:22+00:00","article_modified_time":"2021-09-06T09:28:33+00:00","og_image":[{"width":300,"height":169,"url":"https:\/\/www.studiogatto.es\/wp-content\/uploads\/La-cocina-de-Marga-i-Josep-en-sitges.jpg","type":"image\/jpeg"}],"author":"admin","twitter_card":"summary_large_image","twitter_creator":"@studiogattosl","twitter_site":"@studiogattosl","twitter_misc":{"Escrit per":"admin"},"schema":{"@context":"https:\/\/schema.org","@graph":[{"@type":"Article","@id":"https:\/\/www.studiogatto.es\/ca\/la-cocina-de-marga-y-josep-en-sitges\/#article","isPartOf":{"@id":"https:\/\/www.studiogatto.es\/ca\/la-cocina-de-marga-y-josep-en-sitges\/"},"author":{"name":"admin","@id":"https:\/\/www.studiogatto.es\/ca\/#\/schema\/person\/4f471391b1e5fad2f529637583f16c01"},"headline":"La cuina de Marga i Josep a Sitges","datePublished":"2017-02-14T15:53:22+00:00","dateModified":"2021-09-06T09:28:33+00:00","mainEntityOfPage":{"@id":"https:\/\/www.studiogatto.es\/ca\/la-cocina-de-marga-y-josep-en-sitges\/"},"wordCount":62,"publisher":{"@id":"https:\/\/www.studiogatto.es\/ca\/#organization"},"image":{"@id":"https:\/\/www.studiogatto.es\/ca\/la-cocina-de-marga-y-josep-en-sitges\/#primaryimage"},"thumbnailUrl":"https:\/\/www.studiogatto.es\/wp-content\/uploads\/La-cocina-de-Marga-i-Josep-en-sitges.jpg","articleSection":["Projectes"],"inLanguage":"ca"},{"@type":"WebPage","@id":"https:\/\/www.studiogatto.es\/ca\/la-cocina-de-marga-y-josep-en-sitges\/","url":"https:\/\/www.studiogatto.es\/ca\/la-cocina-de-marga-y-josep-en-sitges\/","name":"La cuina de Marga i Josep a Sitges","isPartOf":{"@id":"https:\/\/www.studiogatto.es\/ca\/#website"},"primaryImageOfPage":{"@id":"https:\/\/www.studiogatto.es\/ca\/la-cocina-de-marga-y-josep-en-sitges\/#primaryimage"},"image":{"@id":"https:\/\/www.studiogatto.es\/ca\/la-cocina-de-marga-y-josep-en-sitges\/#primaryimage"},"thumbnailUrl":"https:\/\/www.studiogatto.es\/wp-content\/uploads\/La-cocina-de-Marga-i-Josep-en-sitges.jpg","datePublished":"2017-02-14T15:53:22+00:00","dateModified":"2021-09-06T09:28:33+00:00","description":"Reforma de cuina. Enderrocament d'una paret per a ajuntar la cuina al sal\u00f3. Construcci\u00f3 d'un env\u00e0 de mitjana altura revestit de corian blanc.","breadcrumb":{"@id":"https:\/\/www.studiogatto.es\/ca\/la-cocina-de-marga-y-josep-en-sitges\/#breadcrumb"},"inLanguage":"ca","potentialAction":[{"@type":"ReadAction","target":["https:\/\/www.studiogatto.es\/ca\/la-cocina-de-marga-y-josep-en-sitges\/"]}]},{"@type":"ImageObject","inLanguage":"ca","@id":"https:\/\/www.studiogatto.es\/ca\/la-cocina-de-marga-y-josep-en-sitges\/#primaryimage","url":"https:\/\/www.studiogatto.es\/wp-content\/uploads\/La-cocina-de-Marga-i-Josep-en-sitges.jpg","contentUrl":"https:\/\/www.studiogatto.es\/wp-content\/uploads\/La-cocina-de-Marga-i-Josep-en-sitges.jpg","width":300,"height":169,"caption":"cocina-reformas-studio-gatto"},{"@type":"BreadcrumbList","@id":"https:\/\/www.studiogatto.es\/ca\/la-cocina-de-marga-y-josep-en-sitges\/#breadcrumb","itemListElement":[{"@type":"ListItem","position":1,"name":"Portada","item":"https:\/\/www.studiogatto.es\/ca\/"},{"@type":"ListItem","position":2,"name":"La cuina de Marga i Josep a Sitges"}]},{"@type":"WebSite","@id":"https:\/\/www.studiogatto.es\/ca\/#website","url":"https:\/\/www.studiogatto.es\/ca\/","name":"Studio Gatto - Cuines i Banys","description":"Reformas integrales de Cocinas y ba\u00f1os. Interiorismo. Dise\u00f1o.","publisher":{"@id":"https:\/\/www.studiogatto.es\/ca\/#organization"},"potentialAction":[{"@type":"SearchAction","target":{"@type":"EntryPoint","urlTemplate":"https:\/\/www.studiogatto.es\/ca\/?s={search_term_string}"},"query-input":{"@type":"PropertyValueSpecification","valueRequired":true,"valueName":"search_term_string"}}],"inLanguage":"ca"},{"@type":"Organization","@id":"https:\/\/www.studiogatto.es\/ca\/#organization","name":"Studio Gatto","url":"https:\/\/www.studiogatto.es\/ca\/","logo":{"@type":"ImageObject","inLanguage":"ca","@id":"https:\/\/www.studiogatto.es\/ca\/#\/schema\/logo\/image\/","url":"https:\/\/www.studiogatto.es\/wp-content\/uploads\/Nuevo-logotipo.jpg","contentUrl":"https:\/\/www.studiogatto.es\/wp-content\/uploads\/Nuevo-logotipo.jpg","width":300,"height":167,"caption":"Studio Gatto"},"image":{"@id":"https:\/\/www.studiogatto.es\/ca\/#\/schema\/logo\/image\/"},"sameAs":["https:\/\/www.facebook.com\/studiogattocucine","https:\/\/x.com\/studiogattosl"]},{"@type":"Person","@id":"https:\/\/www.studiogatto.es\/ca\/#\/schema\/person\/4f471391b1e5fad2f529637583f16c01","name":"admin"}]}},"_links":{"self":[{"href":"https:\/\/www.studiogatto.es\/ca\/wp-json\/wp\/v2\/posts\/10278","targetHints":{"allow":["GET"]}}],"collection":[{"href":"https:\/\/www.studiogatto.es\/ca\/wp-json\/wp\/v2\/posts"}],"about":[{"href":"https:\/\/www.studiogatto.es\/ca\/wp-json\/wp\/v2\/types\/post"}],"author":[{"embeddable":true,"href":"https:\/\/www.studiogatto.es\/ca\/wp-json\/wp\/v2\/users\/1"}],"replies":[{"embeddable":true,"href":"https:\/\/www.studiogatto.es\/ca\/wp-json\/wp\/v2\/comments?post=10278"}],"version-history":[{"count":0,"href":"https:\/\/www.studiogatto.es\/ca\/wp-json\/wp\/v2\/posts\/10278\/revisions"}],"wp:featuredmedia":[{"embeddable":true,"href":"https:\/\/www.studiogatto.es\/ca\/wp-json\/wp\/v2\/media\/8195"}],"wp:attachment":[{"href":"https:\/\/www.studiogatto.es\/ca\/wp-json\/wp\/v2\/media?parent=10278"}],"wp:term":[{"taxonomy":"category","embeddable":true,"href":"https:\/\/www.studiogatto.es\/ca\/wp-json\/wp\/v2\/categories?post=10278"},{"taxonomy":"post_tag","embeddable":true,"href":"https:\/\/www.studiogatto.es\/ca\/wp-json\/wp\/v2\/tags?post=10278"}],"curies":[{"name":"wp","href":"https:\/\/api.w.org\/{rel}","templated":true}]}}