{"id":10142,"date":"2018-05-08T15:28:00","date_gmt":"2018-05-08T15:28:00","guid":{"rendered":"http:\/\/studiogatto.es\/cocina-reformada-en-el-vendrell-la-lavadora-en-la-cocina\/"},"modified":"2021-09-06T12:10:33","modified_gmt":"2021-09-06T10:10:33","slug":"cocina-reformada-en-el-vendrell-la-lavadora-en-la-cocina","status":"publish","type":"post","link":"https:\/\/www.studiogatto.es\/ca\/cocina-reformada-en-el-vendrell-la-lavadora-en-la-cocina\/","title":{"rendered":"Cuina reformada a l&#8217;Vendrell- La rentadora a la cuina"},"content":{"rendered":"<p>El mobiliari de cuina \u00e9s de la marca Inko model Am\u00e0lia en color blanc brillant. L&#8217;est\u00e8tica \u00e9s sense tiradors ja que la pr\u00f2pia porta ja t\u00e9 la forma. El taulell \u00e9s Dekton color Makai. S&#8217;ha enderrocat una paret de l&#8217;safareig per unificar l&#8217;espai i fer m\u00e9s gran la cuina. La rentadora s&#8217;ha incorporat a la cuina i, per a m\u00e9s comoditat, s&#8217;ha instal\u00b7lat un moble base amb cistell extra\u00efble per recollir la roba bruta. Tamb\u00e9 s&#8217;ha creat una petita zona de caf\u00e8 reduint el taulell de fons per no entorpir el pas. L&#8217;espai \u00e9s c\u00f2mode, funcional i alhora bonic. Una cuina ben aprofitada.<\/p>\n<p><strong> La cuina abans de la reforma: <\/ strong><\/p>\n\n\t\t<style type=\"text\/css\">\n\t\t\t#gallery-1 {\n\t\t\t\tmargin: auto;\n\t\t\t}\n\t\t\t#gallery-1 .gallery-item {\n\t\t\t\tfloat: left;\n\t\t\t\tmargin-top: 10px;\n\t\t\t\ttext-align: center;\n\t\t\t\twidth: 33%;\n\t\t\t}\n\t\t\t#gallery-1 img {\n\t\t\t\tborder: 2px solid #cfcfcf;\n\t\t\t}\n\t\t\t#gallery-1 .gallery-caption {\n\t\t\t\tmargin-left: 0;\n\t\t\t}\n\t\t\t\/* see gallery_shortcode() in wp-includes\/media.php *\/\n\t\t<\/style>\n\t\t<div id='gallery-1' class='gallery galleryid-10142 gallery-columns-3 gallery-size-full'><dl class='gallery-item'>\n\t\t\t<dt class='gallery-icon portrait'>\n\t\t\t\t<a href='https:\/\/www.studiogatto.es\/ca\/cocina-reformada-en-el-vendrell-la-lavadora-en-la-cocina\/8-13-2-2\/'><img loading=\"lazy\" decoding=\"async\" width=\"500\" height=\"666\" src=\"https:\/\/www.studiogatto.es\/wp-content\/uploads\/8-13-1.jpg\" class=\"attachment-full size-full\" alt=\"\" srcset=\"https:\/\/www.studiogatto.es\/wp-content\/uploads\/8-13-1.jpg 500w, https:\/\/www.studiogatto.es\/wp-content\/uploads\/8-13-1-480x639.jpg 480w\" sizes=\"(min-width: 0px) and (max-width: 480px) 480px, (min-width: 481px) 500px, 100vw\" \/><\/a>\n\t\t\t<\/dt><\/dl><dl class='gallery-item'>\n\t\t\t<dt class='gallery-icon portrait'>\n\t\t\t\t<a href='https:\/\/www.studiogatto.es\/ca\/cocina-reformada-en-el-vendrell-la-lavadora-en-la-cocina\/9-12-2-2\/'><img loading=\"lazy\" decoding=\"async\" width=\"500\" height=\"666\" src=\"https:\/\/www.studiogatto.es\/wp-content\/uploads\/9-12-1.jpg\" class=\"attachment-full size-full\" alt=\"\" srcset=\"https:\/\/www.studiogatto.es\/wp-content\/uploads\/9-12-1.jpg 500w, https:\/\/www.studiogatto.es\/wp-content\/uploads\/9-12-1-480x639.jpg 480w\" sizes=\"(min-width: 0px) and (max-width: 480px) 480px, (min-width: 481px) 500px, 100vw\" \/><\/a>\n\t\t\t<\/dt><\/dl><dl class='gallery-item'>\n\t\t\t<dt class='gallery-icon portrait'>\n\t\t\t\t<a href='https:\/\/www.studiogatto.es\/ca\/cocina-reformada-en-el-vendrell-la-lavadora-en-la-cocina\/10-11-2-2\/'><img loading=\"lazy\" decoding=\"async\" width=\"500\" height=\"666\" src=\"https:\/\/www.studiogatto.es\/wp-content\/uploads\/10-11-1.jpg\" class=\"attachment-full size-full\" alt=\"\" srcset=\"https:\/\/www.studiogatto.es\/wp-content\/uploads\/10-11-1.jpg 500w, https:\/\/www.studiogatto.es\/wp-content\/uploads\/10-11-1-480x639.jpg 480w\" sizes=\"(min-width: 0px) and (max-width: 480px) 480px, (min-width: 481px) 500px, 100vw\" \/><\/a>\n\t\t\t<\/dt><\/dl><br style=\"clear: both\" \/><dl class='gallery-item'>\n\t\t\t<dt class='gallery-icon portrait'>\n\t\t\t\t<a href='https:\/\/www.studiogatto.es\/ca\/cocina-reformada-en-el-vendrell-la-lavadora-en-la-cocina\/11-8-2-2\/'><img loading=\"lazy\" decoding=\"async\" width=\"400\" height=\"533\" src=\"https:\/\/www.studiogatto.es\/wp-content\/uploads\/11-8-1.jpg\" class=\"attachment-full size-full\" alt=\"\" srcset=\"https:\/\/www.studiogatto.es\/wp-content\/uploads\/11-8-1.jpg 400w, https:\/\/www.studiogatto.es\/wp-content\/uploads\/11-8-1-225x300.jpg 225w\" sizes=\"(max-width: 400px) 100vw, 400px\" \/><\/a>\n\t\t\t<\/dt><\/dl><dl class='gallery-item'>\n\t\t\t<dt class='gallery-icon portrait'>\n\t\t\t\t<a href='https:\/\/www.studiogatto.es\/ca\/cocina-reformada-en-el-vendrell-la-lavadora-en-la-cocina\/12-6-2-2\/'><img loading=\"lazy\" decoding=\"async\" width=\"400\" height=\"533\" src=\"https:\/\/www.studiogatto.es\/wp-content\/uploads\/12-6-1.jpg\" class=\"attachment-full size-full\" alt=\"\" srcset=\"https:\/\/www.studiogatto.es\/wp-content\/uploads\/12-6-1.jpg 400w, https:\/\/www.studiogatto.es\/wp-content\/uploads\/12-6-1-225x300.jpg 225w\" sizes=\"(max-width: 400px) 100vw, 400px\" \/><\/a>\n\t\t\t<\/dt><\/dl><dl class='gallery-item'>\n\t\t\t<dt class='gallery-icon portrait'>\n\t\t\t\t<a href='https:\/\/www.studiogatto.es\/ca\/cocina-reformada-en-el-vendrell-la-lavadora-en-la-cocina\/14-5-2-2\/'><img loading=\"lazy\" decoding=\"async\" width=\"400\" height=\"533\" src=\"https:\/\/www.studiogatto.es\/wp-content\/uploads\/14-5-1.jpg\" class=\"attachment-full size-full\" alt=\"\" srcset=\"https:\/\/www.studiogatto.es\/wp-content\/uploads\/14-5-1.jpg 400w, https:\/\/www.studiogatto.es\/wp-content\/uploads\/14-5-1-225x300.jpg 225w\" sizes=\"(max-width: 400px) 100vw, 400px\" \/><\/a>\n\t\t\t<\/dt><\/dl><br style=\"clear: both\" \/><dl class='gallery-item'>\n\t\t\t<dt class='gallery-icon landscape'>\n\t\t\t\t<a href='https:\/\/www.studiogatto.es\/ca\/cocina-reformada-en-el-vendrell-la-lavadora-en-la-cocina\/13-5-3-2\/'><img loading=\"lazy\" decoding=\"async\" width=\"400\" height=\"300\" src=\"https:\/\/www.studiogatto.es\/wp-content\/uploads\/13-5-1.jpg\" class=\"attachment-full size-full\" alt=\"\" srcset=\"https:\/\/www.studiogatto.es\/wp-content\/uploads\/13-5-1.jpg 400w, https:\/\/www.studiogatto.es\/wp-content\/uploads\/13-5-1-300x225.jpg 300w\" sizes=\"(max-width: 400px) 100vw, 400px\" \/><\/a>\n\t\t\t<\/dt><\/dl>\n\t\t\t<br style='clear: both' \/>\n\t\t<\/div>\n\n<p>&nbsp;<\/p>\n<p><strong> Cuina despr\u00e9s de la reforma: <\/strong><\/p>\n\n\t\t<style type=\"text\/css\">\n\t\t\t#gallery-2 {\n\t\t\t\tmargin: auto;\n\t\t\t}\n\t\t\t#gallery-2 .gallery-item {\n\t\t\t\tfloat: left;\n\t\t\t\tmargin-top: 10px;\n\t\t\t\ttext-align: center;\n\t\t\t\twidth: 33%;\n\t\t\t}\n\t\t\t#gallery-2 img {\n\t\t\t\tborder: 2px solid #cfcfcf;\n\t\t\t}\n\t\t\t#gallery-2 .gallery-caption {\n\t\t\t\tmargin-left: 0;\n\t\t\t}\n\t\t\t\/* see gallery_shortcode() in wp-includes\/media.php *\/\n\t\t<\/style>\n\t\t<div id='gallery-2' class='gallery galleryid-10142 gallery-columns-3 gallery-size-full'><dl class='gallery-item'>\n\t\t\t<dt class='gallery-icon portrait'>\n\t\t\t\t<a href='https:\/\/www.studiogatto.es\/ca\/cocina-reformada-en-el-vendrell-la-lavadora-en-la-cocina\/2-16-2-2\/'><img loading=\"lazy\" decoding=\"async\" width=\"500\" height=\"888\" src=\"https:\/\/www.studiogatto.es\/wp-content\/uploads\/2-16-1.jpg\" class=\"attachment-full size-full\" alt=\"\" srcset=\"https:\/\/www.studiogatto.es\/wp-content\/uploads\/2-16-1.jpg 500w, https:\/\/www.studiogatto.es\/wp-content\/uploads\/2-16-1-480x852.jpg 480w\" sizes=\"(min-width: 0px) and (max-width: 480px) 480px, (min-width: 481px) 500px, 100vw\" \/><\/a>\n\t\t\t<\/dt><\/dl><dl class='gallery-item'>\n\t\t\t<dt class='gallery-icon portrait'>\n\t\t\t\t<a href='https:\/\/www.studiogatto.es\/ca\/cocina-reformada-en-el-vendrell-la-lavadora-en-la-cocina\/3-17-2-2\/'><img loading=\"lazy\" decoding=\"async\" width=\"500\" height=\"888\" src=\"https:\/\/www.studiogatto.es\/wp-content\/uploads\/3-17-1.jpg\" class=\"attachment-full size-full\" alt=\"\" srcset=\"https:\/\/www.studiogatto.es\/wp-content\/uploads\/3-17-1.jpg 500w, https:\/\/www.studiogatto.es\/wp-content\/uploads\/3-17-1-480x852.jpg 480w\" sizes=\"(min-width: 0px) and (max-width: 480px) 480px, (min-width: 481px) 500px, 100vw\" \/><\/a>\n\t\t\t<\/dt><\/dl><dl class='gallery-item'>\n\t\t\t<dt class='gallery-icon portrait'>\n\t\t\t\t<a href='https:\/\/www.studiogatto.es\/ca\/cocina-reformada-en-el-vendrell-la-lavadora-en-la-cocina\/6-15-2-2\/'><img loading=\"lazy\" decoding=\"async\" width=\"400\" height=\"711\" src=\"https:\/\/www.studiogatto.es\/wp-content\/uploads\/6-15-1.jpg\" class=\"attachment-full size-full\" alt=\"\" srcset=\"https:\/\/www.studiogatto.es\/wp-content\/uploads\/6-15-1.jpg 400w, https:\/\/www.studiogatto.es\/wp-content\/uploads\/6-15-1-169x300.jpg 169w\" sizes=\"(max-width: 400px) 100vw, 400px\" \/><\/a>\n\t\t\t<\/dt><\/dl><br style=\"clear: both\" \/><dl class='gallery-item'>\n\t\t\t<dt class='gallery-icon landscape'>\n\t\t\t\t<a href='https:\/\/www.studiogatto.es\/ca\/cocina-reformada-en-el-vendrell-la-lavadora-en-la-cocina\/1-17-2-2\/'><img loading=\"lazy\" decoding=\"async\" width=\"764\" height=\"430\" src=\"https:\/\/www.studiogatto.es\/wp-content\/uploads\/1-17-1.jpg\" class=\"attachment-full size-full\" alt=\"\" srcset=\"https:\/\/www.studiogatto.es\/wp-content\/uploads\/1-17-1.jpg 764w, https:\/\/www.studiogatto.es\/wp-content\/uploads\/1-17-1-480x270.jpg 480w\" sizes=\"(min-width: 0px) and (max-width: 480px) 480px, (min-width: 481px) 764px, 100vw\" \/><\/a>\n\t\t\t<\/dt><\/dl><dl class='gallery-item'>\n\t\t\t<dt class='gallery-icon landscape'>\n\t\t\t\t<a href='https:\/\/www.studiogatto.es\/ca\/cocina-reformada-en-el-vendrell-la-lavadora-en-la-cocina\/4-15-3-2\/'><img loading=\"lazy\" decoding=\"async\" width=\"700\" height=\"393\" src=\"https:\/\/www.studiogatto.es\/wp-content\/uploads\/4-15-2.jpg\" class=\"attachment-full size-full\" alt=\"\" srcset=\"https:\/\/www.studiogatto.es\/wp-content\/uploads\/4-15-2.jpg 700w, https:\/\/www.studiogatto.es\/wp-content\/uploads\/4-15-2-480x269.jpg 480w\" sizes=\"(min-width: 0px) and (max-width: 480px) 480px, (min-width: 481px) 700px, 100vw\" \/><\/a>\n\t\t\t<\/dt><\/dl><dl class='gallery-item'>\n\t\t\t<dt class='gallery-icon landscape'>\n\t\t\t\t<a href='https:\/\/www.studiogatto.es\/ca\/cocina-reformada-en-el-vendrell-la-lavadora-en-la-cocina\/5-16-2-2\/'><img loading=\"lazy\" decoding=\"async\" width=\"600\" height=\"337\" src=\"https:\/\/www.studiogatto.es\/wp-content\/uploads\/5-16-1.jpg\" class=\"attachment-full size-full\" alt=\"\" srcset=\"https:\/\/www.studiogatto.es\/wp-content\/uploads\/5-16-1.jpg 600w, https:\/\/www.studiogatto.es\/wp-content\/uploads\/5-16-1-480x270.jpg 480w\" sizes=\"(min-width: 0px) and (max-width: 480px) 480px, (min-width: 481px) 600px, 100vw\" \/><\/a>\n\t\t\t<\/dt><\/dl><br style=\"clear: both\" \/>\n\t\t<\/div>\n\n","protected":false},"excerpt":{"rendered":"<p>El mobiliari de cuina \u00e9s de la marca Inko model Am\u00e0lia en color blanc brillant. L&#8217;est\u00e8tica \u00e9s sense tiradors ja que la pr\u00f2pia porta ja t\u00e9 la forma. El taulell \u00e9s Dekton color Makai. S&#8217;ha enderrocat una paret de l&#8217;safareig per unificar l&#8217;espai i fer m\u00e9s gran la cuina. La rentadora s&#8217;ha incorporat a la [&hellip;]<\/p>\n","protected":false},"author":1,"featured_media":8094,"comment_status":"closed","ping_status":"closed","sticky":false,"template":"","format":"standard","meta":{"_et_pb_use_builder":"","_et_pb_old_content":"","_et_gb_content_width":"","footnotes":""},"categories":[32],"tags":[],"class_list":["post-10142","post","type-post","status-publish","format-standard","has-post-thumbnail","hentry","category-projectes"],"yoast_head":"<!-- This site is optimized with the Yoast SEO plugin v27.5 - https:\/\/yoast.com\/product\/yoast-seo-wordpress\/ -->\n<title>Cuina reformada a l&#039;Vendrell- La rentadora a la cuina Studio Gatto - Cuines i Banys<\/title>\n<meta name=\"description\" content=\"Cuina reformada al Vendrell. S&#039;ha derrocat una paret del safareig per a unificar l&#039;espai i engrandir la cuina, s&#039;ha instal\u00b7lat un moble etc..\" \/>\n<meta name=\"robots\" content=\"index, follow, max-snippet:-1, max-image-preview:large, max-video-preview:-1\" \/>\n<link rel=\"canonical\" href=\"https:\/\/www.studiogatto.es\/ca\/cocina-reformada-en-el-vendrell-la-lavadora-en-la-cocina\/\" \/>\n<meta property=\"og:locale\" content=\"ca_ES\" \/>\n<meta property=\"og:type\" content=\"article\" \/>\n<meta property=\"og:title\" content=\"Cuina reformada a l&#039;Vendrell- La rentadora a la cuina Studio Gatto - Cuines i Banys\" \/>\n<meta property=\"og:description\" content=\"Cuina reformada al Vendrell. S&#039;ha derrocat una paret del safareig per a unificar l&#039;espai i engrandir la cuina, s&#039;ha instal\u00b7lat un moble etc..\" \/>\n<meta property=\"og:url\" content=\"https:\/\/www.studiogatto.es\/ca\/cocina-reformada-en-el-vendrell-la-lavadora-en-la-cocina\/\" \/>\n<meta property=\"og:site_name\" content=\"Studio Gatto - Cuines i Banys\" \/>\n<meta property=\"article:publisher\" content=\"https:\/\/www.facebook.com\/studiogattocucine\" \/>\n<meta property=\"article:published_time\" content=\"2018-05-08T15:28:00+00:00\" \/>\n<meta property=\"article:modified_time\" content=\"2021-09-06T10:10:33+00:00\" \/>\n<meta property=\"og:image\" content=\"https:\/\/www.studiogatto.es\/wp-content\/uploads\/Cocina-reformada-en-el-vendrell.jpg\" \/>\n\t<meta property=\"og:image:width\" content=\"300\" \/>\n\t<meta property=\"og:image:height\" content=\"169\" \/>\n\t<meta property=\"og:image:type\" content=\"image\/jpeg\" \/>\n<meta name=\"author\" content=\"admin\" \/>\n<meta name=\"twitter:card\" content=\"summary_large_image\" \/>\n<meta name=\"twitter:creator\" content=\"@studiogattosl\" \/>\n<meta name=\"twitter:site\" content=\"@studiogattosl\" \/>\n<meta name=\"twitter:label1\" content=\"Escrit per\" \/>\n\t<meta name=\"twitter:data1\" content=\"admin\" \/>\n\t<meta name=\"twitter:label2\" content=\"Temps estimat de lectura\" \/>\n\t<meta name=\"twitter:data2\" content=\"1 minut\" \/>\n<script type=\"application\/ld+json\" class=\"yoast-schema-graph\">{\"@context\":\"https:\\\/\\\/schema.org\",\"@graph\":[{\"@type\":\"Article\",\"@id\":\"https:\\\/\\\/www.studiogatto.es\\\/ca\\\/cocina-reformada-en-el-vendrell-la-lavadora-en-la-cocina\\\/#article\",\"isPartOf\":{\"@id\":\"https:\\\/\\\/www.studiogatto.es\\\/ca\\\/cocina-reformada-en-el-vendrell-la-lavadora-en-la-cocina\\\/\"},\"author\":{\"name\":\"admin\",\"@id\":\"https:\\\/\\\/www.studiogatto.es\\\/ca\\\/#\\\/schema\\\/person\\\/4f471391b1e5fad2f529637583f16c01\"},\"headline\":\"Cuina reformada a l&#8217;Vendrell- La rentadora a la cuina\",\"datePublished\":\"2018-05-08T15:28:00+00:00\",\"dateModified\":\"2021-09-06T10:10:33+00:00\",\"mainEntityOfPage\":{\"@id\":\"https:\\\/\\\/www.studiogatto.es\\\/ca\\\/cocina-reformada-en-el-vendrell-la-lavadora-en-la-cocina\\\/\"},\"wordCount\":150,\"publisher\":{\"@id\":\"https:\\\/\\\/www.studiogatto.es\\\/ca\\\/#organization\"},\"image\":{\"@id\":\"https:\\\/\\\/www.studiogatto.es\\\/ca\\\/cocina-reformada-en-el-vendrell-la-lavadora-en-la-cocina\\\/#primaryimage\"},\"thumbnailUrl\":\"https:\\\/\\\/www.studiogatto.es\\\/wp-content\\\/uploads\\\/Cocina-reformada-en-el-vendrell.jpg\",\"articleSection\":[\"Projectes\"],\"inLanguage\":\"ca\"},{\"@type\":\"WebPage\",\"@id\":\"https:\\\/\\\/www.studiogatto.es\\\/ca\\\/cocina-reformada-en-el-vendrell-la-lavadora-en-la-cocina\\\/\",\"url\":\"https:\\\/\\\/www.studiogatto.es\\\/ca\\\/cocina-reformada-en-el-vendrell-la-lavadora-en-la-cocina\\\/\",\"name\":\"Cuina reformada a l'Vendrell- La rentadora a la cuina Studio Gatto - Cuines i Banys\",\"isPartOf\":{\"@id\":\"https:\\\/\\\/www.studiogatto.es\\\/ca\\\/#website\"},\"primaryImageOfPage\":{\"@id\":\"https:\\\/\\\/www.studiogatto.es\\\/ca\\\/cocina-reformada-en-el-vendrell-la-lavadora-en-la-cocina\\\/#primaryimage\"},\"image\":{\"@id\":\"https:\\\/\\\/www.studiogatto.es\\\/ca\\\/cocina-reformada-en-el-vendrell-la-lavadora-en-la-cocina\\\/#primaryimage\"},\"thumbnailUrl\":\"https:\\\/\\\/www.studiogatto.es\\\/wp-content\\\/uploads\\\/Cocina-reformada-en-el-vendrell.jpg\",\"datePublished\":\"2018-05-08T15:28:00+00:00\",\"dateModified\":\"2021-09-06T10:10:33+00:00\",\"description\":\"Cuina reformada al Vendrell. S'ha derrocat una paret del safareig per a unificar l'espai i engrandir la cuina, s'ha instal\u00b7lat un moble etc..\",\"breadcrumb\":{\"@id\":\"https:\\\/\\\/www.studiogatto.es\\\/ca\\\/cocina-reformada-en-el-vendrell-la-lavadora-en-la-cocina\\\/#breadcrumb\"},\"inLanguage\":\"ca\",\"potentialAction\":[{\"@type\":\"ReadAction\",\"target\":[\"https:\\\/\\\/www.studiogatto.es\\\/ca\\\/cocina-reformada-en-el-vendrell-la-lavadora-en-la-cocina\\\/\"]}]},{\"@type\":\"ImageObject\",\"inLanguage\":\"ca\",\"@id\":\"https:\\\/\\\/www.studiogatto.es\\\/ca\\\/cocina-reformada-en-el-vendrell-la-lavadora-en-la-cocina\\\/#primaryimage\",\"url\":\"https:\\\/\\\/www.studiogatto.es\\\/wp-content\\\/uploads\\\/Cocina-reformada-en-el-vendrell.jpg\",\"contentUrl\":\"https:\\\/\\\/www.studiogatto.es\\\/wp-content\\\/uploads\\\/Cocina-reformada-en-el-vendrell.jpg\",\"width\":300,\"height\":169,\"caption\":\"cocina-reforma\"},{\"@type\":\"BreadcrumbList\",\"@id\":\"https:\\\/\\\/www.studiogatto.es\\\/ca\\\/cocina-reformada-en-el-vendrell-la-lavadora-en-la-cocina\\\/#breadcrumb\",\"itemListElement\":[{\"@type\":\"ListItem\",\"position\":1,\"name\":\"Portada\",\"item\":\"https:\\\/\\\/www.studiogatto.es\\\/ca\\\/\"},{\"@type\":\"ListItem\",\"position\":2,\"name\":\"Cuina reformada a l&#8217;Vendrell- La rentadora a la cuina\"}]},{\"@type\":\"WebSite\",\"@id\":\"https:\\\/\\\/www.studiogatto.es\\\/ca\\\/#website\",\"url\":\"https:\\\/\\\/www.studiogatto.es\\\/ca\\\/\",\"name\":\"Studio Gatto - Cuines i Banys\",\"description\":\"Reformas integrales de Cocinas y ba\u00f1os. Interiorismo. Dise\u00f1o.\",\"publisher\":{\"@id\":\"https:\\\/\\\/www.studiogatto.es\\\/ca\\\/#organization\"},\"potentialAction\":[{\"@type\":\"SearchAction\",\"target\":{\"@type\":\"EntryPoint\",\"urlTemplate\":\"https:\\\/\\\/www.studiogatto.es\\\/ca\\\/?s={search_term_string}\"},\"query-input\":{\"@type\":\"PropertyValueSpecification\",\"valueRequired\":true,\"valueName\":\"search_term_string\"}}],\"inLanguage\":\"ca\"},{\"@type\":\"Organization\",\"@id\":\"https:\\\/\\\/www.studiogatto.es\\\/ca\\\/#organization\",\"name\":\"Studio Gatto\",\"url\":\"https:\\\/\\\/www.studiogatto.es\\\/ca\\\/\",\"logo\":{\"@type\":\"ImageObject\",\"inLanguage\":\"ca\",\"@id\":\"https:\\\/\\\/www.studiogatto.es\\\/ca\\\/#\\\/schema\\\/logo\\\/image\\\/\",\"url\":\"https:\\\/\\\/www.studiogatto.es\\\/wp-content\\\/uploads\\\/Nuevo-logotipo.jpg\",\"contentUrl\":\"https:\\\/\\\/www.studiogatto.es\\\/wp-content\\\/uploads\\\/Nuevo-logotipo.jpg\",\"width\":300,\"height\":167,\"caption\":\"Studio Gatto\"},\"image\":{\"@id\":\"https:\\\/\\\/www.studiogatto.es\\\/ca\\\/#\\\/schema\\\/logo\\\/image\\\/\"},\"sameAs\":[\"https:\\\/\\\/www.facebook.com\\\/studiogattocucine\",\"https:\\\/\\\/x.com\\\/studiogattosl\"]},{\"@type\":\"Person\",\"@id\":\"https:\\\/\\\/www.studiogatto.es\\\/ca\\\/#\\\/schema\\\/person\\\/4f471391b1e5fad2f529637583f16c01\",\"name\":\"admin\"}]}<\/script>\n<!-- \/ Yoast SEO plugin. -->","yoast_head_json":{"title":"Cuina reformada a l'Vendrell- La rentadora a la cuina Studio Gatto - Cuines i Banys","description":"Cuina reformada al Vendrell. S'ha derrocat una paret del safareig per a unificar l'espai i engrandir la cuina, s'ha instal\u00b7lat un moble etc..","robots":{"index":"index","follow":"follow","max-snippet":"max-snippet:-1","max-image-preview":"max-image-preview:large","max-video-preview":"max-video-preview:-1"},"canonical":"https:\/\/www.studiogatto.es\/ca\/cocina-reformada-en-el-vendrell-la-lavadora-en-la-cocina\/","og_locale":"ca_ES","og_type":"article","og_title":"Cuina reformada a l'Vendrell- La rentadora a la cuina Studio Gatto - Cuines i Banys","og_description":"Cuina reformada al Vendrell. S'ha derrocat una paret del safareig per a unificar l'espai i engrandir la cuina, s'ha instal\u00b7lat un moble etc..","og_url":"https:\/\/www.studiogatto.es\/ca\/cocina-reformada-en-el-vendrell-la-lavadora-en-la-cocina\/","og_site_name":"Studio Gatto - Cuines i Banys","article_publisher":"https:\/\/www.facebook.com\/studiogattocucine","article_published_time":"2018-05-08T15:28:00+00:00","article_modified_time":"2021-09-06T10:10:33+00:00","og_image":[{"width":300,"height":169,"url":"https:\/\/www.studiogatto.es\/wp-content\/uploads\/Cocina-reformada-en-el-vendrell.jpg","type":"image\/jpeg"}],"author":"admin","twitter_card":"summary_large_image","twitter_creator":"@studiogattosl","twitter_site":"@studiogattosl","twitter_misc":{"Escrit per":"admin","Temps estimat de lectura":"1 minut"},"schema":{"@context":"https:\/\/schema.org","@graph":[{"@type":"Article","@id":"https:\/\/www.studiogatto.es\/ca\/cocina-reformada-en-el-vendrell-la-lavadora-en-la-cocina\/#article","isPartOf":{"@id":"https:\/\/www.studiogatto.es\/ca\/cocina-reformada-en-el-vendrell-la-lavadora-en-la-cocina\/"},"author":{"name":"admin","@id":"https:\/\/www.studiogatto.es\/ca\/#\/schema\/person\/4f471391b1e5fad2f529637583f16c01"},"headline":"Cuina reformada a l&#8217;Vendrell- La rentadora a la cuina","datePublished":"2018-05-08T15:28:00+00:00","dateModified":"2021-09-06T10:10:33+00:00","mainEntityOfPage":{"@id":"https:\/\/www.studiogatto.es\/ca\/cocina-reformada-en-el-vendrell-la-lavadora-en-la-cocina\/"},"wordCount":150,"publisher":{"@id":"https:\/\/www.studiogatto.es\/ca\/#organization"},"image":{"@id":"https:\/\/www.studiogatto.es\/ca\/cocina-reformada-en-el-vendrell-la-lavadora-en-la-cocina\/#primaryimage"},"thumbnailUrl":"https:\/\/www.studiogatto.es\/wp-content\/uploads\/Cocina-reformada-en-el-vendrell.jpg","articleSection":["Projectes"],"inLanguage":"ca"},{"@type":"WebPage","@id":"https:\/\/www.studiogatto.es\/ca\/cocina-reformada-en-el-vendrell-la-lavadora-en-la-cocina\/","url":"https:\/\/www.studiogatto.es\/ca\/cocina-reformada-en-el-vendrell-la-lavadora-en-la-cocina\/","name":"Cuina reformada a l'Vendrell- La rentadora a la cuina Studio Gatto - Cuines i Banys","isPartOf":{"@id":"https:\/\/www.studiogatto.es\/ca\/#website"},"primaryImageOfPage":{"@id":"https:\/\/www.studiogatto.es\/ca\/cocina-reformada-en-el-vendrell-la-lavadora-en-la-cocina\/#primaryimage"},"image":{"@id":"https:\/\/www.studiogatto.es\/ca\/cocina-reformada-en-el-vendrell-la-lavadora-en-la-cocina\/#primaryimage"},"thumbnailUrl":"https:\/\/www.studiogatto.es\/wp-content\/uploads\/Cocina-reformada-en-el-vendrell.jpg","datePublished":"2018-05-08T15:28:00+00:00","dateModified":"2021-09-06T10:10:33+00:00","description":"Cuina reformada al Vendrell. S'ha derrocat una paret del safareig per a unificar l'espai i engrandir la cuina, s'ha instal\u00b7lat un moble etc..","breadcrumb":{"@id":"https:\/\/www.studiogatto.es\/ca\/cocina-reformada-en-el-vendrell-la-lavadora-en-la-cocina\/#breadcrumb"},"inLanguage":"ca","potentialAction":[{"@type":"ReadAction","target":["https:\/\/www.studiogatto.es\/ca\/cocina-reformada-en-el-vendrell-la-lavadora-en-la-cocina\/"]}]},{"@type":"ImageObject","inLanguage":"ca","@id":"https:\/\/www.studiogatto.es\/ca\/cocina-reformada-en-el-vendrell-la-lavadora-en-la-cocina\/#primaryimage","url":"https:\/\/www.studiogatto.es\/wp-content\/uploads\/Cocina-reformada-en-el-vendrell.jpg","contentUrl":"https:\/\/www.studiogatto.es\/wp-content\/uploads\/Cocina-reformada-en-el-vendrell.jpg","width":300,"height":169,"caption":"cocina-reforma"},{"@type":"BreadcrumbList","@id":"https:\/\/www.studiogatto.es\/ca\/cocina-reformada-en-el-vendrell-la-lavadora-en-la-cocina\/#breadcrumb","itemListElement":[{"@type":"ListItem","position":1,"name":"Portada","item":"https:\/\/www.studiogatto.es\/ca\/"},{"@type":"ListItem","position":2,"name":"Cuina reformada a l&#8217;Vendrell- La rentadora a la cuina"}]},{"@type":"WebSite","@id":"https:\/\/www.studiogatto.es\/ca\/#website","url":"https:\/\/www.studiogatto.es\/ca\/","name":"Studio Gatto - Cuines i Banys","description":"Reformas integrales de Cocinas y ba\u00f1os. Interiorismo. Dise\u00f1o.","publisher":{"@id":"https:\/\/www.studiogatto.es\/ca\/#organization"},"potentialAction":[{"@type":"SearchAction","target":{"@type":"EntryPoint","urlTemplate":"https:\/\/www.studiogatto.es\/ca\/?s={search_term_string}"},"query-input":{"@type":"PropertyValueSpecification","valueRequired":true,"valueName":"search_term_string"}}],"inLanguage":"ca"},{"@type":"Organization","@id":"https:\/\/www.studiogatto.es\/ca\/#organization","name":"Studio Gatto","url":"https:\/\/www.studiogatto.es\/ca\/","logo":{"@type":"ImageObject","inLanguage":"ca","@id":"https:\/\/www.studiogatto.es\/ca\/#\/schema\/logo\/image\/","url":"https:\/\/www.studiogatto.es\/wp-content\/uploads\/Nuevo-logotipo.jpg","contentUrl":"https:\/\/www.studiogatto.es\/wp-content\/uploads\/Nuevo-logotipo.jpg","width":300,"height":167,"caption":"Studio Gatto"},"image":{"@id":"https:\/\/www.studiogatto.es\/ca\/#\/schema\/logo\/image\/"},"sameAs":["https:\/\/www.facebook.com\/studiogattocucine","https:\/\/x.com\/studiogattosl"]},{"@type":"Person","@id":"https:\/\/www.studiogatto.es\/ca\/#\/schema\/person\/4f471391b1e5fad2f529637583f16c01","name":"admin"}]}},"_links":{"self":[{"href":"https:\/\/www.studiogatto.es\/ca\/wp-json\/wp\/v2\/posts\/10142","targetHints":{"allow":["GET"]}}],"collection":[{"href":"https:\/\/www.studiogatto.es\/ca\/wp-json\/wp\/v2\/posts"}],"about":[{"href":"https:\/\/www.studiogatto.es\/ca\/wp-json\/wp\/v2\/types\/post"}],"author":[{"embeddable":true,"href":"https:\/\/www.studiogatto.es\/ca\/wp-json\/wp\/v2\/users\/1"}],"replies":[{"embeddable":true,"href":"https:\/\/www.studiogatto.es\/ca\/wp-json\/wp\/v2\/comments?post=10142"}],"version-history":[{"count":0,"href":"https:\/\/www.studiogatto.es\/ca\/wp-json\/wp\/v2\/posts\/10142\/revisions"}],"wp:featuredmedia":[{"embeddable":true,"href":"https:\/\/www.studiogatto.es\/ca\/wp-json\/wp\/v2\/media\/8094"}],"wp:attachment":[{"href":"https:\/\/www.studiogatto.es\/ca\/wp-json\/wp\/v2\/media?parent=10142"}],"wp:term":[{"taxonomy":"category","embeddable":true,"href":"https:\/\/www.studiogatto.es\/ca\/wp-json\/wp\/v2\/categories?post=10142"},{"taxonomy":"post_tag","embeddable":true,"href":"https:\/\/www.studiogatto.es\/ca\/wp-json\/wp\/v2\/tags?post=10142"}],"curies":[{"name":"wp","href":"https:\/\/api.w.org\/{rel}","templated":true}]}}