{"id":10104,"date":"2018-11-09T11:24:25","date_gmt":"2018-11-09T11:24:25","guid":{"rendered":"http:\/\/studiogatto.es\/reforma-completa\/"},"modified":"2022-03-13T12:45:39","modified_gmt":"2022-03-13T11:45:39","slug":"reforma-completa","status":"publish","type":"post","link":"https:\/\/www.studiogatto.es\/ca\/reforma-completa\/","title":{"rendered":"Reforma completa"},"content":{"rendered":"[et_pb_section fb_built=&#8221;1&#8243; _builder_version=&#8221;3.22&#8243; locked=&#8221;off&#8221; global_colors_info=&#8221;{}&#8221; da_is_popup=&#8221;off&#8221; da_exit_intent=&#8221;off&#8221; da_has_close=&#8221;on&#8221; da_alt_close=&#8221;off&#8221; da_dark_close=&#8221;off&#8221; da_not_modal=&#8221;on&#8221; da_is_singular=&#8221;off&#8221; da_with_loader=&#8221;off&#8221; da_has_shadow=&#8221;on&#8221; da_disable_devices=&#8221;off|off|off&#8221;][et_pb_row _builder_version=&#8221;3.25&#8243; background_size=&#8221;initial&#8221; background_position=&#8221;top_left&#8221; background_repeat=&#8221;repeat&#8221; global_colors_info=&#8221;{}&#8221;][et_pb_column type=&#8221;4_4&#8243; _builder_version=&#8221;3.25&#8243; custom_padding=&#8221;|||&#8221; global_colors_info=&#8221;{}&#8221; custom_padding__hover=&#8221;|||&#8221;][et_pb_text _builder_version=&#8221;4.8.2&#8243; background_size=&#8221;initial&#8221; background_position=&#8221;top_left&#8221; background_repeat=&#8221;repeat&#8221; global_colors_info=&#8221;{}&#8221;]Aqu\u00ed us deixem un v\u00eddeo on podeu veure l&#8217;abans i el despr\u00e9s d&#8217;aquesta meravellosa reforma.\nEsperem que el disfruteu.\n\n<iframe loading=\"lazy\" title=\"REFORMA INTEGRAL BY STUDIO GATTO\" width=\"1080\" height=\"608\" src=\"https:\/\/www.youtube.com\/embed\/9WzfVsZG0Zw?feature=oembed\"  allow=\"accelerometer; autoplay; clipboard-write; encrypted-media; gyroscope; picture-in-picture; web-share\" allowfullscreen><\/iframe>\n\nEn aquesta casa vam realitzar una reforma completa de tots els diferents espais de la casa.\n\nEs van enderrocar les parets entre la cuina i el sal\u00f3-menjador per unificar les 2 estances. S&#8217;ha renovat tot el paviment per unificar aix\u00ed mateix els espais visualment. Es va planificar una illa pen\u00ednsula amb una zona de barra i una altra zona tipus decorativa de color granat intens, tal com desitjaven els proprietaris. La campana \u00e9s de sostre. La zona de columnes tenen una cornisa per a encastar llums leds circulars per donar un punt m\u00e9s d&#8217;il\u00b7luminaci\u00f3.\n\nS&#8217;ha deixat una zona de taula per aprofitar de m\u00e9s comoditat.\n\nEl mobiliari de cuina \u00e9s de la marca Inko de la s\u00e8rie set\u00ed BLANC MX amb gola d&#8217;alumini.\n\nEl dekton \u00e9s SIRIUS de 2 cm cantell recte.\n\nEls electrodom\u00e8stics de BOSCH tot i que la nevera \u00e9s LIEBHER, la campana de sostre de la marca GUTMAN.\n\n<!-- \/wp:post-content -->\n\n<!-- wp:gallery {\"ids\":[\"12074\"]} -->\n<ul class=\"wp-block-gallery columns-1 is-cropped\">\n\t<li class=\"blocks-gallery-item\">\n<figure><img loading=\"lazy\" decoding=\"async\" width=\"1024\" height=\"1024\" class=\"wp-image-12074\" src=\"https:\/\/www.studiogatto.es\/wp-content\/uploads\/\/ref2-1024x1024.jpg\" alt=\"\" data-id=\"12074\" data-link=\"https:\/\/www.studiogatto.es\/reforma-completa\/ref2\/\" srcset=\"https:\/\/www.studiogatto.es\/wp-content\/uploads\/ref2-1024x1024.jpg 1024w, https:\/\/www.studiogatto.es\/wp-content\/uploads\/ref2-150x150.jpg 150w, https:\/\/www.studiogatto.es\/wp-content\/uploads\/ref2-300x300.jpg 300w, https:\/\/www.studiogatto.es\/wp-content\/uploads\/ref2-768x768.jpg 768w, https:\/\/www.studiogatto.es\/wp-content\/uploads\/ref2.jpg 1080w\" sizes=\"(max-width: 1024px) 100vw, 1024px\" \/><\/figure><\/li>\n<\/ul>\n<!-- \/wp:gallery -->\n\n<!-- wp:gallery {\"ids\":[12127]} -->\n<ul class=\"wp-block-gallery columns-1 is-cropped\">\n\t<li class=\"blocks-gallery-item\">\n<figure><img loading=\"lazy\" decoding=\"async\" width=\"1024\" height=\"1024\" class=\"wp-image-12127\" src=\"https:\/\/www.studiogatto.es\/wp-content\/uploads\/\/ref-2-1024x1024.jpg\" alt=\"\" data-id=\"12127\" data-link=\"https:\/\/www.studiogatto.es\/?attachment_id=12127\" srcset=\"https:\/\/www.studiogatto.es\/wp-content\/uploads\/ref-2-1024x1024.jpg 1024w, https:\/\/www.studiogatto.es\/wp-content\/uploads\/ref-2-150x150.jpg 150w, https:\/\/www.studiogatto.es\/wp-content\/uploads\/ref-2-300x300.jpg 300w, https:\/\/www.studiogatto.es\/wp-content\/uploads\/ref-2-768x768.jpg 768w, https:\/\/www.studiogatto.es\/wp-content\/uploads\/ref-2.jpg 1080w\" sizes=\"(max-width: 1024px) 100vw, 1024px\" \/><\/figure><\/li>\n<\/ul>\n<!-- \/wp:gallery -->\n\nAix\u00ed mateix s&#8217;han renovat tots els armaris de la casa, tant els de les habitacions dels nens com el dels proprietaris. Les portes s\u00f3n lacades en blanc. S&#8217;han agregat diverses cornises per a instal\u00b7laci\u00f3 de llums leds per millorar la il\u00b7luminaci\u00f3 interior dels armaris. Tots els interiors esta&#8217;n fets a mida i gust de la proprietaria.\n\n<!-- \/wp:paragraph -->\n\n<!-- wp:gallery {\"ids\":[12101],\"align\":\"center\"} -->\n<ul class=\"wp-block-gallery aligncenter columns-1 is-cropped\">\n\t<li class=\"blocks-gallery-item\">\n<figure><img loading=\"lazy\" decoding=\"async\" width=\"940\" height=\"788\" class=\"wp-image-12102\" src=\"https:\/\/www.studiogatto.es\/wp-content\/uploads\/arm-2.jpg\" alt=\"\" data-id=\"12101\" data-link=\"https:\/\/www.studiogatto.es\/?attachment_id=12101\" srcset=\"https:\/\/www.studiogatto.es\/wp-content\/uploads\/arm-2.jpg 940w, https:\/\/www.studiogatto.es\/wp-content\/uploads\/arm-2-300x251.jpg 300w, https:\/\/www.studiogatto.es\/wp-content\/uploads\/arm-2-768x644.jpg 768w\" sizes=\"(max-width: 940px) 100vw, 940px\" \/><\/figure><\/li>\n<\/ul>\n<!-- \/wp:gallery -->\n\n<!-- wp:gallery {\"ids\":[12130]} -->\n<ul class=\"wp-block-gallery columns-1 is-cropped\">\n\t<li class=\"blocks-gallery-item\">\n<figure><img loading=\"lazy\" decoding=\"async\" width=\"940\" height=\"788\" class=\"wp-image-12131\" src=\"https:\/\/www.studiogatto.es\/wp-content\/uploads\/arm2-2.jpg\" alt=\"\" data-id=\"12130\" data-link=\"https:\/\/www.studiogatto.es\/?attachment_id=12130\" srcset=\"https:\/\/www.studiogatto.es\/wp-content\/uploads\/arm2-2.jpg 940w, https:\/\/www.studiogatto.es\/wp-content\/uploads\/arm2-2-300x251.jpg 300w, https:\/\/www.studiogatto.es\/wp-content\/uploads\/arm2-2-768x644.jpg 768w\" sizes=\"(max-width: 940px) 100vw, 940px\" \/><\/figure><\/li>\n<\/ul>\n<!-- \/wp:gallery -->\n\n<!-- wp:paragraph -->Quant als 3 banys, s&#8217;han remodelat completament. El canvi \u00e9s impressionant. Els mobles de bany s\u00f3n de la marca MAPINI.\n\n<!-- \/wp:paragraph -->\n\n<!-- wp:paragraph -->Tots s\u00f3n diferents i plens de personalitat.\n\n<!-- \/wp:paragraph -->\n\n<!-- wp:gallery {\"ids\":[12094]} -->\n<ul class=\"wp-block-gallery columns-1 is-cropped\">\n\t<li class=\"blocks-gallery-item\">\n<figure><img loading=\"lazy\" decoding=\"async\" width=\"940\" height=\"788\" class=\"wp-image-12095\" src=\"https:\/\/www.studiogatto.es\/wp-content\/uploads\/ba\u00f1o-2.jpg\" alt=\"\" data-id=\"12094\" data-link=\"https:\/\/www.studiogatto.es\/?attachment_id=12094\" srcset=\"https:\/\/www.studiogatto.es\/wp-content\/uploads\/ba\u00f1o-2.jpg 940w, https:\/\/www.studiogatto.es\/wp-content\/uploads\/ba\u00f1o-2-300x251.jpg 300w, https:\/\/www.studiogatto.es\/wp-content\/uploads\/ba\u00f1o-2-768x644.jpg 768w\" sizes=\"(max-width: 940px) 100vw, 940px\" \/><\/figure><\/li>\n<\/ul>\n<!-- \/wp:gallery -->\n\n<!-- wp:gallery {\"ids\":[12133]} -->\n<ul class=\"wp-block-gallery columns-1 is-cropped\">\n\t<li class=\"blocks-gallery-item\">\n<figure><img loading=\"lazy\" decoding=\"async\" width=\"940\" height=\"788\" class=\"wp-image-12134\" src=\"https:\/\/www.studiogatto.es\/wp-content\/uploads\/bano2-1.jpg\" alt=\"\" data-id=\"12133\" data-link=\"https:\/\/www.studiogatto.es\/?attachment_id=12133\" srcset=\"https:\/\/www.studiogatto.es\/wp-content\/uploads\/bano2-1.jpg 940w, https:\/\/www.studiogatto.es\/wp-content\/uploads\/bano2-1-300x251.jpg 300w, https:\/\/www.studiogatto.es\/wp-content\/uploads\/bano2-1-768x644.jpg 768w\" sizes=\"(max-width: 940px) 100vw, 940px\" \/><\/figure><\/li>\n<\/ul>\n<!-- \/wp:gallery -->\n\n<!-- wp:gallery {\"ids\":[12108]} -->\n<ul class=\"wp-block-gallery columns-1 is-cropped\">\n\t<li class=\"blocks-gallery-item\">\n<figure><img loading=\"lazy\" decoding=\"async\" width=\"642\" height=\"1024\" class=\"wp-image-12108\" src=\"https:\/\/www.studiogatto.es\/wp-content\/uploads\/\/Tips-and-tricks-to-help-transform-your-photography-642x1024.jpg\" alt=\"\" data-id=\"12108\" data-link=\"https:\/\/www.studiogatto.es\/?attachment_id=12108\" srcset=\"https:\/\/www.studiogatto.es\/wp-content\/uploads\/Tips-and-tricks-to-help-transform-your-photography-642x1024.jpg 642w, https:\/\/www.studiogatto.es\/wp-content\/uploads\/Tips-and-tricks-to-help-transform-your-photography-188x300.jpg 188w, https:\/\/www.studiogatto.es\/wp-content\/uploads\/Tips-and-tricks-to-help-transform-your-photography-768x1226.jpg 768w, https:\/\/www.studiogatto.es\/wp-content\/uploads\/Tips-and-tricks-to-help-transform-your-photography-1080x1723.jpg 1080w, https:\/\/www.studiogatto.es\/wp-content\/uploads\/Tips-and-tricks-to-help-transform-your-photography.jpg 1410w\" sizes=\"(max-width: 642px) 100vw, 642px\" \/><\/figure><\/li>\n<\/ul>\n<!-- \/wp:gallery -->\n\n<!-- wp:gallery {\"ids\":[12105]} -->\n<ul class=\"wp-block-gallery columns-1 is-cropped\">\n\t<li class=\"blocks-gallery-item\">\n<figure><img loading=\"lazy\" decoding=\"async\" width=\"1024\" height=\"1024\" class=\"wp-image-12105\" src=\"https:\/\/www.studiogatto.es\/wp-content\/uploads\/\/Copia-de-Nature-Mountain-Photo-Plain-Collage-Instagram-Post-1024x1024.jpg\" alt=\"\" data-id=\"12105\" data-link=\"https:\/\/www.studiogatto.es\/?attachment_id=12105\" srcset=\"https:\/\/www.studiogatto.es\/wp-content\/uploads\/Copia-de-Nature-Mountain-Photo-Plain-Collage-Instagram-Post-1024x1024.jpg 1024w, https:\/\/www.studiogatto.es\/wp-content\/uploads\/Copia-de-Nature-Mountain-Photo-Plain-Collage-Instagram-Post-150x150.jpg 150w, https:\/\/www.studiogatto.es\/wp-content\/uploads\/Copia-de-Nature-Mountain-Photo-Plain-Collage-Instagram-Post-300x300.jpg 300w, https:\/\/www.studiogatto.es\/wp-content\/uploads\/Copia-de-Nature-Mountain-Photo-Plain-Collage-Instagram-Post-768x768.jpg 768w, https:\/\/www.studiogatto.es\/wp-content\/uploads\/Copia-de-Nature-Mountain-Photo-Plain-Collage-Instagram-Post.jpg 1080w\" sizes=\"(max-width: 1024px) 100vw, 1024px\" \/><\/figure><\/li>\n<\/ul>\n<!-- \/wp:gallery -->\n\n<!-- wp:paragraph -->Una a una vam anar renovant totes les habitacions i zones comunes.\n\n<!-- \/wp:paragraph -->\n\n<!-- wp:paragraph -->Aquesta zona \u00e9s encantadora i est\u00e0 a gust de la proprietaria que buscava un rac\u00f3 per gaudir del seu hobby favorit que \u00e9s tocar la guitarra. Tot l&#8217;espai est\u00e0 fet de fusta massissa. el prestatge a la paret \u00e9s un llit encastada per les estones de descans.\n\n\n<!-- \/wp:paragraph -->\n\n<!-- wp:gallery {\"ids\":[12113]} -->\n<ul class=\"wp-block-gallery columns-1 is-cropped\">\n\t<li class=\"blocks-gallery-item\">\n<figure><img loading=\"lazy\" decoding=\"async\" width=\"1024\" height=\"1024\" class=\"wp-image-12113\" src=\"https:\/\/www.studiogatto.es\/wp-content\/uploads\/\/Copia-de-Blue-Simple-Collage-Great-Outdoors-Month-Instagram-Post-1024x1024.jpg\" alt=\"\" data-id=\"12113\" data-link=\"https:\/\/www.studiogatto.es\/?attachment_id=12113\" srcset=\"https:\/\/www.studiogatto.es\/wp-content\/uploads\/Copia-de-Blue-Simple-Collage-Great-Outdoors-Month-Instagram-Post-1024x1024.jpg 1024w, https:\/\/www.studiogatto.es\/wp-content\/uploads\/Copia-de-Blue-Simple-Collage-Great-Outdoors-Month-Instagram-Post-150x150.jpg 150w, https:\/\/www.studiogatto.es\/wp-content\/uploads\/Copia-de-Blue-Simple-Collage-Great-Outdoors-Month-Instagram-Post-300x300.jpg 300w, https:\/\/www.studiogatto.es\/wp-content\/uploads\/Copia-de-Blue-Simple-Collage-Great-Outdoors-Month-Instagram-Post-768x768.jpg 768w, https:\/\/www.studiogatto.es\/wp-content\/uploads\/Copia-de-Blue-Simple-Collage-Great-Outdoors-Month-Instagram-Post.jpg 1080w\" sizes=\"(max-width: 1024px) 100vw, 1024px\" \/><\/figure><\/li>\n<\/ul>\n<!-- \/wp:gallery -->\n\n<!-- wp:paragraph -->Cadascun dels dormitoris est\u00e0 pensat perqu\u00e8 els seus ocupants ho gaudeixin i trobin tot el que necessiten.\n\n<!-- \/wp:paragraph -->\n\n<!-- wp:paragraph -->Armaris, prestatgeries, terra tot est\u00e0 pensat per al seu confort.\n\n<!-- \/wp:paragraph -->\n\n<!-- wp:gallery {\"ids\":[12116]} -->\n<ul class=\"wp-block-gallery columns-1 is-cropped\">\n\t<li class=\"blocks-gallery-item\">\n<figure><img loading=\"lazy\" decoding=\"async\" width=\"945\" height=\"756\" class=\"wp-image-12117\" src=\"https:\/\/www.studiogatto.es\/wp-content\/uploads\/Copia-de-White-and-Red-Look-of-the-Day-Photo-Collage.jpg\" alt=\"\" data-id=\"12116\" data-link=\"https:\/\/www.studiogatto.es\/?attachment_id=12116\" srcset=\"https:\/\/www.studiogatto.es\/wp-content\/uploads\/Copia-de-White-and-Red-Look-of-the-Day-Photo-Collage.jpg 945w, https:\/\/www.studiogatto.es\/wp-content\/uploads\/Copia-de-White-and-Red-Look-of-the-Day-Photo-Collage-300x240.jpg 300w, https:\/\/www.studiogatto.es\/wp-content\/uploads\/Copia-de-White-and-Red-Look-of-the-Day-Photo-Collage-768x614.jpg 768w\" sizes=\"(max-width: 945px) 100vw, 945px\" \/><\/figure><\/li>\n<\/ul>\n<!-- \/wp:gallery -->\n\n<!-- wp:paragraph -->Totes les portes de pas s\u00f3n lacades blanques per unificar l&#8217;habitatge.\n\n\n<!-- \/wp:paragraph -->\n\n<!-- wp:gallery {\"ids\":[12119]} -->\n<ul class=\"wp-block-gallery columns-1 is-cropped\">\n\t<li class=\"blocks-gallery-item\">\n<figure><img loading=\"lazy\" decoding=\"async\" width=\"945\" height=\"756\" class=\"wp-image-12120\" src=\"https:\/\/www.studiogatto.es\/wp-content\/uploads\/White-and-Red-Look-of-the-Day-Photo-Collage.jpg\" alt=\"\" data-id=\"12119\" data-link=\"https:\/\/www.studiogatto.es\/?attachment_id=12119\" srcset=\"https:\/\/www.studiogatto.es\/wp-content\/uploads\/White-and-Red-Look-of-the-Day-Photo-Collage.jpg 945w, https:\/\/www.studiogatto.es\/wp-content\/uploads\/White-and-Red-Look-of-the-Day-Photo-Collage-300x240.jpg 300w, https:\/\/www.studiogatto.es\/wp-content\/uploads\/White-and-Red-Look-of-the-Day-Photo-Collage-768x614.jpg 768w\" sizes=\"(max-width: 945px) 100vw, 945px\" \/><\/figure><\/li>\n<\/ul>\n<!-- \/wp:gallery -->\n\n<!-- wp:paragraph -->La zona de televisi\u00f3 i la barana de les escales completament renovades. El s\u00f2l est\u00e0 unificat en totes les plantes de la casa.\n\n<!-- \/wp:paragraph -->\n\n<!-- wp:paragraph -->L&#8217;espai sembla m\u00e9s gran i la informaci\u00f3 \u00f2ptica \u00e9s m\u00e9s lleugera.\n\n<!-- \/wp:paragraph -->\n\n<!-- wp:gallery {\"ids\":[12122]} -->\n<ul class=\"wp-block-gallery columns-1 is-cropped\">\n\t<li class=\"blocks-gallery-item\">\n<figure><img loading=\"lazy\" decoding=\"async\" width=\"945\" height=\"756\" class=\"wp-image-12123\" src=\"https:\/\/www.studiogatto.es\/wp-content\/uploads\/Copia-de-Copia-de-Copia-de-White-and-Red-Look-of-the-Day-Photo-Collage.jpg\" alt=\"\" data-id=\"12122\" data-link=\"https:\/\/www.studiogatto.es\/?attachment_id=12122\" srcset=\"https:\/\/www.studiogatto.es\/wp-content\/uploads\/Copia-de-Copia-de-Copia-de-White-and-Red-Look-of-the-Day-Photo-Collage.jpg 945w, https:\/\/www.studiogatto.es\/wp-content\/uploads\/Copia-de-Copia-de-Copia-de-White-and-Red-Look-of-the-Day-Photo-Collage-300x240.jpg 300w, https:\/\/www.studiogatto.es\/wp-content\/uploads\/Copia-de-Copia-de-Copia-de-White-and-Red-Look-of-the-Day-Photo-Collage-768x614.jpg 768w\" sizes=\"(max-width: 945px) 100vw, 945px\" \/><\/figure><\/li>\n<\/ul>\n<!-- \/wp:gallery -->\n\n<!-- wp:paragraph -->\n\n<!-- \/wp:paragraph -->[\/et_pb_text][\/et_pb_column][\/et_pb_row][\/et_pb_section]","protected":false},"excerpt":{"rendered":"<p>Aqu\u00ed us deixem un v\u00eddeo on podeu veure l&#8217;abans i el despr\u00e9s d&#8217;aquesta meravellosa reforma. Esperem que el disfruteu. https:\/\/youtu.be\/9WzfVsZG0Zw En aquesta casa vam realitzar una reforma completa de tots els diferents espais de la casa. Es van enderrocar les parets entre la cuina i el sal\u00f3-menjador per unificar les 2 estances. S&#8217;ha renovat tot [&hellip;]<\/p>\n","protected":false},"author":1,"featured_media":8042,"comment_status":"closed","ping_status":"closed","sticky":false,"template":"","format":"standard","meta":{"_et_pb_use_builder":"on","_et_pb_old_content":"<p>Aqu\u00ed os dejamos un video donde podeis ver el antes y el despu\u00e9s de esta maravillosa reforma.<\/p>\r\n<p>Esperamos que lo disfruteis.<\/p>\r\n<p>https:\/\/youtu.be\/9WzfVsZG0Zw<\/p>\r\n<!-- wp:paragraph -->\r\n<p>En esta casa\u00a0realizamos\u00a0una reforma completa de todos los diferentes espacios\u00a0de la casa.<\/p>\r\n<!-- \/wp:paragraph --><!-- wp:paragraph -->\r\n<p>Se derribaron las paredes entre la cocina y el sal\u00f3n-comedor para unificar las 2 estancias. Se ha renovado todo el pavimento para unificar asimismo los espacios visualmente. Se planific\u00f3 una isla pen\u00ednsula con una zona de barra y otra zona tipo decorativa de color granate intenso, tal como deseaban los proprietarios.\u00a0 La campana es de techo.\u00a0 La zona de columnas tienen una cornisa para empotrar luces leds circulares para dar un punto m\u00e1s de iluminaci\u00f3n.<\/p>\r\n<!-- \/wp:paragraph --><!-- wp:paragraph -->\r\n<p>Se ha dejado una zona de mesa para aprovechar de m\u00e1s comodidad.<\/p>\r\n<!-- \/wp:paragraph --><!-- wp:paragraph -->\r\n<p>El mobiliario de cocina es de la marca INKO de la serie SATEN BLANCO MX con gola de aluminio.<\/p>\r\n<!-- \/wp:paragraph --><!-- wp:paragraph -->\r\n<p>El dekton es SIRIUS de 2cm canto recto.<\/p>\r\n<!-- \/wp:paragraph --><!-- wp:paragraph -->\r\n<p>Los electrodom\u00e9sticos de BOSCH aunque la nevera es LIEBHER, la campana de techo de la marca GUTMAN.<\/p>\r\n<!-- \/wp:paragraph --><!-- wp:gallery {\"ids\":[\"12074\"]} -->\r\n<ul class=\"wp-block-gallery columns-1 is-cropped\">\r\n<li class=\"blocks-gallery-item\">\r\n<figure><img class=\"wp-image-12074\" src=\"https:\/\/www.studiogatto.es\/wp-content\/uploads\/\/ref2-1024x1024.jpg\" alt=\"\" data-id=\"12074\" data-link=\"https:\/\/www.studiogatto.es\/reforma-completa\/ref2\/\" \/><\/figure>\r\n<\/li>\r\n<\/ul>\r\n<!-- \/wp:gallery --><!-- wp:gallery {\"ids\":[12127]} -->\r\n<ul class=\"wp-block-gallery columns-1 is-cropped\">\r\n<li class=\"blocks-gallery-item\">\r\n<figure><img class=\"wp-image-12127\" src=\"https:\/\/www.studiogatto.es\/wp-content\/uploads\/\/ref-2-1024x1024.jpg\" alt=\"\" data-id=\"12127\" data-link=\"https:\/\/www.studiogatto.es\/?attachment_id=12127\" \/><\/figure>\r\n<\/li>\r\n<\/ul>\r\n<!-- \/wp:gallery --><!-- wp:paragraph -->\r\n<p>Asimismo se han renovado todos los armarios de la casa , tanto los de las habitaciones de los ni\u00f1os como el de los proprietarios. Las puertas son lacadas en blanco. Se han agregado varias cornisas para instalaci\u00f3n de luces leds para mejorar la iluminaci\u00f3n interior de los armarios.\u00a0 Todos los interiores esta\u00b4n hechos a medida y gusto de la proprietaria.<\/p>\r\n<!-- \/wp:paragraph --><!-- wp:gallery {\"ids\":[12101],\"align\":\"center\"} -->\r\n<ul class=\"wp-block-gallery aligncenter columns-1 is-cropped\">\r\n<li class=\"blocks-gallery-item\">\r\n<figure><img class=\"wp-image-12102\" src=\"https:\/\/www.studiogatto.es\/wp-content\/uploads\/arm-2.jpg\" alt=\"\" data-id=\"12101\" data-link=\"https:\/\/www.studiogatto.es\/?attachment_id=12101\" \/><\/figure>\r\n<\/li>\r\n<\/ul>\r\n<!-- \/wp:gallery --><!-- wp:gallery {\"ids\":[12130]} -->\r\n<ul class=\"wp-block-gallery columns-1 is-cropped\">\r\n<li class=\"blocks-gallery-item\">\r\n<figure><img class=\"wp-image-12131\" src=\"https:\/\/www.studiogatto.es\/wp-content\/uploads\/arm2-2.jpg\" alt=\"\" data-id=\"12130\" data-link=\"https:\/\/www.studiogatto.es\/?attachment_id=12130\" \/><\/figure>\r\n<\/li>\r\n<\/ul>\r\n<!-- \/wp:gallery --><!-- wp:paragraph -->\r\n<p>En cuanto a los 3 ba\u00f1os, se han remodelado completamente. El cambio es impresionante. Los muebles de ba\u00f1o son de la marca MAPINI.<\/p>\r\n<!-- \/wp:paragraph --><!-- wp:paragraph -->\r\n<p>Todos son diferentes y llenos de personalidad.<\/p>\r\n<!-- \/wp:paragraph --><!-- wp:gallery {\"ids\":[12094]} -->\r\n<ul class=\"wp-block-gallery columns-1 is-cropped\">\r\n<li class=\"blocks-gallery-item\">\r\n<figure><img class=\"wp-image-12095\" src=\"https:\/\/www.studiogatto.es\/wp-content\/uploads\/ba\u00f1o-2.jpg\" alt=\"\" data-id=\"12094\" data-link=\"https:\/\/www.studiogatto.es\/?attachment_id=12094\" \/><\/figure>\r\n<\/li>\r\n<\/ul>\r\n<!-- \/wp:gallery --><!-- wp:gallery {\"ids\":[12133]} -->\r\n<ul class=\"wp-block-gallery columns-1 is-cropped\">\r\n<li class=\"blocks-gallery-item\">\r\n<figure><img class=\"wp-image-12134\" src=\"https:\/\/www.studiogatto.es\/wp-content\/uploads\/bano2-1.jpg\" alt=\"\" data-id=\"12133\" data-link=\"https:\/\/www.studiogatto.es\/?attachment_id=12133\" \/><\/figure>\r\n<\/li>\r\n<\/ul>\r\n<!-- \/wp:gallery --><!-- wp:gallery {\"ids\":[12108]} -->\r\n<ul class=\"wp-block-gallery columns-1 is-cropped\">\r\n<li class=\"blocks-gallery-item\">\r\n<figure><img class=\"wp-image-12108\" src=\"https:\/\/www.studiogatto.es\/wp-content\/uploads\/\/Tips-and-tricks-to-help-transform-your-photography-642x1024.jpg\" alt=\"\" data-id=\"12108\" data-link=\"https:\/\/www.studiogatto.es\/?attachment_id=12108\" \/><\/figure>\r\n<\/li>\r\n<\/ul>\r\n<!-- \/wp:gallery --><!-- wp:gallery {\"ids\":[12105]} -->\r\n<ul class=\"wp-block-gallery columns-1 is-cropped\">\r\n<li class=\"blocks-gallery-item\">\r\n<figure><img class=\"wp-image-12105\" src=\"https:\/\/www.studiogatto.es\/wp-content\/uploads\/\/Copia-de-Nature-Mountain-Photo-Plain-Collage-Instagram-Post-1024x1024.jpg\" alt=\"\" data-id=\"12105\" data-link=\"https:\/\/www.studiogatto.es\/?attachment_id=12105\" \/><\/figure>\r\n<\/li>\r\n<\/ul>\r\n<!-- \/wp:gallery --><!-- wp:paragraph -->\r\n<p>Una a una fuimos renovando todas la habitaciones y zonas comunes.<\/p>\r\n<!-- \/wp:paragraph --><!-- wp:paragraph -->\r\n<p>Esta zona es encantadora y est\u00e1 a gusto de la proprietaria que buscaba un rinc\u00f3n para disfrutar de su hobby favorito que es tocar la guitarra. Todo el espacio est\u00e1 hecho de madera maciza. el estante a la pared es una cama empotrada para los ratitos de descanso.<\/p>\r\n<!-- \/wp:paragraph --><!-- wp:gallery {\"ids\":[12113]} -->\r\n<ul class=\"wp-block-gallery columns-1 is-cropped\">\r\n<li class=\"blocks-gallery-item\">\r\n<figure><img class=\"wp-image-12113\" src=\"https:\/\/www.studiogatto.es\/wp-content\/uploads\/\/Copia-de-Blue-Simple-Collage-Great-Outdoors-Month-Instagram-Post-1024x1024.jpg\" alt=\"\" data-id=\"12113\" data-link=\"https:\/\/www.studiogatto.es\/?attachment_id=12113\" \/><\/figure>\r\n<\/li>\r\n<\/ul>\r\n<!-- \/wp:gallery --><!-- wp:paragraph -->\r\n<p>Cada uno de los dormitorios est\u00e1 pensado para que sus ocupantes lo disfruten y encuentren todo lo que necesiten.<\/p>\r\n<!-- \/wp:paragraph --><!-- wp:paragraph -->\r\n<p>Armarios, estanter\u00edas , suelo todo est\u00e1 pensado para su confort.<\/p>\r\n<!-- \/wp:paragraph --><!-- wp:gallery {\"ids\":[12116]} -->\r\n<ul class=\"wp-block-gallery columns-1 is-cropped\">\r\n<li class=\"blocks-gallery-item\">\r\n<figure><img class=\"wp-image-12117\" src=\"https:\/\/www.studiogatto.es\/wp-content\/uploads\/Copia-de-White-and-Red-Look-of-the-Day-Photo-Collage.jpg\" alt=\"\" data-id=\"12116\" data-link=\"https:\/\/www.studiogatto.es\/?attachment_id=12116\" \/><\/figure>\r\n<\/li>\r\n<\/ul>\r\n<!-- \/wp:gallery --><!-- wp:paragraph -->\r\n<p>Todas las puertas de paso son lacadas blancas para unificar la vivienda.<\/p>\r\n<!-- \/wp:paragraph --><!-- wp:gallery {\"ids\":[12119]} -->\r\n<ul class=\"wp-block-gallery columns-1 is-cropped\">\r\n<li class=\"blocks-gallery-item\">\r\n<figure><img class=\"wp-image-12120\" src=\"https:\/\/www.studiogatto.es\/wp-content\/uploads\/White-and-Red-Look-of-the-Day-Photo-Collage.jpg\" alt=\"\" data-id=\"12119\" data-link=\"https:\/\/www.studiogatto.es\/?attachment_id=12119\" \/><\/figure>\r\n<\/li>\r\n<\/ul>\r\n<!-- \/wp:gallery --><!-- wp:paragraph -->\r\n<p>La zona de televisi\u00f3n y la barandilla de las escaleras completamente renovadas. El suelo est\u00e1 unificado en todas las plantas de la casa.<\/p>\r\n<!-- \/wp:paragraph --><!-- wp:paragraph -->\r\n<p>El espacio parece m\u00e1s grande y la informaci\u00f3n \u00f3ptica es m\u00e1s ligera.<\/p>\r\n<!-- \/wp:paragraph --><!-- wp:gallery {\"ids\":[12122]} -->\r\n<ul class=\"wp-block-gallery columns-1 is-cropped\">\r\n<li class=\"blocks-gallery-item\">\r\n<figure><img class=\"wp-image-12123\" src=\"https:\/\/www.studiogatto.es\/wp-content\/uploads\/Copia-de-Copia-de-Copia-de-White-and-Red-Look-of-the-Day-Photo-Collage.jpg\" alt=\"\" data-id=\"12122\" data-link=\"https:\/\/www.studiogatto.es\/?attachment_id=12122\" \/><\/figure>\r\n<\/li>\r\n<\/ul>\r\n<!-- \/wp:gallery --><!-- wp:paragraph -->\r\n<p>\u00a0<\/p>\r\n<!-- \/wp:paragraph -->","_et_gb_content_width":"","footnotes":""},"categories":[32],"tags":[],"class_list":["post-10104","post","type-post","status-publish","format-standard","has-post-thumbnail","hentry","category-projectes"],"yoast_head":"<!-- This site is optimized with the Yoast SEO plugin v27.5 - https:\/\/yoast.com\/product\/yoast-seo-wordpress\/ -->\n<title>Reforma completa en totes el espais d&#039;una casa<\/title>\n<meta name=\"description\" content=\"Reforma completa de tots els diferents espais de la casa. Es van derrocar les parets entre la cuina i el sal\u00f3-menjador per a unificar les estades.\" \/>\n<meta name=\"robots\" content=\"index, follow, max-snippet:-1, max-image-preview:large, max-video-preview:-1\" \/>\n<link rel=\"canonical\" href=\"https:\/\/www.studiogatto.es\/ca\/reforma-completa\/\" \/>\n<meta property=\"og:locale\" content=\"ca_ES\" \/>\n<meta property=\"og:type\" content=\"article\" \/>\n<meta property=\"og:title\" content=\"Reforma completa en totes el espais d&#039;una casa\" \/>\n<meta property=\"og:description\" content=\"Reforma completa de tots els diferents espais de la casa. Es van derrocar les parets entre la cuina i el sal\u00f3-menjador per a unificar les estades.\" \/>\n<meta property=\"og:url\" content=\"https:\/\/www.studiogatto.es\/ca\/reforma-completa\/\" \/>\n<meta property=\"og:site_name\" content=\"Studio Gatto - Cuines i Banys\" \/>\n<meta property=\"article:publisher\" content=\"https:\/\/www.facebook.com\/studiogattocucine\" \/>\n<meta property=\"article:published_time\" content=\"2018-11-09T11:24:25+00:00\" \/>\n<meta property=\"article:modified_time\" content=\"2022-03-13T11:45:39+00:00\" \/>\n<meta property=\"og:image\" content=\"https:\/\/www.studiogatto.es\/wp-content\/uploads\/reforma-completa.png\" \/>\n\t<meta property=\"og:image:width\" content=\"300\" \/>\n\t<meta property=\"og:image:height\" content=\"167\" \/>\n\t<meta property=\"og:image:type\" content=\"image\/png\" \/>\n<meta name=\"author\" content=\"admin\" \/>\n<meta name=\"twitter:card\" content=\"summary_large_image\" \/>\n<meta name=\"twitter:creator\" content=\"@studiogattosl\" \/>\n<meta name=\"twitter:site\" content=\"@studiogattosl\" \/>\n<meta name=\"twitter:label1\" content=\"Escrit per\" \/>\n\t<meta name=\"twitter:data1\" content=\"admin\" \/>\n\t<meta name=\"twitter:label2\" content=\"Temps estimat de lectura\" \/>\n\t<meta name=\"twitter:data2\" content=\"3 minuts\" \/>\n<script type=\"application\/ld+json\" class=\"yoast-schema-graph\">{\"@context\":\"https:\\\/\\\/schema.org\",\"@graph\":[{\"@type\":\"Article\",\"@id\":\"https:\\\/\\\/www.studiogatto.es\\\/ca\\\/reforma-completa\\\/#article\",\"isPartOf\":{\"@id\":\"https:\\\/\\\/www.studiogatto.es\\\/ca\\\/reforma-completa\\\/\"},\"author\":{\"name\":\"admin\",\"@id\":\"https:\\\/\\\/www.studiogatto.es\\\/ca\\\/#\\\/schema\\\/person\\\/4f471391b1e5fad2f529637583f16c01\"},\"headline\":\"Reforma completa\",\"datePublished\":\"2018-11-09T11:24:25+00:00\",\"dateModified\":\"2022-03-13T11:45:39+00:00\",\"mainEntityOfPage\":{\"@id\":\"https:\\\/\\\/www.studiogatto.es\\\/ca\\\/reforma-completa\\\/\"},\"wordCount\":535,\"publisher\":{\"@id\":\"https:\\\/\\\/www.studiogatto.es\\\/ca\\\/#organization\"},\"image\":{\"@id\":\"https:\\\/\\\/www.studiogatto.es\\\/ca\\\/reforma-completa\\\/#primaryimage\"},\"thumbnailUrl\":\"https:\\\/\\\/www.studiogatto.es\\\/wp-content\\\/uploads\\\/reforma-completa.png\",\"articleSection\":[\"Projectes\"],\"inLanguage\":\"ca\"},{\"@type\":\"WebPage\",\"@id\":\"https:\\\/\\\/www.studiogatto.es\\\/ca\\\/reforma-completa\\\/\",\"url\":\"https:\\\/\\\/www.studiogatto.es\\\/ca\\\/reforma-completa\\\/\",\"name\":\"Reforma completa en totes el espais d'una casa\",\"isPartOf\":{\"@id\":\"https:\\\/\\\/www.studiogatto.es\\\/ca\\\/#website\"},\"primaryImageOfPage\":{\"@id\":\"https:\\\/\\\/www.studiogatto.es\\\/ca\\\/reforma-completa\\\/#primaryimage\"},\"image\":{\"@id\":\"https:\\\/\\\/www.studiogatto.es\\\/ca\\\/reforma-completa\\\/#primaryimage\"},\"thumbnailUrl\":\"https:\\\/\\\/www.studiogatto.es\\\/wp-content\\\/uploads\\\/reforma-completa.png\",\"datePublished\":\"2018-11-09T11:24:25+00:00\",\"dateModified\":\"2022-03-13T11:45:39+00:00\",\"description\":\"Reforma completa de tots els diferents espais de la casa. Es van derrocar les parets entre la cuina i el sal\u00f3-menjador per a unificar les estades.\",\"breadcrumb\":{\"@id\":\"https:\\\/\\\/www.studiogatto.es\\\/ca\\\/reforma-completa\\\/#breadcrumb\"},\"inLanguage\":\"ca\",\"potentialAction\":[{\"@type\":\"ReadAction\",\"target\":[\"https:\\\/\\\/www.studiogatto.es\\\/ca\\\/reforma-completa\\\/\"]}]},{\"@type\":\"ImageObject\",\"inLanguage\":\"ca\",\"@id\":\"https:\\\/\\\/www.studiogatto.es\\\/ca\\\/reforma-completa\\\/#primaryimage\",\"url\":\"https:\\\/\\\/www.studiogatto.es\\\/wp-content\\\/uploads\\\/reforma-completa.png\",\"contentUrl\":\"https:\\\/\\\/www.studiogatto.es\\\/wp-content\\\/uploads\\\/reforma-completa.png\",\"width\":300,\"height\":167,\"caption\":\"reforma-cocinas\"},{\"@type\":\"BreadcrumbList\",\"@id\":\"https:\\\/\\\/www.studiogatto.es\\\/ca\\\/reforma-completa\\\/#breadcrumb\",\"itemListElement\":[{\"@type\":\"ListItem\",\"position\":1,\"name\":\"Portada\",\"item\":\"https:\\\/\\\/www.studiogatto.es\\\/ca\\\/\"},{\"@type\":\"ListItem\",\"position\":2,\"name\":\"Reforma completa\"}]},{\"@type\":\"WebSite\",\"@id\":\"https:\\\/\\\/www.studiogatto.es\\\/ca\\\/#website\",\"url\":\"https:\\\/\\\/www.studiogatto.es\\\/ca\\\/\",\"name\":\"Studio Gatto - Cuines i Banys\",\"description\":\"Reformas integrales de Cocinas y ba\u00f1os. Interiorismo. Dise\u00f1o.\",\"publisher\":{\"@id\":\"https:\\\/\\\/www.studiogatto.es\\\/ca\\\/#organization\"},\"potentialAction\":[{\"@type\":\"SearchAction\",\"target\":{\"@type\":\"EntryPoint\",\"urlTemplate\":\"https:\\\/\\\/www.studiogatto.es\\\/ca\\\/?s={search_term_string}\"},\"query-input\":{\"@type\":\"PropertyValueSpecification\",\"valueRequired\":true,\"valueName\":\"search_term_string\"}}],\"inLanguage\":\"ca\"},{\"@type\":\"Organization\",\"@id\":\"https:\\\/\\\/www.studiogatto.es\\\/ca\\\/#organization\",\"name\":\"Studio Gatto\",\"url\":\"https:\\\/\\\/www.studiogatto.es\\\/ca\\\/\",\"logo\":{\"@type\":\"ImageObject\",\"inLanguage\":\"ca\",\"@id\":\"https:\\\/\\\/www.studiogatto.es\\\/ca\\\/#\\\/schema\\\/logo\\\/image\\\/\",\"url\":\"https:\\\/\\\/www.studiogatto.es\\\/wp-content\\\/uploads\\\/Nuevo-logotipo.jpg\",\"contentUrl\":\"https:\\\/\\\/www.studiogatto.es\\\/wp-content\\\/uploads\\\/Nuevo-logotipo.jpg\",\"width\":300,\"height\":167,\"caption\":\"Studio Gatto\"},\"image\":{\"@id\":\"https:\\\/\\\/www.studiogatto.es\\\/ca\\\/#\\\/schema\\\/logo\\\/image\\\/\"},\"sameAs\":[\"https:\\\/\\\/www.facebook.com\\\/studiogattocucine\",\"https:\\\/\\\/x.com\\\/studiogattosl\"]},{\"@type\":\"Person\",\"@id\":\"https:\\\/\\\/www.studiogatto.es\\\/ca\\\/#\\\/schema\\\/person\\\/4f471391b1e5fad2f529637583f16c01\",\"name\":\"admin\"}]}<\/script>\n<!-- \/ Yoast SEO plugin. -->","yoast_head_json":{"title":"Reforma completa en totes el espais d'una casa","description":"Reforma completa de tots els diferents espais de la casa. Es van derrocar les parets entre la cuina i el sal\u00f3-menjador per a unificar les estades.","robots":{"index":"index","follow":"follow","max-snippet":"max-snippet:-1","max-image-preview":"max-image-preview:large","max-video-preview":"max-video-preview:-1"},"canonical":"https:\/\/www.studiogatto.es\/ca\/reforma-completa\/","og_locale":"ca_ES","og_type":"article","og_title":"Reforma completa en totes el espais d'una casa","og_description":"Reforma completa de tots els diferents espais de la casa. Es van derrocar les parets entre la cuina i el sal\u00f3-menjador per a unificar les estades.","og_url":"https:\/\/www.studiogatto.es\/ca\/reforma-completa\/","og_site_name":"Studio Gatto - Cuines i Banys","article_publisher":"https:\/\/www.facebook.com\/studiogattocucine","article_published_time":"2018-11-09T11:24:25+00:00","article_modified_time":"2022-03-13T11:45:39+00:00","og_image":[{"width":300,"height":167,"url":"https:\/\/www.studiogatto.es\/wp-content\/uploads\/reforma-completa.png","type":"image\/png"}],"author":"admin","twitter_card":"summary_large_image","twitter_creator":"@studiogattosl","twitter_site":"@studiogattosl","twitter_misc":{"Escrit per":"admin","Temps estimat de lectura":"3 minuts"},"schema":{"@context":"https:\/\/schema.org","@graph":[{"@type":"Article","@id":"https:\/\/www.studiogatto.es\/ca\/reforma-completa\/#article","isPartOf":{"@id":"https:\/\/www.studiogatto.es\/ca\/reforma-completa\/"},"author":{"name":"admin","@id":"https:\/\/www.studiogatto.es\/ca\/#\/schema\/person\/4f471391b1e5fad2f529637583f16c01"},"headline":"Reforma completa","datePublished":"2018-11-09T11:24:25+00:00","dateModified":"2022-03-13T11:45:39+00:00","mainEntityOfPage":{"@id":"https:\/\/www.studiogatto.es\/ca\/reforma-completa\/"},"wordCount":535,"publisher":{"@id":"https:\/\/www.studiogatto.es\/ca\/#organization"},"image":{"@id":"https:\/\/www.studiogatto.es\/ca\/reforma-completa\/#primaryimage"},"thumbnailUrl":"https:\/\/www.studiogatto.es\/wp-content\/uploads\/reforma-completa.png","articleSection":["Projectes"],"inLanguage":"ca"},{"@type":"WebPage","@id":"https:\/\/www.studiogatto.es\/ca\/reforma-completa\/","url":"https:\/\/www.studiogatto.es\/ca\/reforma-completa\/","name":"Reforma completa en totes el espais d'una casa","isPartOf":{"@id":"https:\/\/www.studiogatto.es\/ca\/#website"},"primaryImageOfPage":{"@id":"https:\/\/www.studiogatto.es\/ca\/reforma-completa\/#primaryimage"},"image":{"@id":"https:\/\/www.studiogatto.es\/ca\/reforma-completa\/#primaryimage"},"thumbnailUrl":"https:\/\/www.studiogatto.es\/wp-content\/uploads\/reforma-completa.png","datePublished":"2018-11-09T11:24:25+00:00","dateModified":"2022-03-13T11:45:39+00:00","description":"Reforma completa de tots els diferents espais de la casa. Es van derrocar les parets entre la cuina i el sal\u00f3-menjador per a unificar les estades.","breadcrumb":{"@id":"https:\/\/www.studiogatto.es\/ca\/reforma-completa\/#breadcrumb"},"inLanguage":"ca","potentialAction":[{"@type":"ReadAction","target":["https:\/\/www.studiogatto.es\/ca\/reforma-completa\/"]}]},{"@type":"ImageObject","inLanguage":"ca","@id":"https:\/\/www.studiogatto.es\/ca\/reforma-completa\/#primaryimage","url":"https:\/\/www.studiogatto.es\/wp-content\/uploads\/reforma-completa.png","contentUrl":"https:\/\/www.studiogatto.es\/wp-content\/uploads\/reforma-completa.png","width":300,"height":167,"caption":"reforma-cocinas"},{"@type":"BreadcrumbList","@id":"https:\/\/www.studiogatto.es\/ca\/reforma-completa\/#breadcrumb","itemListElement":[{"@type":"ListItem","position":1,"name":"Portada","item":"https:\/\/www.studiogatto.es\/ca\/"},{"@type":"ListItem","position":2,"name":"Reforma completa"}]},{"@type":"WebSite","@id":"https:\/\/www.studiogatto.es\/ca\/#website","url":"https:\/\/www.studiogatto.es\/ca\/","name":"Studio Gatto - Cuines i Banys","description":"Reformas integrales de Cocinas y ba\u00f1os. Interiorismo. Dise\u00f1o.","publisher":{"@id":"https:\/\/www.studiogatto.es\/ca\/#organization"},"potentialAction":[{"@type":"SearchAction","target":{"@type":"EntryPoint","urlTemplate":"https:\/\/www.studiogatto.es\/ca\/?s={search_term_string}"},"query-input":{"@type":"PropertyValueSpecification","valueRequired":true,"valueName":"search_term_string"}}],"inLanguage":"ca"},{"@type":"Organization","@id":"https:\/\/www.studiogatto.es\/ca\/#organization","name":"Studio Gatto","url":"https:\/\/www.studiogatto.es\/ca\/","logo":{"@type":"ImageObject","inLanguage":"ca","@id":"https:\/\/www.studiogatto.es\/ca\/#\/schema\/logo\/image\/","url":"https:\/\/www.studiogatto.es\/wp-content\/uploads\/Nuevo-logotipo.jpg","contentUrl":"https:\/\/www.studiogatto.es\/wp-content\/uploads\/Nuevo-logotipo.jpg","width":300,"height":167,"caption":"Studio Gatto"},"image":{"@id":"https:\/\/www.studiogatto.es\/ca\/#\/schema\/logo\/image\/"},"sameAs":["https:\/\/www.facebook.com\/studiogattocucine","https:\/\/x.com\/studiogattosl"]},{"@type":"Person","@id":"https:\/\/www.studiogatto.es\/ca\/#\/schema\/person\/4f471391b1e5fad2f529637583f16c01","name":"admin"}]}},"_links":{"self":[{"href":"https:\/\/www.studiogatto.es\/ca\/wp-json\/wp\/v2\/posts\/10104","targetHints":{"allow":["GET"]}}],"collection":[{"href":"https:\/\/www.studiogatto.es\/ca\/wp-json\/wp\/v2\/posts"}],"about":[{"href":"https:\/\/www.studiogatto.es\/ca\/wp-json\/wp\/v2\/types\/post"}],"author":[{"embeddable":true,"href":"https:\/\/www.studiogatto.es\/ca\/wp-json\/wp\/v2\/users\/1"}],"replies":[{"embeddable":true,"href":"https:\/\/www.studiogatto.es\/ca\/wp-json\/wp\/v2\/comments?post=10104"}],"version-history":[{"count":0,"href":"https:\/\/www.studiogatto.es\/ca\/wp-json\/wp\/v2\/posts\/10104\/revisions"}],"wp:featuredmedia":[{"embeddable":true,"href":"https:\/\/www.studiogatto.es\/ca\/wp-json\/wp\/v2\/media\/8042"}],"wp:attachment":[{"href":"https:\/\/www.studiogatto.es\/ca\/wp-json\/wp\/v2\/media?parent=10104"}],"wp:term":[{"taxonomy":"category","embeddable":true,"href":"https:\/\/www.studiogatto.es\/ca\/wp-json\/wp\/v2\/categories?post=10104"},{"taxonomy":"post_tag","embeddable":true,"href":"https:\/\/www.studiogatto.es\/ca\/wp-json\/wp\/v2\/tags?post=10104"}],"curies":[{"name":"wp","href":"https:\/\/api.w.org\/{rel}","templated":true}]}}